{"id":42533,"date":"2025-04-06T07:43:46","date_gmt":"2025-04-06T07:43:46","guid":{"rendered":"https:\/\/www.achimbrueckner.de\/dxradio\/php\/wordpress\/?p=42533"},"modified":"2025-04-06T07:43:46","modified_gmt":"2025-04-06T07:43:46","slug":"abschaltung-von-radio-liechtenstein-ein-kapitel-endet","status":"publish","type":"post","link":"https:\/\/www.achimbrueckner.de\/dxradio\/php\/wordpress\/?p=42533","title":{"rendered":"Abschaltung von Radio Liechtenstein: Ein Kapitel endet"},"content":{"rendered":"<p><a href=\"https:\/\/www.radiowoche.de\/abschaltung-von-radio-liechtenstein-ein-kapitel-endet\/\" target=\"_blank\">https:\/\/www.radiowoche.de\/abschaltung-von-radio-liechtenstein-ein-kapitel-endet\/<\/a><\/p>\n","protected":false},"excerpt":{"rendered":"<p>https:\/\/www.radiowoche.de\/abschaltung-von-radio-liechtenstein-ein-kapitel-endet\/<\/p>\n","protected":false},"author":1,"featured_media":0,"comment_status":"closed","ping_status":"open","sticky":false,"template":"","format":"standard","meta":{"_jetpack_memberships_contains_paid_content":false,"footnotes":"","jetpack_publicize_message":"","jetpack_publicize_feature_enabled":true,"jetpack_social_post_already_shared":true,"jetpack_social_options":{"image_generator_settings":{"template":"highway","default_image_id":0,"font":"","enabled":false},"version":2}},"categories":[1],"tags":[],"class_list":["post-42533","post","type-post","status-publish","format-standard","hentry","category-deutsch"],"jetpack_publicize_connections":[],"jetpack_featured_media_url":"","jetpack_sharing_enabled":true,"jetpack_shortlink":"https:\/\/wp.me\/p5CDmr-b41","jetpack-related-posts":[{"id":7103,"url":"https:\/\/www.achimbrueckner.de\/dxradio\/php\/wordpress\/?p=7103","url_meta":{"origin":42533,"position":0},"title":"In SH endet ein Jahrhundertkapitel der Radiogeschichte","author":"Administrator","date":"December 30, 2015","format":false,"excerpt":"http:\/\/www.shz.de\/schleswig-holstein\/panorama\/in-sh-endet-ein-jahrhundert-kapitel-der-radiogeschichte-id12324851.html","rel":"","context":"In &quot;Deutsch&quot;","block_context":{"text":"Deutsch","link":"https:\/\/www.achimbrueckner.de\/dxradio\/php\/wordpress\/?cat=1"},"img":{"alt_text":"","src":"","width":0,"height":0},"classes":[]},{"id":43740,"url":"https:\/\/www.achimbrueckner.de\/dxradio\/php\/wordpress\/?p=43740","url_meta":{"origin":42533,"position":1},"title":"Radio Mixtape: Ein neues Kapitel f\u00fcr den NRW-Lokalfunk","author":"Administrator","date":"September 6, 2025","format":false,"excerpt":"https:\/\/www.radiowoche.de\/radio-mixtape-ein-neues-kapitel-fuer-den-nrw-lokalfunk\/","rel":"","context":"In &quot;Deutsch&quot;","block_context":{"text":"Deutsch","link":"https:\/\/www.achimbrueckner.de\/dxradio\/php\/wordpress\/?cat=1"},"img":{"alt_text":"","src":"","width":0,"height":0},"classes":[]},{"id":42439,"url":"https:\/\/www.achimbrueckner.de\/dxradio\/php\/wordpress\/?p=42439","url_meta":{"origin":42533,"position":2},"title":"Liechtenstein: Privatisierung von Radio Liechtenstein braucht mehr Zeit","author":"Administrator","date":"March 26, 2025","format":false,"excerpt":"https:\/\/www.radioblog.eu\/2025\/03\/26\/liechtenstein-privatisierung-von-radio-liechtenstein-braucht-mehr-zeit\/","rel":"","context":"In &quot;Deutsch&quot;","block_context":{"text":"Deutsch","link":"https:\/\/www.achimbrueckner.de\/dxradio\/php\/wordpress\/?cat=1"},"img":{"alt_text":"","src":"","width":0,"height":0},"classes":[]},{"id":5794,"url":"https:\/\/www.achimbrueckner.de\/dxradio\/php\/wordpress\/?p=5794","url_meta":{"origin":42533,"position":3},"title":"Klassik Radio l\u00e4utet Abschaltung von UKW in Deutschland ein","author":"Administrator","date":"September 3, 2015","format":false,"excerpt":"http:\/\/www.teltarif.de\/klassik-radio-wechsel-auf-dab-dabplus\/news\/60929.html","rel":"","context":"In &quot;Deutsch&quot;","block_context":{"text":"Deutsch","link":"https:\/\/www.achimbrueckner.de\/dxradio\/php\/wordpress\/?cat=1"},"img":{"alt_text":"","src":"","width":0,"height":0},"classes":[]},{"id":42505,"url":"https:\/\/www.achimbrueckner.de\/dxradio\/php\/wordpress\/?p=42505","url_meta":{"origin":42533,"position":4},"title":"Radio Liechtenstein stellt Sendebetrieb ein","author":"Administrator","date":"April 2, 2025","format":false,"excerpt":"https:\/\/www.radioszene.de\/201571\/radio-liechtenstein-wird-eingestellt.html","rel":"","context":"In &quot;Deutsch&quot;","block_context":{"text":"Deutsch","link":"https:\/\/www.achimbrueckner.de\/dxradio\/php\/wordpress\/?cat=1"},"img":{"alt_text":"","src":"","width":0,"height":0},"classes":[]},{"id":29738,"url":"https:\/\/www.achimbrueckner.de\/dxradio\/php\/wordpress\/?p=29738","url_meta":{"origin":42533,"position":5},"title":"Radio. Menschen und Geschichten am 16. August 2020","author":"Administrator","date":"August 12, 2020","format":false,"excerpt":"Werte H\u00f6rende, Kleider machen Leute, Ereignisse machen Sendungen. Nach l\u00e4ngerer Pause treibt es das Rundfunkballett Eifel wieder auf die Bretter, die die Welt bedeuten. Da Ballett im Radio \u00e4hnlich spannend ist, wie Zeitunglesen unter Wasser, verdingen sich die Prachtelf:Innen dieses H\u00f6rfunkelaborats sprechenderweise an kommenden Sonntag (16.08.2020) Hier schon mal 2\u2026","rel":"","context":"In &quot;Deutsch&quot;","block_context":{"text":"Deutsch","link":"https:\/\/www.achimbrueckner.de\/dxradio\/php\/wordpress\/?cat=1"},"img":{"alt_text":"","src":"","width":0,"height":0},"classes":[]}],"_links":{"self":[{"href":"https:\/\/www.achimbrueckner.de\/dxradio\/php\/wordpress\/index.php?rest_route=\/wp\/v2\/posts\/42533","targetHints":{"allow":["GET"]}}],"collection":[{"href":"https:\/\/www.achimbrueckner.de\/dxradio\/php\/wordpress\/index.php?rest_route=\/wp\/v2\/posts"}],"about":[{"href":"https:\/\/www.achimbrueckner.de\/dxradio\/php\/wordpress\/index.php?rest_route=\/wp\/v2\/types\/post"}],"author":[{"embeddable":true,"href":"https:\/\/www.achimbrueckner.de\/dxradio\/php\/wordpress\/index.php?rest_route=\/wp\/v2\/users\/1"}],"replies":[{"embeddable":true,"href":"https:\/\/www.achimbrueckner.de\/dxradio\/php\/wordpress\/index.php?rest_route=%2Fwp%2Fv2%2Fcomments&post=42533"}],"version-history":[{"count":0,"href":"https:\/\/www.achimbrueckner.de\/dxradio\/php\/wordpress\/index.php?rest_route=\/wp\/v2\/posts\/42533\/revisions"}],"wp:attachment":[{"href":"https:\/\/www.achimbrueckner.de\/dxradio\/php\/wordpress\/index.php?rest_route=%2Fwp%2Fv2%2Fmedia&parent=42533"}],"wp:term":[{"taxonomy":"category","embeddable":true,"href":"https:\/\/www.achimbrueckner.de\/dxradio\/php\/wordpress\/index.php?rest_route=%2Fwp%2Fv2%2Fcategories&post=42533"},{"taxonomy":"post_tag","embeddable":true,"href":"https:\/\/www.achimbrueckner.de\/dxradio\/php\/wordpress\/index.php?rest_route=%2Fwp%2Fv2%2Ftags&post=42533"}],"curies":[{"name":"wp","href":"https:\/\/api.w.org\/{rel}","templated":true}]}}