{"id":42538,"date":"2025-04-07T15:05:45","date_gmt":"2025-04-07T15:05:45","guid":{"rendered":"https:\/\/www.achimbrueckner.de\/dxradio\/php\/wordpress\/?p=42538"},"modified":"2025-04-07T15:05:45","modified_gmt":"2025-04-07T15:05:45","slug":"freies-radio-stuttgart-ukw-lizenz-bis-ende-2032-verlangert","status":"publish","type":"post","link":"https:\/\/www.achimbrueckner.de\/dxradio\/php\/wordpress\/?p=42538","title":{"rendered":"Freies Radio Stuttgart: UKW-Lizenz bis Ende 2032 verl\u00e4ngert"},"content":{"rendered":"<p><a href=\"https:\/\/www.radioblog.eu\/2025\/04\/07\/freies-radio-stuttgart-ukw-lizenz-bis-ende-2032-verlaengert\/\" target=\"_blank\">https:\/\/www.radioblog.eu\/2025\/04\/07\/freies-radio-stuttgart-ukw-lizenz-bis-ende-2032-verlaengert\/<\/a><\/p>\n","protected":false},"excerpt":{"rendered":"<p>https:\/\/www.radioblog.eu\/2025\/04\/07\/freies-radio-stuttgart-ukw-lizenz-bis-ende-2032-verlaengert\/<\/p>\n","protected":false},"author":1,"featured_media":0,"comment_status":"closed","ping_status":"open","sticky":false,"template":"","format":"standard","meta":{"_jetpack_memberships_contains_paid_content":false,"footnotes":"","jetpack_publicize_message":"","jetpack_publicize_feature_enabled":true,"jetpack_social_post_already_shared":true,"jetpack_social_options":{"image_generator_settings":{"template":"highway","default_image_id":0,"font":"","enabled":false},"version":2}},"categories":[1],"tags":[],"class_list":["post-42538","post","type-post","status-publish","format-standard","hentry","category-deutsch"],"jetpack_publicize_connections":[],"jetpack_featured_media_url":"","jetpack_sharing_enabled":true,"jetpack_shortlink":"https:\/\/wp.me\/p5CDmr-b46","jetpack-related-posts":[{"id":10302,"url":"https:\/\/www.achimbrueckner.de\/dxradio\/php\/wordpress\/?p=10302","url_meta":{"origin":42538,"position":0},"title":"Lizenz f\u00fcr Freies Radio Neum\u00fcnster","author":"Administrator","date":"September 8, 2016","format":false,"excerpt":"http:\/\/www.radiowoche.de\/lizenz-fuer-freies-radio-neumuenster\/","rel":"","context":"In &quot;Deutsch&quot;","block_context":{"text":"Deutsch","link":"https:\/\/www.achimbrueckner.de\/dxradio\/php\/wordpress\/?cat=1"},"img":{"alt_text":"","src":"","width":0,"height":0},"classes":[]},{"id":26286,"url":"https:\/\/www.achimbrueckner.de\/dxradio\/php\/wordpress\/?p=26286","url_meta":{"origin":42538,"position":1},"title":"Schwarzer Tag f\u00fcr die Medienfreiheit in Ungarn","author":"Administrator","date":"December 21, 2019","format":false,"excerpt":"Heute ist ein weiterer schwarzer Tag f\u00fcr die Medienfreiheit in Ungarn. Das selbstverwaltete, nichtkommerzielle CIVIL R\u00c1DI\u00d3 - FM 98 muss heute Nacht zum Sonntag um 2 Uhr nach 25 Jahren seine UKW-Frequenz 98,0 MHz in Budapest aufgeben und im Internet weitersenden. Die Medienbeh\u00f6rde hatte die UKW-Lizenz nicht verl\u00e4ngert. Damit wird\u2026","rel":"","context":"In &quot;Deutsch&quot;","block_context":{"text":"Deutsch","link":"https:\/\/www.achimbrueckner.de\/dxradio\/php\/wordpress\/?cat=1"},"img":{"alt_text":"","src":"","width":0,"height":0},"classes":[]},{"id":40541,"url":"https:\/\/www.achimbrueckner.de\/dxradio\/php\/wordpress\/?p=40541","url_meta":{"origin":42538,"position":2},"title":"Kompromiss: UKW in Bayern bis mindestens 2032","author":"Administrator","date":"November 22, 2023","format":false,"excerpt":"https:\/\/www.teltarif.de\/ukw-bayern-verlaengerung-digitalradio-radio\/news\/93766.html","rel":"","context":"In &quot;Deutsch&quot;","block_context":{"text":"Deutsch","link":"https:\/\/www.achimbrueckner.de\/dxradio\/php\/wordpress\/?cat=1"},"img":{"alt_text":"","src":"","width":0,"height":0},"classes":[]},{"id":34687,"url":"https:\/\/www.achimbrueckner.de\/dxradio\/php\/wordpress\/?p=34687","url_meta":{"origin":42538,"position":3},"title":"ARD: UKW-Ausstieg bis sp\u00e4testens 2032","author":"Administrator","date":"February 21, 2022","format":false,"excerpt":"https:\/\/www.teltarif.de\/ard-ukw-abschaltung-dab-plus-radio\/news\/87299.html","rel":"","context":"In &quot;Deutsch&quot;","block_context":{"text":"Deutsch","link":"https:\/\/www.achimbrueckner.de\/dxradio\/php\/wordpress\/?cat=1"},"img":{"alt_text":"","src":"","width":0,"height":0},"classes":[]},{"id":42421,"url":"https:\/\/www.achimbrueckner.de\/dxradio\/php\/wordpress\/?p=42421","url_meta":{"origin":42538,"position":4},"title":"BaW\u00fc: Radios k\u00f6nnen bis 2032 auf DAB+ und UKW senden","author":"Administrator","date":"March 23, 2025","format":false,"excerpt":"https:\/\/www.teltarif.de\/radio-dabplus-ukw-baden-wuerttemberg\/news\/98160.html","rel":"","context":"In &quot;Deutsch&quot;","block_context":{"text":"Deutsch","link":"https:\/\/www.achimbrueckner.de\/dxradio\/php\/wordpress\/?cat=1"},"img":{"alt_text":"","src":"","width":0,"height":0},"classes":[]},{"id":26318,"url":"https:\/\/www.achimbrueckner.de\/dxradio\/php\/wordpress\/?p=26318","url_meta":{"origin":42538,"position":5},"title":"Freies Radio in Budapest verliert UKW-Frequenz","author":"Administrator","date":"December 23, 2019","format":false,"excerpt":"http:\/\/www.radiowoche.de\/freies-radio-in-budapest-verliert-ukw-frequenz\/","rel":"","context":"In &quot;Deutsch&quot;","block_context":{"text":"Deutsch","link":"https:\/\/www.achimbrueckner.de\/dxradio\/php\/wordpress\/?cat=1"},"img":{"alt_text":"","src":"","width":0,"height":0},"classes":[]}],"_links":{"self":[{"href":"https:\/\/www.achimbrueckner.de\/dxradio\/php\/wordpress\/index.php?rest_route=\/wp\/v2\/posts\/42538","targetHints":{"allow":["GET"]}}],"collection":[{"href":"https:\/\/www.achimbrueckner.de\/dxradio\/php\/wordpress\/index.php?rest_route=\/wp\/v2\/posts"}],"about":[{"href":"https:\/\/www.achimbrueckner.de\/dxradio\/php\/wordpress\/index.php?rest_route=\/wp\/v2\/types\/post"}],"author":[{"embeddable":true,"href":"https:\/\/www.achimbrueckner.de\/dxradio\/php\/wordpress\/index.php?rest_route=\/wp\/v2\/users\/1"}],"replies":[{"embeddable":true,"href":"https:\/\/www.achimbrueckner.de\/dxradio\/php\/wordpress\/index.php?rest_route=%2Fwp%2Fv2%2Fcomments&post=42538"}],"version-history":[{"count":0,"href":"https:\/\/www.achimbrueckner.de\/dxradio\/php\/wordpress\/index.php?rest_route=\/wp\/v2\/posts\/42538\/revisions"}],"wp:attachment":[{"href":"https:\/\/www.achimbrueckner.de\/dxradio\/php\/wordpress\/index.php?rest_route=%2Fwp%2Fv2%2Fmedia&parent=42538"}],"wp:term":[{"taxonomy":"category","embeddable":true,"href":"https:\/\/www.achimbrueckner.de\/dxradio\/php\/wordpress\/index.php?rest_route=%2Fwp%2Fv2%2Fcategories&post=42538"},{"taxonomy":"post_tag","embeddable":true,"href":"https:\/\/www.achimbrueckner.de\/dxradio\/php\/wordpress\/index.php?rest_route=%2Fwp%2Fv2%2Ftags&post=42538"}],"curies":[{"name":"wp","href":"https:\/\/api.w.org\/{rel}","templated":true}]}}