{"id":42566,"date":"2025-04-10T15:05:12","date_gmt":"2025-04-10T15:05:12","guid":{"rendered":"https:\/\/www.achimbrueckner.de\/dxradio\/php\/wordpress\/?p=42566"},"modified":"2025-04-10T15:05:12","modified_gmt":"2025-04-10T15:05:12","slug":"dab-studie-2025-mindestens-15-millionen-digitalradios-in-osterreich","status":"publish","type":"post","link":"https:\/\/www.achimbrueckner.de\/dxradio\/php\/wordpress\/?p=42566","title":{"rendered":"DAB+ Studie 2025: Mindestens 1,5 Millionen Digitalradios in \u00d6sterreich"},"content":{"rendered":"<p><a href=\"https:\/\/www.radioszene.de\/201869\/dab-studie-2025-oesterreich.html\" target=\"_blank\">https:\/\/www.radioszene.de\/201869\/dab-studie-2025-oesterreich.html<\/a><\/p>\n","protected":false},"excerpt":{"rendered":"<p>https:\/\/www.radioszene.de\/201869\/dab-studie-2025-oesterreich.html<\/p>\n","protected":false},"author":1,"featured_media":0,"comment_status":"closed","ping_status":"open","sticky":false,"template":"","format":"standard","meta":{"_jetpack_memberships_contains_paid_content":false,"footnotes":"","jetpack_publicize_message":"","jetpack_publicize_feature_enabled":true,"jetpack_social_post_already_shared":true,"jetpack_social_options":{"image_generator_settings":{"template":"highway","default_image_id":0,"font":"","enabled":false},"version":2}},"categories":[1],"tags":[],"class_list":["post-42566","post","type-post","status-publish","format-standard","hentry","category-deutsch"],"jetpack_publicize_connections":[],"jetpack_featured_media_url":"","jetpack_sharing_enabled":true,"jetpack_shortlink":"https:\/\/wp.me\/p5CDmr-b4y","jetpack-related-posts":[{"id":41383,"url":"https:\/\/www.achimbrueckner.de\/dxradio\/php\/wordpress\/?p=41383","url_meta":{"origin":42566,"position":0},"title":"Gro\u00dfer DAB+ Sendestart in \u00d6sterreich mit 28 neuen Programmen","author":"Administrator","date":"June 20, 2024","format":false,"excerpt":"https:\/\/www.radioszene.de\/188254\/dab-sendestart-oesterreich.html","rel":"","context":"In &quot;Deutsch&quot;","block_context":{"text":"Deutsch","link":"https:\/\/www.achimbrueckner.de\/dxradio\/php\/wordpress\/?cat=1"},"img":{"alt_text":"","src":"","width":0,"height":0},"classes":[]},{"id":2969,"url":"https:\/\/www.achimbrueckner.de\/dxradio\/php\/wordpress\/?p=2969","url_meta":{"origin":42566,"position":1},"title":"Digitalradio-Studie: DAB+ unverzichtbar \u2013 LTE 40 mal teurer","author":"Administrator","date":"March 11, 2014","format":false,"excerpt":"http:\/\/www.radioszene.de\/66034\/digitalradio-studie-dab-unverzichtbar-lte-40-mal-teurer.html","rel":"","context":"In &quot;Deutsch&quot;","block_context":{"text":"Deutsch","link":"https:\/\/www.achimbrueckner.de\/dxradio\/php\/wordpress\/?cat=1"},"img":{"alt_text":"","src":"","width":0,"height":0},"classes":[]},{"id":30769,"url":"https:\/\/www.achimbrueckner.de\/dxradio\/php\/wordpress\/?p=30769","url_meta":{"origin":42566,"position":2},"title":"BBC-Studie: DAB+ hat den geringsten Energieverbrauch","author":"Administrator","date":"November 10, 2020","format":false,"excerpt":"https:\/\/www.radioszene.de\/149461\/dab-digitalradio-energieverbrauch.html","rel":"","context":"In &quot;Deutsch&quot;","block_context":{"text":"Deutsch","link":"https:\/\/www.achimbrueckner.de\/dxradio\/php\/wordpress\/?cat=1"},"img":{"alt_text":"","src":"","width":0,"height":0},"classes":[]},{"id":39210,"url":"https:\/\/www.achimbrueckner.de\/dxradio\/php\/wordpress\/?p=39210","url_meta":{"origin":42566,"position":3},"title":"Neue Goldmedia-Studie \u00fcber DAB+ Regio in NRW: \u201eUns rennt die Zeit davon\u201c","author":"Administrator","date":"April 3, 2023","format":false,"excerpt":"https:\/\/www.radioszene.de\/173212\/goldmedia-studie-duesseldorf-lfm-nrw-dab.html","rel":"","context":"In &quot;Deutsch&quot;","block_context":{"text":"Deutsch","link":"https:\/\/www.achimbrueckner.de\/dxradio\/php\/wordpress\/?cat=1"},"img":{"alt_text":"","src":"","width":0,"height":0},"classes":[]},{"id":44308,"url":"https:\/\/www.achimbrueckner.de\/dxradio\/php\/wordpress\/?p=44308","url_meta":{"origin":42566,"position":4},"title":"JIM-Studie 2025: Regelm\u00e4\u00dfiges Radioh\u00f6ren leicht r\u00fcckl\u00e4ufig","author":"Administrator","date":"November 17, 2025","format":false,"excerpt":"https:\/\/www.radioszene.de\/207944\/jim-studie-2025.html","rel":"","context":"In &quot;Deutsch&quot;","block_context":{"text":"Deutsch","link":"https:\/\/www.achimbrueckner.de\/dxradio\/php\/wordpress\/?cat=1"},"img":{"alt_text":"","src":"","width":0,"height":0},"classes":[]},{"id":19336,"url":"https:\/\/www.achimbrueckner.de\/dxradio\/php\/wordpress\/?p=19336","url_meta":{"origin":42566,"position":5},"title":"Studie best\u00e4tigt: Jetzt in NRW auch auf DAB+ setzen","author":"Administrator","date":"September 28, 2018","format":false,"excerpt":"https:\/\/www.dabplus.de\/2018\/09\/28\/studie-bestaetigt-jetzt-in-nrw-auch-auf-dab-setzen\/","rel":"","context":"In &quot;Deutsch&quot;","block_context":{"text":"Deutsch","link":"https:\/\/www.achimbrueckner.de\/dxradio\/php\/wordpress\/?cat=1"},"img":{"alt_text":"","src":"","width":0,"height":0},"classes":[]}],"_links":{"self":[{"href":"https:\/\/www.achimbrueckner.de\/dxradio\/php\/wordpress\/index.php?rest_route=\/wp\/v2\/posts\/42566","targetHints":{"allow":["GET"]}}],"collection":[{"href":"https:\/\/www.achimbrueckner.de\/dxradio\/php\/wordpress\/index.php?rest_route=\/wp\/v2\/posts"}],"about":[{"href":"https:\/\/www.achimbrueckner.de\/dxradio\/php\/wordpress\/index.php?rest_route=\/wp\/v2\/types\/post"}],"author":[{"embeddable":true,"href":"https:\/\/www.achimbrueckner.de\/dxradio\/php\/wordpress\/index.php?rest_route=\/wp\/v2\/users\/1"}],"replies":[{"embeddable":true,"href":"https:\/\/www.achimbrueckner.de\/dxradio\/php\/wordpress\/index.php?rest_route=%2Fwp%2Fv2%2Fcomments&post=42566"}],"version-history":[{"count":0,"href":"https:\/\/www.achimbrueckner.de\/dxradio\/php\/wordpress\/index.php?rest_route=\/wp\/v2\/posts\/42566\/revisions"}],"wp:attachment":[{"href":"https:\/\/www.achimbrueckner.de\/dxradio\/php\/wordpress\/index.php?rest_route=%2Fwp%2Fv2%2Fmedia&parent=42566"}],"wp:term":[{"taxonomy":"category","embeddable":true,"href":"https:\/\/www.achimbrueckner.de\/dxradio\/php\/wordpress\/index.php?rest_route=%2Fwp%2Fv2%2Fcategories&post=42566"},{"taxonomy":"post_tag","embeddable":true,"href":"https:\/\/www.achimbrueckner.de\/dxradio\/php\/wordpress\/index.php?rest_route=%2Fwp%2Fv2%2Ftags&post=42566"}],"curies":[{"name":"wp","href":"https:\/\/api.w.org\/{rel}","templated":true}]}}