{"id":42595,"date":"2025-04-15T15:18:34","date_gmt":"2025-04-15T15:18:34","guid":{"rendered":"https:\/\/www.achimbrueckner.de\/dxradio\/php\/wordpress\/?p=42595"},"modified":"2025-04-15T15:18:34","modified_gmt":"2025-04-15T15:18:34","slug":"niederlande-aus-grand-prix-radio-wird-jouw-sportradio","status":"publish","type":"post","link":"https:\/\/www.achimbrueckner.de\/dxradio\/php\/wordpress\/?p=42595","title":{"rendered":"Niederlande: Aus Grand Prix Radio wird Jouw Sportradio"},"content":{"rendered":"<p><a href=\"https:\/\/www.radioblog.eu\/2025\/04\/15\/niederlande-aus-grand-prix-radio-wird-jouw-sportradio\/\" target=\"_blank\">https:\/\/www.radioblog.eu\/2025\/04\/15\/niederlande-aus-grand-prix-radio-wird-jouw-sportradio\/<\/a><\/p>\n","protected":false},"excerpt":{"rendered":"<p>https:\/\/www.radioblog.eu\/2025\/04\/15\/niederlande-aus-grand-prix-radio-wird-jouw-sportradio\/<\/p>\n","protected":false},"author":1,"featured_media":0,"comment_status":"closed","ping_status":"open","sticky":false,"template":"","format":"standard","meta":{"_jetpack_memberships_contains_paid_content":false,"footnotes":"","jetpack_publicize_message":"","jetpack_publicize_feature_enabled":true,"jetpack_social_post_already_shared":true,"jetpack_social_options":{"image_generator_settings":{"template":"highway","default_image_id":0,"font":"","enabled":false},"version":2}},"categories":[1],"tags":[],"class_list":["post-42595","post","type-post","status-publish","format-standard","hentry","category-deutsch"],"jetpack_publicize_connections":[],"jetpack_featured_media_url":"","jetpack_sharing_enabled":true,"jetpack_shortlink":"https:\/\/wp.me\/p5CDmr-b51","jetpack-related-posts":[{"id":43001,"url":"https:\/\/www.achimbrueckner.de\/dxradio\/php\/wordpress\/?p=43001","url_meta":{"origin":42595,"position":0},"title":"Niederlande: Grand Prix Radio \u00fcbertr\u00e4gt U21-Fu\u00dfball-EM","author":"Administrator","date":"June 11, 2025","format":false,"excerpt":"https:\/\/www.radioblog.eu\/2025\/06\/11\/niederlande-grand-prix-radio-uebertraegt-u21-fussball-em\/","rel":"","context":"In &quot;Deutsch&quot;","block_context":{"text":"Deutsch","link":"https:\/\/www.achimbrueckner.de\/dxradio\/php\/wordpress\/?cat=1"},"img":{"alt_text":"","src":"","width":0,"height":0},"classes":[]},{"id":38276,"url":"https:\/\/www.achimbrueckner.de\/dxradio\/php\/wordpress\/?p=38276","url_meta":{"origin":42595,"position":1},"title":"Sportradio Deutschland wird eingestellt","author":"Administrator","date":"December 20, 2022","format":false,"excerpt":"https:\/\/www.radioblog.eu\/2022\/12\/19\/sportradio-deutschland-wird-eingestellt\/","rel":"","context":"In &quot;Deutsch&quot;","block_context":{"text":"Deutsch","link":"https:\/\/www.achimbrueckner.de\/dxradio\/php\/wordpress\/?cat=1"},"img":{"alt_text":"","src":"","width":0,"height":0},"classes":[]},{"id":38628,"url":"https:\/\/www.achimbrueckner.de\/dxradio\/php\/wordpress\/?p=38628","url_meta":{"origin":42595,"position":2},"title":"WGH-AM: Wirtschaftskanal wird zum Sportradio","author":"Administrator","date":"January 18, 2023","format":false,"excerpt":"https:\/\/www.radioblog.eu\/2023\/01\/17\/wgh-am-wirtschaftskanal-wird-zum-sportradio\/","rel":"","context":"In &quot;Deutsch&quot;","block_context":{"text":"Deutsch","link":"https:\/\/www.achimbrueckner.de\/dxradio\/php\/wordpress\/?cat=1"},"img":{"alt_text":"","src":"","width":0,"height":0},"classes":[]},{"id":26446,"url":"https:\/\/www.achimbrueckner.de\/dxradio\/php\/wordpress\/?p=26446","url_meta":{"origin":42595,"position":3},"title":"Radionachrichten aus Europa: Sportradio startet in Gro\u00dfbritannien \u00fcber DAB+","author":"Administrator","date":"December 29, 2019","format":false,"excerpt":"http:\/\/www.radiowoche.de\/radionachrichten-aus-europa-sportradio-startet-in-grossbritannien-ueber-dab\/","rel":"","context":"In &quot;Deutsch&quot;","block_context":{"text":"Deutsch","link":"https:\/\/www.achimbrueckner.de\/dxradio\/php\/wordpress\/?cat=1"},"img":{"alt_text":"","src":"","width":0,"height":0},"classes":[]},{"id":38641,"url":"https:\/\/www.achimbrueckner.de\/dxradio\/php\/wordpress\/?p=38641","url_meta":{"origin":42595,"position":4},"title":"Aus f\u00fcr Sportradio Deutschland: Das sind die Alternativen","author":"Administrator","date":"January 20, 2023","format":false,"excerpt":"https:\/\/www.teltarif.de\/sportradio-deutschland-alternativen\/news\/90651.html","rel":"","context":"In &quot;Deutsch&quot;","block_context":{"text":"Deutsch","link":"https:\/\/www.achimbrueckner.de\/dxradio\/php\/wordpress\/?cat=1"},"img":{"alt_text":"","src":"","width":0,"height":0},"classes":[]},{"id":44210,"url":"https:\/\/www.achimbrueckner.de\/dxradio\/php\/wordpress\/?p=44210","url_meta":{"origin":42595,"position":5},"title":"Niederlande: Sky Radio wird wieder zur \u201eChristmas Station\u201c","author":"Administrator","date":"November 5, 2025","format":false,"excerpt":"https:\/\/www.radioblog.eu\/2025\/11\/05\/niederlande-sky-radio-wird-wieder-zur-christmas-station\/","rel":"","context":"In &quot;Deutsch&quot;","block_context":{"text":"Deutsch","link":"https:\/\/www.achimbrueckner.de\/dxradio\/php\/wordpress\/?cat=1"},"img":{"alt_text":"","src":"","width":0,"height":0},"classes":[]}],"_links":{"self":[{"href":"https:\/\/www.achimbrueckner.de\/dxradio\/php\/wordpress\/index.php?rest_route=\/wp\/v2\/posts\/42595","targetHints":{"allow":["GET"]}}],"collection":[{"href":"https:\/\/www.achimbrueckner.de\/dxradio\/php\/wordpress\/index.php?rest_route=\/wp\/v2\/posts"}],"about":[{"href":"https:\/\/www.achimbrueckner.de\/dxradio\/php\/wordpress\/index.php?rest_route=\/wp\/v2\/types\/post"}],"author":[{"embeddable":true,"href":"https:\/\/www.achimbrueckner.de\/dxradio\/php\/wordpress\/index.php?rest_route=\/wp\/v2\/users\/1"}],"replies":[{"embeddable":true,"href":"https:\/\/www.achimbrueckner.de\/dxradio\/php\/wordpress\/index.php?rest_route=%2Fwp%2Fv2%2Fcomments&post=42595"}],"version-history":[{"count":0,"href":"https:\/\/www.achimbrueckner.de\/dxradio\/php\/wordpress\/index.php?rest_route=\/wp\/v2\/posts\/42595\/revisions"}],"wp:attachment":[{"href":"https:\/\/www.achimbrueckner.de\/dxradio\/php\/wordpress\/index.php?rest_route=%2Fwp%2Fv2%2Fmedia&parent=42595"}],"wp:term":[{"taxonomy":"category","embeddable":true,"href":"https:\/\/www.achimbrueckner.de\/dxradio\/php\/wordpress\/index.php?rest_route=%2Fwp%2Fv2%2Fcategories&post=42595"},{"taxonomy":"post_tag","embeddable":true,"href":"https:\/\/www.achimbrueckner.de\/dxradio\/php\/wordpress\/index.php?rest_route=%2Fwp%2Fv2%2Ftags&post=42595"}],"curies":[{"name":"wp","href":"https:\/\/api.w.org\/{rel}","templated":true}]}}