{"id":42720,"date":"2025-05-02T15:09:23","date_gmt":"2025-05-02T15:09:23","guid":{"rendered":"https:\/\/www.achimbrueckner.de\/dxradio\/php\/wordpress\/?p=42720"},"modified":"2025-05-02T15:09:23","modified_gmt":"2025-05-02T15:09:23","slug":"australien-nova-fresh-country-wird-vom-webradio-zum-dab-programm","status":"publish","type":"post","link":"https:\/\/www.achimbrueckner.de\/dxradio\/php\/wordpress\/?p=42720","title":{"rendered":"Australien: Nova Fresh Country wird vom Webradio zum DAB+ Programm"},"content":{"rendered":"<p><a href=\"https:\/\/www.radioblog.eu\/2025\/05\/02\/australien-nova-fresh-country-wird-vom-webradio-zum-dab-programm\/\" target=\"_blank\">https:\/\/www.radioblog.eu\/2025\/05\/02\/australien-nova-fresh-country-wird-vom-webradio-zum-dab-programm\/<\/a><\/p>\n","protected":false},"excerpt":{"rendered":"<p>https:\/\/www.radioblog.eu\/2025\/05\/02\/australien-nova-fresh-country-wird-vom-webradio-zum-dab-programm\/<\/p>\n","protected":false},"author":1,"featured_media":0,"comment_status":"closed","ping_status":"open","sticky":false,"template":"","format":"standard","meta":{"_jetpack_memberships_contains_paid_content":false,"footnotes":"","jetpack_publicize_message":"","jetpack_publicize_feature_enabled":true,"jetpack_social_post_already_shared":true,"jetpack_social_options":{"image_generator_settings":{"template":"highway","default_image_id":0,"font":"","enabled":false},"version":2}},"categories":[1],"tags":[],"class_list":["post-42720","post","type-post","status-publish","format-standard","hentry","category-deutsch"],"jetpack_publicize_connections":[],"jetpack_featured_media_url":"","jetpack_sharing_enabled":true,"jetpack_shortlink":"https:\/\/wp.me\/p5CDmr-b72","jetpack-related-posts":[{"id":45064,"url":"https:\/\/www.achimbrueckner.de\/dxradio\/php\/wordpress\/?p=45064","url_meta":{"origin":42720,"position":0},"title":"Niederlande: Radio Suc6 vom Webradio zum DAB+ Sender","author":"Administrator","date":"February 18, 2026","format":false,"excerpt":"https:\/\/www.radioblog.eu\/2026\/02\/17\/niederlande-radio-suc6-vom-webradio-zum-dab-sender\/","rel":"","context":"In &quot;Deutsch&quot;","block_context":{"text":"Deutsch","link":"https:\/\/www.achimbrueckner.de\/dxradio\/php\/wordpress\/?cat=1"},"img":{"alt_text":"","src":"","width":0,"height":0},"classes":[]},{"id":44008,"url":"https:\/\/www.achimbrueckner.de\/dxradio\/php\/wordpress\/?p=44008","url_meta":{"origin":42720,"position":1},"title":"Australien: Nova All Stars neu auf DAB+ und im Internet","author":"Administrator","date":"October 15, 2025","format":false,"excerpt":"https:\/\/www.radioblog.eu\/2025\/10\/15\/australien-nova-all-stars-neu-auf-dab-und-im-internet\/","rel":"","context":"In &quot;Deutsch&quot;","block_context":{"text":"Deutsch","link":"https:\/\/www.achimbrueckner.de\/dxradio\/php\/wordpress\/?cat=1"},"img":{"alt_text":"","src":"","width":0,"height":0},"classes":[]},{"id":38160,"url":"https:\/\/www.achimbrueckner.de\/dxradio\/php\/wordpress\/?p=38160","url_meta":{"origin":42720,"position":2},"title":"101.5 The Mountain: Vom Lokalsender zum Webradio","author":"Administrator","date":"December 9, 2022","format":false,"excerpt":"https:\/\/www.radioblog.eu\/2022\/12\/08\/101-5-the-mountain-vom-lokalsender-zum-webradio\/","rel":"","context":"In &quot;Deutsch&quot;","block_context":{"text":"Deutsch","link":"https:\/\/www.achimbrueckner.de\/dxradio\/php\/wordpress\/?cat=1"},"img":{"alt_text":"","src":"","width":0,"height":0},"classes":[]},{"id":39645,"url":"https:\/\/www.achimbrueckner.de\/dxradio\/php\/wordpress\/?p=39645","url_meta":{"origin":42720,"position":3},"title":"Radio Forum als Webradio zur\u00fcck!","author":"Administrator","date":"June 13, 2023","format":false,"excerpt":"Radio Forum als Webradio zur\u00fcck! Radio Forum, ein Pionier aus Lothringen, geh\u00f6rte in den 1980iger Jahren zu den Radiostationen, welche gezielt in Richtung Saarland sendeten. Mitte 2023 wurde ein Webstream gestartet: https:\/\/www.radio-forum2.de\/ Radio Forum - Wir H\u00f6ren uns Das Webradio wird von Bernd Sambo betrieben - mit dem ehemaligen UKW-Sender\u2026","rel":"","context":"In &quot;Deutsch&quot;","block_context":{"text":"Deutsch","link":"https:\/\/www.achimbrueckner.de\/dxradio\/php\/wordpress\/?cat=1"},"img":{"alt_text":"","src":"","width":0,"height":0},"classes":[]},{"id":44539,"url":"https:\/\/www.achimbrueckner.de\/dxradio\/php\/wordpress\/?p=44539","url_meta":{"origin":42720,"position":4},"title":"Australien: DAB+ Info-Webseite wird eingestellt","author":"Administrator","date":"December 13, 2025","format":false,"excerpt":"https:\/\/www.radioblog.eu\/2025\/12\/12\/australien-dab-info-webseite-wird-eingestellt\/","rel":"","context":"In &quot;Deutsch&quot;","block_context":{"text":"Deutsch","link":"https:\/\/www.achimbrueckner.de\/dxradio\/php\/wordpress\/?cat=1"},"img":{"alt_text":"","src":"","width":0,"height":0},"classes":[]},{"id":43384,"url":"https:\/\/www.achimbrueckner.de\/dxradio\/php\/wordpress\/?p=43384","url_meta":{"origin":42720,"position":5},"title":"USA: Bob\u2019s Memory Station wird zum Webradio","author":"Administrator","date":"July 24, 2025","format":false,"excerpt":"https:\/\/www.radioblog.eu\/2025\/07\/23\/usa-bobs-memory-station-wird-zum-webradio\/","rel":"","context":"In &quot;Deutsch&quot;","block_context":{"text":"Deutsch","link":"https:\/\/www.achimbrueckner.de\/dxradio\/php\/wordpress\/?cat=1"},"img":{"alt_text":"","src":"","width":0,"height":0},"classes":[]}],"_links":{"self":[{"href":"https:\/\/www.achimbrueckner.de\/dxradio\/php\/wordpress\/index.php?rest_route=\/wp\/v2\/posts\/42720","targetHints":{"allow":["GET"]}}],"collection":[{"href":"https:\/\/www.achimbrueckner.de\/dxradio\/php\/wordpress\/index.php?rest_route=\/wp\/v2\/posts"}],"about":[{"href":"https:\/\/www.achimbrueckner.de\/dxradio\/php\/wordpress\/index.php?rest_route=\/wp\/v2\/types\/post"}],"author":[{"embeddable":true,"href":"https:\/\/www.achimbrueckner.de\/dxradio\/php\/wordpress\/index.php?rest_route=\/wp\/v2\/users\/1"}],"replies":[{"embeddable":true,"href":"https:\/\/www.achimbrueckner.de\/dxradio\/php\/wordpress\/index.php?rest_route=%2Fwp%2Fv2%2Fcomments&post=42720"}],"version-history":[{"count":0,"href":"https:\/\/www.achimbrueckner.de\/dxradio\/php\/wordpress\/index.php?rest_route=\/wp\/v2\/posts\/42720\/revisions"}],"wp:attachment":[{"href":"https:\/\/www.achimbrueckner.de\/dxradio\/php\/wordpress\/index.php?rest_route=%2Fwp%2Fv2%2Fmedia&parent=42720"}],"wp:term":[{"taxonomy":"category","embeddable":true,"href":"https:\/\/www.achimbrueckner.de\/dxradio\/php\/wordpress\/index.php?rest_route=%2Fwp%2Fv2%2Fcategories&post=42720"},{"taxonomy":"post_tag","embeddable":true,"href":"https:\/\/www.achimbrueckner.de\/dxradio\/php\/wordpress\/index.php?rest_route=%2Fwp%2Fv2%2Ftags&post=42720"}],"curies":[{"name":"wp","href":"https:\/\/api.w.org\/{rel}","templated":true}]}}