{"id":42747,"date":"2025-05-06T15:09:09","date_gmt":"2025-05-06T15:09:09","guid":{"rendered":"https:\/\/www.achimbrueckner.de\/dxradio\/php\/wordpress\/?p=42747"},"modified":"2025-05-06T15:09:09","modified_gmt":"2025-05-06T15:09:09","slug":"antenne-wiesbaden-sendestart-oberburgermeister-druckte-startknopf","status":"publish","type":"post","link":"https:\/\/www.achimbrueckner.de\/dxradio\/php\/wordpress\/?p=42747","title":{"rendered":"ANTENNE WIESBADEN-Sendestart: Oberb\u00fcrgermeister dr\u00fcckte Startknopf"},"content":{"rendered":"<p><a href=\"https:\/\/www.radioszene.de\/202370\/sendestart-antenne-wiesbaden.html\" target=\"_blank\">https:\/\/www.radioszene.de\/202370\/sendestart-antenne-wiesbaden.html<\/a><\/p>\n","protected":false},"excerpt":{"rendered":"<p>https:\/\/www.radioszene.de\/202370\/sendestart-antenne-wiesbaden.html<\/p>\n","protected":false},"author":1,"featured_media":0,"comment_status":"closed","ping_status":"open","sticky":false,"template":"","format":"standard","meta":{"_jetpack_memberships_contains_paid_content":false,"footnotes":"","jetpack_publicize_message":"","jetpack_publicize_feature_enabled":true,"jetpack_social_post_already_shared":true,"jetpack_social_options":{"image_generator_settings":{"template":"highway","default_image_id":0,"font":"","enabled":false},"version":2}},"categories":[1],"tags":[],"class_list":["post-42747","post","type-post","status-publish","format-standard","hentry","category-deutsch"],"jetpack_publicize_connections":[],"jetpack_featured_media_url":"","jetpack_sharing_enabled":true,"jetpack_shortlink":"https:\/\/wp.me\/p5CDmr-b7t","jetpack-related-posts":[{"id":42725,"url":"https:\/\/www.achimbrueckner.de\/dxradio\/php\/wordpress\/?p=42725","url_meta":{"origin":42747,"position":0},"title":"antenne WIESBADEN: Heute um 14 Uhr Sendestart mit Stephan Holler","author":"Administrator","date":"May 2, 2025","format":false,"excerpt":"https:\/\/www.radioszene.de\/199881\/antenne-wiesbaden-sendestart.html","rel":"","context":"In &quot;Deutsch&quot;","block_context":{"text":"Deutsch","link":"https:\/\/www.achimbrueckner.de\/dxradio\/php\/wordpress\/?cat=1"},"img":{"alt_text":"","src":"","width":0,"height":0},"classes":[]},{"id":42736,"url":"https:\/\/www.achimbrueckner.de\/dxradio\/php\/wordpress\/?p=42736","url_meta":{"origin":42747,"position":1},"title":"Antenne Wiesbaden: Unprofessioneller Sendestart \u2013 aber abwechslungsreicher Musikmix","author":"Administrator","date":"May 4, 2025","format":false,"excerpt":"https:\/\/www.radioblog.eu\/2025\/05\/04\/antenne-wiesbaden-unprofessioneller-sendestart-aber-abwechslungsreicher-musikmix\/","rel":"","context":"In &quot;Deutsch&quot;","block_context":{"text":"Deutsch","link":"https:\/\/www.achimbrueckner.de\/dxradio\/php\/wordpress\/?cat=1"},"img":{"alt_text":"","src":"","width":0,"height":0},"classes":[]},{"id":43318,"url":"https:\/\/www.achimbrueckner.de\/dxradio\/php\/wordpress\/?p=43318","url_meta":{"origin":42747,"position":2},"title":"B\u00e9la R\u00e9thy verst\u00e4rkt Sportteam von antenne WIESBADEN","author":"Administrator","date":"July 16, 2025","format":false,"excerpt":"https:\/\/www.radioszene.de\/204313\/bela-rethy-antenne-wiesbaden.html","rel":"","context":"In &quot;Deutsch&quot;","block_context":{"text":"Deutsch","link":"https:\/\/www.achimbrueckner.de\/dxradio\/php\/wordpress\/?cat=1"},"img":{"alt_text":"","src":"","width":0,"height":0},"classes":[]},{"id":42593,"url":"https:\/\/www.achimbrueckner.de\/dxradio\/php\/wordpress\/?p=42593","url_meta":{"origin":42747,"position":3},"title":"Stephan Holler wechselt zu Antenne Wiesbaden: \u201eDies ist mein 5. Radiobaby\u201c","author":"Administrator","date":"April 15, 2025","format":false,"excerpt":"https:\/\/www.radioszene.de\/201963\/stephan-holler-antenne-wiesbaden.html","rel":"","context":"In &quot;Deutsch&quot;","block_context":{"text":"Deutsch","link":"https:\/\/www.achimbrueckner.de\/dxradio\/php\/wordpress\/?cat=1"},"img":{"alt_text":"","src":"","width":0,"height":0},"classes":[]},{"id":33914,"url":"https:\/\/www.achimbrueckner.de\/dxradio\/php\/wordpress\/?p=33914","url_meta":{"origin":42747,"position":4},"title":"ANTENNE NRW: Heute um 14 Uhr war offizieller Sendestart","author":"Administrator","date":"October 29, 2021","format":false,"excerpt":"https:\/\/www.radioszene.de\/158496\/antenne-nrw-sendestart.html","rel":"","context":"In &quot;Deutsch&quot;","block_context":{"text":"Deutsch","link":"https:\/\/www.achimbrueckner.de\/dxradio\/php\/wordpress\/?cat=1"},"img":{"alt_text":"","src":"","width":0,"height":0},"classes":[]},{"id":30325,"url":"https:\/\/www.achimbrueckner.de\/dxradio\/php\/wordpress\/?p=30325","url_meta":{"origin":42747,"position":5},"title":"DAB+ Sendestart: Antenne Deutschland ist on air","author":"Administrator","date":"October 5, 2020","format":false,"excerpt":"https:\/\/www.radioszene.de\/147751\/antenne-deutschland-startet-am-5-oktober-aus-regensburg.html","rel":"","context":"In &quot;Deutsch&quot;","block_context":{"text":"Deutsch","link":"https:\/\/www.achimbrueckner.de\/dxradio\/php\/wordpress\/?cat=1"},"img":{"alt_text":"","src":"","width":0,"height":0},"classes":[]}],"_links":{"self":[{"href":"https:\/\/www.achimbrueckner.de\/dxradio\/php\/wordpress\/index.php?rest_route=\/wp\/v2\/posts\/42747","targetHints":{"allow":["GET"]}}],"collection":[{"href":"https:\/\/www.achimbrueckner.de\/dxradio\/php\/wordpress\/index.php?rest_route=\/wp\/v2\/posts"}],"about":[{"href":"https:\/\/www.achimbrueckner.de\/dxradio\/php\/wordpress\/index.php?rest_route=\/wp\/v2\/types\/post"}],"author":[{"embeddable":true,"href":"https:\/\/www.achimbrueckner.de\/dxradio\/php\/wordpress\/index.php?rest_route=\/wp\/v2\/users\/1"}],"replies":[{"embeddable":true,"href":"https:\/\/www.achimbrueckner.de\/dxradio\/php\/wordpress\/index.php?rest_route=%2Fwp%2Fv2%2Fcomments&post=42747"}],"version-history":[{"count":0,"href":"https:\/\/www.achimbrueckner.de\/dxradio\/php\/wordpress\/index.php?rest_route=\/wp\/v2\/posts\/42747\/revisions"}],"wp:attachment":[{"href":"https:\/\/www.achimbrueckner.de\/dxradio\/php\/wordpress\/index.php?rest_route=%2Fwp%2Fv2%2Fmedia&parent=42747"}],"wp:term":[{"taxonomy":"category","embeddable":true,"href":"https:\/\/www.achimbrueckner.de\/dxradio\/php\/wordpress\/index.php?rest_route=%2Fwp%2Fv2%2Fcategories&post=42747"},{"taxonomy":"post_tag","embeddable":true,"href":"https:\/\/www.achimbrueckner.de\/dxradio\/php\/wordpress\/index.php?rest_route=%2Fwp%2Fv2%2Ftags&post=42747"}],"curies":[{"name":"wp","href":"https:\/\/api.w.org\/{rel}","templated":true}]}}