{"id":42787,"date":"2025-05-12T15:08:49","date_gmt":"2025-05-12T15:08:49","guid":{"rendered":"https:\/\/www.achimbrueckner.de\/dxradio\/php\/wordpress\/?p=42787"},"modified":"2025-05-12T15:08:49","modified_gmt":"2025-05-12T15:08:49","slug":"plattdeutsch-im-radio-schleswig-holstein-fordert-projekte","status":"publish","type":"post","link":"https:\/\/www.achimbrueckner.de\/dxradio\/php\/wordpress\/?p=42787","title":{"rendered":"Plattdeutsch im Radio: Schleswig-Holstein f\u00f6rdert Projekte"},"content":{"rendered":"<p><a href=\"https:\/\/www.radioszene.de\/202419\/plattdeutsch-radio.html\" target=\"_blank\">https:\/\/www.radioszene.de\/202419\/plattdeutsch-radio.html<\/a><\/p>\n","protected":false},"excerpt":{"rendered":"<p>https:\/\/www.radioszene.de\/202419\/plattdeutsch-radio.html<\/p>\n","protected":false},"author":1,"featured_media":0,"comment_status":"closed","ping_status":"open","sticky":false,"template":"","format":"standard","meta":{"_jetpack_memberships_contains_paid_content":false,"footnotes":"","jetpack_publicize_message":"","jetpack_publicize_feature_enabled":true,"jetpack_social_post_already_shared":true,"jetpack_social_options":{"image_generator_settings":{"template":"highway","default_image_id":0,"font":"","enabled":false},"version":2}},"categories":[1],"tags":[],"class_list":["post-42787","post","type-post","status-publish","format-standard","hentry","category-deutsch"],"jetpack_publicize_connections":[],"jetpack_featured_media_url":"","jetpack_sharing_enabled":true,"jetpack_shortlink":"https:\/\/wp.me\/p5CDmr-b87","jetpack-related-posts":[{"id":45374,"url":"https:\/\/www.achimbrueckner.de\/dxradio\/php\/wordpress\/?p=45374","url_meta":{"origin":42787,"position":0},"title":"Schleswig-Holstein: Radio-Reichweiten stabil bis wachsend trotz Wechsel von UKW auf DAB+ Digitalradio","author":"Administrator","date":"April 2, 2026","format":false,"excerpt":"https:\/\/www.radioszene.de\/212760\/schleswig-holstein-radio-reichweiten.html","rel":"","context":"In &quot;Deutsch&quot;","block_context":{"text":"Deutsch","link":"https:\/\/www.achimbrueckner.de\/dxradio\/php\/wordpress\/?cat=1"},"img":{"alt_text":"","src":"","width":0,"height":0},"classes":[]},{"id":33666,"url":"https:\/\/www.achimbrueckner.de\/dxradio\/php\/wordpress\/?p=33666","url_meta":{"origin":42787,"position":1},"title":"\u00d6ffentlich-Rechtliche : Schlager auf Plattdeutsch","author":"Administrator","date":"September 28, 2021","format":false,"excerpt":"https:\/\/www.sueddeutsche.de\/medien\/plattdeutsch-schlager-ndr-1.5421700","rel":"","context":"In &quot;Deutsch&quot;","block_context":{"text":"Deutsch","link":"https:\/\/www.achimbrueckner.de\/dxradio\/php\/wordpress\/?cat=1"},"img":{"alt_text":"","src":"","width":0,"height":0},"classes":[]},{"id":25998,"url":"https:\/\/www.achimbrueckner.de\/dxradio\/php\/wordpress\/?p=25998","url_meta":{"origin":42787,"position":2},"title":"Platt-Radio f\u00f6r un vun junge L\u00fc\u00fcd","author":"Administrator","date":"November 28, 2019","format":false,"excerpt":"https:\/\/www.ndr.de\/kultur\/norddeutsche_sprache\/plattdeutsch\/Platt-Radio-foer-un-vun-junge-Lueued,plattradio128.html","rel":"","context":"In &quot;Deutsch&quot;","block_context":{"text":"Deutsch","link":"https:\/\/www.achimbrueckner.de\/dxradio\/php\/wordpress\/?cat=1"},"img":{"alt_text":"","src":"","width":0,"height":0},"classes":[]},{"id":25083,"url":"https:\/\/www.achimbrueckner.de\/dxradio\/php\/wordpress\/?p=25083","url_meta":{"origin":42787,"position":3},"title":"Workshop &#8211; Radio auf Platt f\u00fcr junge Leute","author":"Administrator","date":"October 3, 2019","format":false,"excerpt":"https:\/\/www.ndr.de\/wellenord\/sendungen\/plattdeutsch\/Workshop-Radio-auf-Platt-fuer-junge-Leute,plattworkshop100.html","rel":"","context":"In &quot;Deutsch&quot;","block_context":{"text":"Deutsch","link":"https:\/\/www.achimbrueckner.de\/dxradio\/php\/wordpress\/?cat=1"},"img":{"alt_text":"","src":"","width":0,"height":0},"classes":[]},{"id":42541,"url":"https:\/\/www.achimbrueckner.de\/dxradio\/php\/wordpress\/?p=42541","url_meta":{"origin":42787,"position":4},"title":"RADIO BOB! schaltet in Schleswig-Holstein UKW am 9. April ab","author":"Administrator","date":"April 7, 2025","format":false,"excerpt":"https:\/\/www.radioszene.de\/201801\/ukw-abschaltung-radio-bob-schleswig-holstein.html","rel":"","context":"In &quot;Deutsch&quot;","block_context":{"text":"Deutsch","link":"https:\/\/www.achimbrueckner.de\/dxradio\/php\/wordpress\/?cat=1"},"img":{"alt_text":"","src":"","width":0,"height":0},"classes":[]},{"id":24466,"url":"https:\/\/www.achimbrueckner.de\/dxradio\/php\/wordpress\/?p=24466","url_meta":{"origin":42787,"position":5},"title":"R.SH bleibt WOW: Neues Radiobrandingpaket bei Radio Schleswig-Holstein","author":"Administrator","date":"August 26, 2019","format":false,"excerpt":"https:\/\/www.radioszene.de\/135754\/rsh-wow-radiobranding-radio-schleswig-holstein.html","rel":"","context":"In &quot;Deutsch&quot;","block_context":{"text":"Deutsch","link":"https:\/\/www.achimbrueckner.de\/dxradio\/php\/wordpress\/?cat=1"},"img":{"alt_text":"","src":"","width":0,"height":0},"classes":[]}],"_links":{"self":[{"href":"https:\/\/www.achimbrueckner.de\/dxradio\/php\/wordpress\/index.php?rest_route=\/wp\/v2\/posts\/42787","targetHints":{"allow":["GET"]}}],"collection":[{"href":"https:\/\/www.achimbrueckner.de\/dxradio\/php\/wordpress\/index.php?rest_route=\/wp\/v2\/posts"}],"about":[{"href":"https:\/\/www.achimbrueckner.de\/dxradio\/php\/wordpress\/index.php?rest_route=\/wp\/v2\/types\/post"}],"author":[{"embeddable":true,"href":"https:\/\/www.achimbrueckner.de\/dxradio\/php\/wordpress\/index.php?rest_route=\/wp\/v2\/users\/1"}],"replies":[{"embeddable":true,"href":"https:\/\/www.achimbrueckner.de\/dxradio\/php\/wordpress\/index.php?rest_route=%2Fwp%2Fv2%2Fcomments&post=42787"}],"version-history":[{"count":0,"href":"https:\/\/www.achimbrueckner.de\/dxradio\/php\/wordpress\/index.php?rest_route=\/wp\/v2\/posts\/42787\/revisions"}],"wp:attachment":[{"href":"https:\/\/www.achimbrueckner.de\/dxradio\/php\/wordpress\/index.php?rest_route=%2Fwp%2Fv2%2Fmedia&parent=42787"}],"wp:term":[{"taxonomy":"category","embeddable":true,"href":"https:\/\/www.achimbrueckner.de\/dxradio\/php\/wordpress\/index.php?rest_route=%2Fwp%2Fv2%2Fcategories&post=42787"},{"taxonomy":"post_tag","embeddable":true,"href":"https:\/\/www.achimbrueckner.de\/dxradio\/php\/wordpress\/index.php?rest_route=%2Fwp%2Fv2%2Ftags&post=42787"}],"curies":[{"name":"wp","href":"https:\/\/api.w.org\/{rel}","templated":true}]}}