{"id":42796,"date":"2025-05-14T15:35:49","date_gmt":"2025-05-14T15:35:49","guid":{"rendered":"https:\/\/www.achimbrueckner.de\/dxradio\/php\/wordpress\/?p=42796"},"modified":"2025-05-14T15:35:49","modified_gmt":"2025-05-14T15:35:49","slug":"usa-radio-free-europe-radio-liberty-bekommen-finanzierung-mit-verspatung","status":"publish","type":"post","link":"https:\/\/www.achimbrueckner.de\/dxradio\/php\/wordpress\/?p=42796","title":{"rendered":"USA: Radio Free Europe\/Radio Liberty bekommen Finanzierung mit Versp\u00e4tung"},"content":{"rendered":"<p><a href=\"https:\/\/www.radioblog.eu\/2025\/05\/14\/usa-radio-free-europe-radio-liberty-bekommen-finanzierung-mit-verspaetung\/\" target=\"_blank\">https:\/\/www.radioblog.eu\/2025\/05\/14\/usa-radio-free-europe-radio-liberty-bekommen-finanzierung-mit-verspaetung\/<\/a><\/p>\n","protected":false},"excerpt":{"rendered":"<p>https:\/\/www.radioblog.eu\/2025\/05\/14\/usa-radio-free-europe-radio-liberty-bekommen-finanzierung-mit-verspaetung\/<\/p>\n","protected":false},"author":1,"featured_media":0,"comment_status":"closed","ping_status":"open","sticky":false,"template":"","format":"standard","meta":{"_jetpack_memberships_contains_paid_content":false,"footnotes":"","jetpack_publicize_message":"","jetpack_publicize_feature_enabled":true,"jetpack_social_post_already_shared":true,"jetpack_social_options":{"image_generator_settings":{"template":"highway","default_image_id":0,"font":"","enabled":false},"version":2}},"categories":[1],"tags":[],"class_list":["post-42796","post","type-post","status-publish","format-standard","hentry","category-deutsch"],"jetpack_publicize_connections":[],"jetpack_featured_media_url":"","jetpack_sharing_enabled":true,"jetpack_shortlink":"https:\/\/wp.me\/p5CDmr-b8g","jetpack-related-posts":[{"id":42453,"url":"https:\/\/www.achimbrueckner.de\/dxradio\/php\/wordpress\/?p=42453","url_meta":{"origin":42796,"position":0},"title":"USA: Radio Free Europe\/Radio Liberty vor Gericht erfolgreich","author":"Administrator","date":"March 27, 2025","format":false,"excerpt":"https:\/\/www.radioblog.eu\/2025\/03\/26\/usa-radio-free-europe-radio-liberty-vor-gericht-erfolgreich\/","rel":"","context":"In &quot;Deutsch&quot;","block_context":{"text":"Deutsch","link":"https:\/\/www.achimbrueckner.de\/dxradio\/php\/wordpress\/?cat=1"},"img":{"alt_text":"","src":"","width":0,"height":0},"classes":[]},{"id":22958,"url":"https:\/\/www.achimbrueckner.de\/dxradio\/php\/wordpress\/?p=22958","url_meta":{"origin":42796,"position":1},"title":"\u201eRadio Free Europe\/Radio Liberty\u201c Instrumentalisierter Freiheitssender","author":"Administrator","date":"May 2, 2019","format":false,"excerpt":"https:\/\/www.deutschlandfunk.de\/radio-free-europe-radio-liberty-instrumentalisierter.2907.de.html?dram:article_id=447692","rel":"","context":"In &quot;Deutsch&quot;","block_context":{"text":"Deutsch","link":"https:\/\/www.achimbrueckner.de\/dxradio\/php\/wordpress\/?cat=1"},"img":{"alt_text":"","src":"","width":0,"height":0},"classes":[]},{"id":33507,"url":"https:\/\/www.achimbrueckner.de\/dxradio\/php\/wordpress\/?p=33507","url_meta":{"origin":42796,"position":2},"title":"Afghanistan Voice of America, Radio Free Europe\/Radio Liberty Staff Left Behind","author":"Administrator","date":"September 4, 2021","format":false,"excerpt":"https:\/\/www.wsj.com\/articles\/afghanistan-voice-of-america-radio-free-liberty-radio-europe-staff-left-behind-11630612717?mod=politics_lead_pos9","rel":"","context":"In &quot;English&quot;","block_context":{"text":"English","link":"https:\/\/www.achimbrueckner.de\/dxradio\/php\/wordpress\/?cat=2"},"img":{"alt_text":"","src":"","width":0,"height":0},"classes":[]},{"id":45368,"url":"https:\/\/www.achimbrueckner.de\/dxradio\/php\/wordpress\/?p=45368","url_meta":{"origin":42796,"position":3},"title":"USA: Trump darf NPR und PBS nicht Finanzierung entziehen","author":"Administrator","date":"April 2, 2026","format":false,"excerpt":"https:\/\/www.radioblog.eu\/2026\/04\/02\/usa-trump-darf-npr-und-pbs-nicht-finanzierung-entziehen\/","rel":"","context":"In &quot;Deutsch&quot;","block_context":{"text":"Deutsch","link":"https:\/\/www.achimbrueckner.de\/dxradio\/php\/wordpress\/?cat=1"},"img":{"alt_text":"","src":"","width":0,"height":0},"classes":[]},{"id":5020,"url":"https:\/\/www.achimbrueckner.de\/dxradio\/php\/wordpress\/?p=5020","url_meta":{"origin":42796,"position":4},"title":"Radio ARA","author":"Administrator","date":"June 26, 2015","format":false,"excerpt":"Bei Radio 100,7 gab es gestern einen Beitrag \u00fcber Radio ARA. Im Beitrag werden u.a. die Empfangsst\u00f6rungen auf der 103.4 MHz durch NRJ und der Wechsel auf erst 103.3 MHz und dann 102.9 MHz, der Umzug in die neuen R\u00e4umlichkeiten bei den Rotondes, die Finanzierung, die Einteilung in ARA, Graffiti\u2026","rel":"","context":"In &quot;Deutsch&quot;","block_context":{"text":"Deutsch","link":"https:\/\/www.achimbrueckner.de\/dxradio\/php\/wordpress\/?cat=1"},"img":{"alt_text":"","src":"","width":0,"height":0},"classes":[]},{"id":37362,"url":"https:\/\/www.achimbrueckner.de\/dxradio\/php\/wordpress\/?p=37362","url_meta":{"origin":42796,"position":5},"title":"&#8220;Radio Free Europe&#8221; Prager Stimme gegen Kreml-Propaganda","author":"Administrator","date":"August 27, 2022","format":false,"excerpt":"https:\/\/www.tagesschau.de\/ausland\/europa\/radio-liberty-free-europe-101.html","rel":"","context":"In &quot;Deutsch&quot;","block_context":{"text":"Deutsch","link":"https:\/\/www.achimbrueckner.de\/dxradio\/php\/wordpress\/?cat=1"},"img":{"alt_text":"","src":"","width":0,"height":0},"classes":[]}],"_links":{"self":[{"href":"https:\/\/www.achimbrueckner.de\/dxradio\/php\/wordpress\/index.php?rest_route=\/wp\/v2\/posts\/42796","targetHints":{"allow":["GET"]}}],"collection":[{"href":"https:\/\/www.achimbrueckner.de\/dxradio\/php\/wordpress\/index.php?rest_route=\/wp\/v2\/posts"}],"about":[{"href":"https:\/\/www.achimbrueckner.de\/dxradio\/php\/wordpress\/index.php?rest_route=\/wp\/v2\/types\/post"}],"author":[{"embeddable":true,"href":"https:\/\/www.achimbrueckner.de\/dxradio\/php\/wordpress\/index.php?rest_route=\/wp\/v2\/users\/1"}],"replies":[{"embeddable":true,"href":"https:\/\/www.achimbrueckner.de\/dxradio\/php\/wordpress\/index.php?rest_route=%2Fwp%2Fv2%2Fcomments&post=42796"}],"version-history":[{"count":0,"href":"https:\/\/www.achimbrueckner.de\/dxradio\/php\/wordpress\/index.php?rest_route=\/wp\/v2\/posts\/42796\/revisions"}],"wp:attachment":[{"href":"https:\/\/www.achimbrueckner.de\/dxradio\/php\/wordpress\/index.php?rest_route=%2Fwp%2Fv2%2Fmedia&parent=42796"}],"wp:term":[{"taxonomy":"category","embeddable":true,"href":"https:\/\/www.achimbrueckner.de\/dxradio\/php\/wordpress\/index.php?rest_route=%2Fwp%2Fv2%2Fcategories&post=42796"},{"taxonomy":"post_tag","embeddable":true,"href":"https:\/\/www.achimbrueckner.de\/dxradio\/php\/wordpress\/index.php?rest_route=%2Fwp%2Fv2%2Ftags&post=42796"}],"curies":[{"name":"wp","href":"https:\/\/api.w.org\/{rel}","templated":true}]}}