{"id":42798,"date":"2025-05-14T15:37:09","date_gmt":"2025-05-14T15:37:09","guid":{"rendered":"https:\/\/www.achimbrueckner.de\/dxradio\/php\/wordpress\/?p=42798"},"modified":"2025-05-14T15:37:09","modified_gmt":"2025-05-14T15:37:09","slug":"20-jahre-radiozentrale-eine-starke-stimme-fur-radio-und-audio","status":"publish","type":"post","link":"https:\/\/www.achimbrueckner.de\/dxradio\/php\/wordpress\/?p=42798","title":{"rendered":"20 Jahre Radiozentrale \u2013 Eine starke Stimme f\u00fcr Radio und Audio"},"content":{"rendered":"<p><a href=\"https:\/\/www.radioszene.de\/202529\/20-jahre-radiozentrale.html\" target=\"_blank\">https:\/\/www.radioszene.de\/202529\/20-jahre-radiozentrale.html<\/a><\/p>\n","protected":false},"excerpt":{"rendered":"<p>https:\/\/www.radioszene.de\/202529\/20-jahre-radiozentrale.html<\/p>\n","protected":false},"author":1,"featured_media":0,"comment_status":"closed","ping_status":"open","sticky":false,"template":"","format":"standard","meta":{"_jetpack_memberships_contains_paid_content":false,"footnotes":"","jetpack_publicize_message":"","jetpack_publicize_feature_enabled":true,"jetpack_social_post_already_shared":true,"jetpack_social_options":{"image_generator_settings":{"template":"highway","default_image_id":0,"font":"","enabled":false},"version":2}},"categories":[1],"tags":[],"class_list":["post-42798","post","type-post","status-publish","format-standard","hentry","category-deutsch"],"jetpack_publicize_connections":[],"jetpack_featured_media_url":"","jetpack_sharing_enabled":true,"jetpack_shortlink":"https:\/\/wp.me\/p5CDmr-b8i","jetpack-related-posts":[{"id":20864,"url":"https:\/\/www.achimbrueckner.de\/dxradio\/php\/wordpress\/?p=20864","url_meta":{"origin":42798,"position":0},"title":"Axel Springer Audio GmbH tritt der Radiozentrale bei","author":"Administrator","date":"January 10, 2019","format":false,"excerpt":"https:\/\/www.radioszene.de\/129221\/axel-springer-radiozentrale.html","rel":"","context":"In &quot;audio&quot;","block_context":{"text":"audio","link":"https:\/\/www.achimbrueckner.de\/dxradio\/php\/wordpress\/?cat=47"},"img":{"alt_text":"","src":"","width":0,"height":0},"classes":[]},{"id":10264,"url":"https:\/\/www.achimbrueckner.de\/dxradio\/php\/wordpress\/?p=10264","url_meta":{"origin":42798,"position":1},"title":"Mit Radio erreichen Sie immer den Richtgen: Radiozentrale gibt mit neuen Motiven Kindern eine Stimme","author":"Administrator","date":"September 6, 2016","format":false,"excerpt":"http:\/\/www.radioszene.de\/94917\/mit-radio-erreichen-sie-immer-den-richtgen-radiozentrale-gibt-mit-neuen-motiven-kindern-eine-stimme.html","rel":"","context":"In &quot;Deutsch&quot;","block_context":{"text":"Deutsch","link":"https:\/\/www.achimbrueckner.de\/dxradio\/php\/wordpress\/?cat=1"},"img":{"alt_text":"","src":"","width":0,"height":0},"classes":[]},{"id":44919,"url":"https:\/\/www.achimbrueckner.de\/dxradio\/php\/wordpress\/?p=44919","url_meta":{"origin":42798,"position":2},"title":"Personelle \u00c4nderungen im Vorstand und Beirat der Radiozentrale","author":"Administrator","date":"January 29, 2026","format":false,"excerpt":"https:\/\/www.radioszene.de\/210807\/vorstand-beirat-radiozentrale.html","rel":"","context":"In &quot;Deutsch&quot;","block_context":{"text":"Deutsch","link":"https:\/\/www.achimbrueckner.de\/dxradio\/php\/wordpress\/?cat=1"},"img":{"alt_text":"","src":"","width":0,"height":0},"classes":[]},{"id":22950,"url":"https:\/\/www.achimbrueckner.de\/dxradio\/php\/wordpress\/?p=22950","url_meta":{"origin":42798,"position":3},"title":"Die Stimme des Volkes aus dem \u00c4ther: 20 Jahre Freies Radio Salzkammergut","author":"Administrator","date":"May 1, 2019","format":false,"excerpt":"https:\/\/www.nachrichten.at\/oberoesterreich\/salzkammergut\/die-stimme-des-volkes-aus-dem-aether-20-jahre-freies-radio-salzkammergut;art71,3124257","rel":"","context":"In &quot;Deutsch&quot;","block_context":{"text":"Deutsch","link":"https:\/\/www.achimbrueckner.de\/dxradio\/php\/wordpress\/?cat=1"},"img":{"alt_text":"","src":"","width":0,"height":0},"classes":[]},{"id":12584,"url":"https:\/\/www.achimbrueckner.de\/dxradio\/php\/wordpress\/?p=12584","url_meta":{"origin":42798,"position":4},"title":"Stimme Koreas 70 Jahre","author":"Administrator","date":"March 21, 2017","format":false,"excerpt":"Liebe Hobby-Froinde! Die \/Stimme Koreas\/, der offizielle Auslandsrundfunkdienst der DVR Korea (Nord), beging am 16. M\u00e4rz d. J. seinen 70. Gr\u00fcndungstag (damals als \/Radio Pyongyang\/ gegr\u00fcndet). Aus diesem Anlass habe ich eine Video-DVD mit Beitr\u00e4gen in sechs Sprachen erstellt, die gerne bei mir pers\u00f6nlich angefordert werden kann. Weiterhin habe ich\u2026","rel":"","context":"In &quot;Deutsch&quot;","block_context":{"text":"Deutsch","link":"https:\/\/www.achimbrueckner.de\/dxradio\/php\/wordpress\/?cat=1"},"img":{"alt_text":"","src":"","width":0,"height":0},"classes":[]},{"id":10582,"url":"https:\/\/www.achimbrueckner.de\/dxradio\/php\/wordpress\/?p=10582","url_meta":{"origin":42798,"position":5},"title":"Radio HCJB \/ Andenstimme","author":"Administrator","date":"October 2, 2016","format":false,"excerpt":"Hallo Wie wir ja gestern geh\u00f6rt und gelesen haben, werden die Sendungen aus Quito eingestellt. Ich habe meine Webseite mit ein paar Informationen erg\u00e4nzt. Besuch bei HCJB mit Bildern wo der Auslandsdienst zu Hause war. http:\/\/www.radioempfang.ch\/radio-hcjb\/besuch-bei-hcjb\/ 20 Jahre Deutsche Abteilung http:\/\/www.radioempfang.ch\/radio-hcjb\/20-jahre-deutsche-abteilung\/ Dieses B\u00fcchlein habe ich 1973 erhalten und aufbewahrt. Ich\u2026","rel":"","context":"In &quot;Deutsch&quot;","block_context":{"text":"Deutsch","link":"https:\/\/www.achimbrueckner.de\/dxradio\/php\/wordpress\/?cat=1"},"img":{"alt_text":"","src":"","width":0,"height":0},"classes":[]}],"_links":{"self":[{"href":"https:\/\/www.achimbrueckner.de\/dxradio\/php\/wordpress\/index.php?rest_route=\/wp\/v2\/posts\/42798","targetHints":{"allow":["GET"]}}],"collection":[{"href":"https:\/\/www.achimbrueckner.de\/dxradio\/php\/wordpress\/index.php?rest_route=\/wp\/v2\/posts"}],"about":[{"href":"https:\/\/www.achimbrueckner.de\/dxradio\/php\/wordpress\/index.php?rest_route=\/wp\/v2\/types\/post"}],"author":[{"embeddable":true,"href":"https:\/\/www.achimbrueckner.de\/dxradio\/php\/wordpress\/index.php?rest_route=\/wp\/v2\/users\/1"}],"replies":[{"embeddable":true,"href":"https:\/\/www.achimbrueckner.de\/dxradio\/php\/wordpress\/index.php?rest_route=%2Fwp%2Fv2%2Fcomments&post=42798"}],"version-history":[{"count":0,"href":"https:\/\/www.achimbrueckner.de\/dxradio\/php\/wordpress\/index.php?rest_route=\/wp\/v2\/posts\/42798\/revisions"}],"wp:attachment":[{"href":"https:\/\/www.achimbrueckner.de\/dxradio\/php\/wordpress\/index.php?rest_route=%2Fwp%2Fv2%2Fmedia&parent=42798"}],"wp:term":[{"taxonomy":"category","embeddable":true,"href":"https:\/\/www.achimbrueckner.de\/dxradio\/php\/wordpress\/index.php?rest_route=%2Fwp%2Fv2%2Fcategories&post=42798"},{"taxonomy":"post_tag","embeddable":true,"href":"https:\/\/www.achimbrueckner.de\/dxradio\/php\/wordpress\/index.php?rest_route=%2Fwp%2Fv2%2Ftags&post=42798"}],"curies":[{"name":"wp","href":"https:\/\/api.w.org\/{rel}","templated":true}]}}