{"id":42817,"date":"2025-05-18T09:02:45","date_gmt":"2025-05-18T09:02:45","guid":{"rendered":"https:\/\/www.achimbrueckner.de\/dxradio\/php\/wordpress\/?p=42817"},"modified":"2025-05-18T09:02:45","modified_gmt":"2025-05-18T09:02:45","slug":"grosbritannien-bbc-startet-sport-extrakanale-im-internet","status":"publish","type":"post","link":"https:\/\/www.achimbrueckner.de\/dxradio\/php\/wordpress\/?p=42817","title":{"rendered":"Gro\u00dfbritannien: BBC startet Sport-Extrakan\u00e4le im Internet"},"content":{"rendered":"<p><a href=\"https:\/\/www.radioblog.eu\/2025\/05\/17\/grossbritannien-bbc-startet-sport-extrakanaele-im-internet\/\" target=\"_blank\">https:\/\/www.radioblog.eu\/2025\/05\/17\/grossbritannien-bbc-startet-sport-extrakanaele-im-internet\/<\/a><\/p>\n","protected":false},"excerpt":{"rendered":"<p>https:\/\/www.radioblog.eu\/2025\/05\/17\/grossbritannien-bbc-startet-sport-extrakanaele-im-internet\/<\/p>\n","protected":false},"author":1,"featured_media":0,"comment_status":"closed","ping_status":"open","sticky":false,"template":"","format":"standard","meta":{"_jetpack_memberships_contains_paid_content":false,"footnotes":"","jetpack_publicize_message":"","jetpack_publicize_feature_enabled":true,"jetpack_social_post_already_shared":true,"jetpack_social_options":{"image_generator_settings":{"template":"highway","default_image_id":0,"font":"","enabled":false},"version":2}},"categories":[1],"tags":[],"class_list":["post-42817","post","type-post","status-publish","format-standard","hentry","category-deutsch"],"jetpack_publicize_connections":[],"jetpack_featured_media_url":"","jetpack_sharing_enabled":true,"jetpack_shortlink":"https:\/\/wp.me\/p5CDmr-b8B","jetpack-related-posts":[{"id":42686,"url":"https:\/\/www.achimbrueckner.de\/dxradio\/php\/wordpress\/?p=42686","url_meta":{"origin":42817,"position":0},"title":"Gro\u00dfbritannien: BBC startet Testsendungen im DAB+ Standard","author":"Administrator","date":"April 28, 2025","format":false,"excerpt":"https:\/\/www.radioblog.eu\/2025\/04\/28\/grossbritannien-bbc-startet-testsendungen-im-dab-standard\/","rel":"","context":"In &quot;Deutsch&quot;","block_context":{"text":"Deutsch","link":"https:\/\/www.achimbrueckner.de\/dxradio\/php\/wordpress\/?cat=1"},"img":{"alt_text":"","src":"","width":0,"height":0},"classes":[]},{"id":43799,"url":"https:\/\/www.achimbrueckner.de\/dxradio\/php\/wordpress\/?p=43799","url_meta":{"origin":42817,"position":1},"title":"Gro\u00dfbritannien: BBC startet Musik-Spartenradios auf DAB+","author":"Administrator","date":"September 15, 2025","format":false,"excerpt":"https:\/\/www.radioblog.eu\/2025\/09\/15\/grossbritannien-bbc-startet-musik-spartenradios-auf-dab\/","rel":"","context":"In &quot;Deutsch&quot;","block_context":{"text":"Deutsch","link":"https:\/\/www.achimbrueckner.de\/dxradio\/php\/wordpress\/?cat=1"},"img":{"alt_text":"","src":"","width":0,"height":0},"classes":[]},{"id":44981,"url":"https:\/\/www.achimbrueckner.de\/dxradio\/php\/wordpress\/?p=44981","url_meta":{"origin":42817,"position":2},"title":"Gro\u00dfbritannien: BBC startet Notfall-Radioprogramm f\u00fcr den Iran","author":"Administrator","date":"February 6, 2026","format":false,"excerpt":"https:\/\/www.radioblog.eu\/2026\/02\/05\/grossbritannien-bbc-startet-notfall-radioprogramm-fuer-den-iran\/","rel":"","context":"In &quot;Deutsch&quot;","block_context":{"text":"Deutsch","link":"https:\/\/www.achimbrueckner.de\/dxradio\/php\/wordpress\/?cat=1"},"img":{"alt_text":"","src":"","width":0,"height":0},"classes":[]},{"id":44745,"url":"https:\/\/www.achimbrueckner.de\/dxradio\/php\/wordpress\/?p=44745","url_meta":{"origin":42817,"position":3},"title":"Gro\u00dfbritannien: U.DAB startet gr\u00f6\u00dften DAB+ Small Scale Mux im Vereinigten K\u00f6nigreich","author":"Administrator","date":"January 7, 2026","format":false,"excerpt":"https:\/\/www.radioblog.eu\/2026\/01\/06\/grossbritannien-u-dab-startet-groessten-dab-small-scale-mux-im-vereinigten-koenigreich\/","rel":"","context":"In &quot;Deutsch&quot;","block_context":{"text":"Deutsch","link":"https:\/\/www.achimbrueckner.de\/dxradio\/php\/wordpress\/?cat=1"},"img":{"alt_text":"","src":"","width":0,"height":0},"classes":[]},{"id":43368,"url":"https:\/\/www.achimbrueckner.de\/dxradio\/php\/wordpress\/?p=43368","url_meta":{"origin":42817,"position":4},"title":"Gro\u00dfbritannien: So ist BBC Sounds weiterhin im Ausland nutzbar","author":"Administrator","date":"July 23, 2025","format":false,"excerpt":"https:\/\/www.radioblog.eu\/2025\/07\/22\/grossbritannien-so-ist-bbc-sounds-weiterhin-im-ausland-nutzbar\/","rel":"","context":"In &quot;Deutsch&quot;","block_context":{"text":"Deutsch","link":"https:\/\/www.achimbrueckner.de\/dxradio\/php\/wordpress\/?cat=1"},"img":{"alt_text":"","src":"","width":0,"height":0},"classes":[]},{"id":42367,"url":"https:\/\/www.achimbrueckner.de\/dxradio\/php\/wordpress\/?p=42367","url_meta":{"origin":42817,"position":5},"title":"Gro\u00dfbritannien: BBC \u00fcbertr\u00e4gt Formel 1 im Radio und Audio-Stream","author":"Administrator","date":"March 15, 2025","format":false,"excerpt":"https:\/\/www.radioblog.eu\/2025\/03\/14\/grossbritannien-bbc-uebertraegt-formel-1-im-radio-und-audio-stream\/","rel":"","context":"In &quot;Deutsch&quot;","block_context":{"text":"Deutsch","link":"https:\/\/www.achimbrueckner.de\/dxradio\/php\/wordpress\/?cat=1"},"img":{"alt_text":"","src":"","width":0,"height":0},"classes":[]}],"_links":{"self":[{"href":"https:\/\/www.achimbrueckner.de\/dxradio\/php\/wordpress\/index.php?rest_route=\/wp\/v2\/posts\/42817","targetHints":{"allow":["GET"]}}],"collection":[{"href":"https:\/\/www.achimbrueckner.de\/dxradio\/php\/wordpress\/index.php?rest_route=\/wp\/v2\/posts"}],"about":[{"href":"https:\/\/www.achimbrueckner.de\/dxradio\/php\/wordpress\/index.php?rest_route=\/wp\/v2\/types\/post"}],"author":[{"embeddable":true,"href":"https:\/\/www.achimbrueckner.de\/dxradio\/php\/wordpress\/index.php?rest_route=\/wp\/v2\/users\/1"}],"replies":[{"embeddable":true,"href":"https:\/\/www.achimbrueckner.de\/dxradio\/php\/wordpress\/index.php?rest_route=%2Fwp%2Fv2%2Fcomments&post=42817"}],"version-history":[{"count":0,"href":"https:\/\/www.achimbrueckner.de\/dxradio\/php\/wordpress\/index.php?rest_route=\/wp\/v2\/posts\/42817\/revisions"}],"wp:attachment":[{"href":"https:\/\/www.achimbrueckner.de\/dxradio\/php\/wordpress\/index.php?rest_route=%2Fwp%2Fv2%2Fmedia&parent=42817"}],"wp:term":[{"taxonomy":"category","embeddable":true,"href":"https:\/\/www.achimbrueckner.de\/dxradio\/php\/wordpress\/index.php?rest_route=%2Fwp%2Fv2%2Fcategories&post=42817"},{"taxonomy":"post_tag","embeddable":true,"href":"https:\/\/www.achimbrueckner.de\/dxradio\/php\/wordpress\/index.php?rest_route=%2Fwp%2Fv2%2Ftags&post=42817"}],"curies":[{"name":"wp","href":"https:\/\/api.w.org\/{rel}","templated":true}]}}