{"id":42840,"date":"2025-05-20T16:18:53","date_gmt":"2025-05-20T16:18:53","guid":{"rendered":"https:\/\/www.achimbrueckner.de\/dxradio\/php\/wordpress\/?p=42840"},"modified":"2025-05-20T16:18:53","modified_gmt":"2025-05-20T16:18:53","slug":"grosbritannien-regierung-will-kurzungen-beim-bbc-world-service","status":"publish","type":"post","link":"https:\/\/www.achimbrueckner.de\/dxradio\/php\/wordpress\/?p=42840","title":{"rendered":"Gro\u00dfbritannien: Regierung will K\u00fcrzungen beim BBC World Service"},"content":{"rendered":"<p><a href=\"https:\/\/www.radioblog.eu\/2025\/05\/20\/grossbritannien-regierung-will-kuerzungen-beim-bbc-world-service\/\" target=\"_blank\">https:\/\/www.radioblog.eu\/2025\/05\/20\/grossbritannien-regierung-will-kuerzungen-beim-bbc-world-service\/<\/a><\/p>\n","protected":false},"excerpt":{"rendered":"<p>https:\/\/www.radioblog.eu\/2025\/05\/20\/grossbritannien-regierung-will-kuerzungen-beim-bbc-world-service\/<\/p>\n","protected":false},"author":1,"featured_media":0,"comment_status":"closed","ping_status":"open","sticky":false,"template":"","format":"standard","meta":{"_jetpack_memberships_contains_paid_content":false,"footnotes":"","jetpack_publicize_message":"","jetpack_publicize_feature_enabled":true,"jetpack_social_post_already_shared":true,"jetpack_social_options":{"image_generator_settings":{"template":"highway","default_image_id":0,"font":"","enabled":false},"version":2}},"categories":[1],"tags":[],"class_list":["post-42840","post","type-post","status-publish","format-standard","hentry","category-deutsch"],"jetpack_publicize_connections":[],"jetpack_featured_media_url":"","jetpack_sharing_enabled":true,"jetpack_shortlink":"https:\/\/wp.me\/p5CDmr-b8Y","jetpack-related-posts":[{"id":34432,"url":"https:\/\/www.achimbrueckner.de\/dxradio\/php\/wordpress\/?p=34432","url_meta":{"origin":42840,"position":0},"title":"Gro\u00dfbritannien: Regierung will Beitr\u00e4ge und Subventionen f\u00fcr BBC streichen","author":"Administrator","date":"January 17, 2022","format":false,"excerpt":"https:\/\/www.heise.de\/news\/Grossbritannien-Regierung-will-Beitraege-und-Subventionen-fuer-BBC-streichen-6328569.html","rel":"","context":"In &quot;Deutsch&quot;","block_context":{"text":"Deutsch","link":"https:\/\/www.achimbrueckner.de\/dxradio\/php\/wordpress\/?cat=1"},"img":{"alt_text":"","src":"","width":0,"height":0},"classes":[]},{"id":45274,"url":"https:\/\/www.achimbrueckner.de\/dxradio\/php\/wordpress\/?p=45274","url_meta":{"origin":42840,"position":1},"title":"Gro\u00dfbritannien: Regierung verdoppelt F\u00f6rderung f\u00fcr B\u00fcrgerradios","author":"Administrator","date":"March 19, 2026","format":false,"excerpt":"https:\/\/www.radioblog.eu\/2026\/03\/18\/grossbritannien-regierung-verdoppelt-foerderung-fuer-buergerradios\/","rel":"","context":"In &quot;Deutsch&quot;","block_context":{"text":"Deutsch","link":"https:\/\/www.achimbrueckner.de\/dxradio\/php\/wordpress\/?cat=1"},"img":{"alt_text":"","src":"","width":0,"height":0},"classes":[]},{"id":26699,"url":"https:\/\/www.achimbrueckner.de\/dxradio\/php\/wordpress\/?p=26699","url_meta":{"origin":42840,"position":2},"title":"DAB+ in Gro\u00dfbritannien: Regierung will digitales Radio weiter f\u00f6rdern","author":"Administrator","date":"January 17, 2020","format":false,"excerpt":"https:\/\/www.dabplus.de\/2020\/01\/17\/dab-in-grossbritannien-regierung-will-digitales-radio-weiter-foerdern\/","rel":"","context":"In &quot;Deutsch&quot;","block_context":{"text":"Deutsch","link":"https:\/\/www.achimbrueckner.de\/dxradio\/php\/wordpress\/?cat=1"},"img":{"alt_text":"","src":"","width":0,"height":0},"classes":[]},{"id":42965,"url":"https:\/\/www.achimbrueckner.de\/dxradio\/php\/wordpress\/?p=42965","url_meta":{"origin":42840,"position":3},"title":"Gro\u00dfbritannien: BBC-Langwelle sendet l\u00e4nger","author":"Administrator","date":"June 6, 2025","format":false,"excerpt":"https:\/\/www.radioblog.eu\/2025\/06\/06\/grossbritannien-bbc-langwelle-sendet-laenger\/","rel":"","context":"In &quot;Deutsch&quot;","block_context":{"text":"Deutsch","link":"https:\/\/www.achimbrueckner.de\/dxradio\/php\/wordpress\/?cat=1"},"img":{"alt_text":"","src":"","width":0,"height":0},"classes":[]},{"id":15225,"url":"https:\/\/www.achimbrueckner.de\/dxradio\/php\/wordpress\/?p=15225","url_meta":{"origin":42840,"position":4},"title":"Radioquoten in Gro\u00dfbritannien: BBC 6 Music feiert Rekordergebnis","author":"Administrator","date":"October 29, 2017","format":false,"excerpt":"http:\/\/www.radiowoche.de\/radioquoten-in-grossbritannien-bbc-6-music-feiert-rekordergebnis\/","rel":"","context":"In &quot;Deutsch&quot;","block_context":{"text":"Deutsch","link":"https:\/\/www.achimbrueckner.de\/dxradio\/php\/wordpress\/?cat=1"},"img":{"alt_text":"","src":"","width":0,"height":0},"classes":[]},{"id":43505,"url":"https:\/\/www.achimbrueckner.de\/dxradio\/php\/wordpress\/?p=43505","url_meta":{"origin":42840,"position":5},"title":"Gro\u00dfbritannien: Verl\u00e4ngerung f\u00fcr die BBC-Langwelle","author":"Administrator","date":"August 5, 2025","format":false,"excerpt":"https:\/\/www.radioblog.eu\/2025\/08\/04\/grossbritannien-verlaengerung-fuer-die-bbc-langwelle\/","rel":"","context":"In &quot;Deutsch&quot;","block_context":{"text":"Deutsch","link":"https:\/\/www.achimbrueckner.de\/dxradio\/php\/wordpress\/?cat=1"},"img":{"alt_text":"","src":"","width":0,"height":0},"classes":[]}],"_links":{"self":[{"href":"https:\/\/www.achimbrueckner.de\/dxradio\/php\/wordpress\/index.php?rest_route=\/wp\/v2\/posts\/42840","targetHints":{"allow":["GET"]}}],"collection":[{"href":"https:\/\/www.achimbrueckner.de\/dxradio\/php\/wordpress\/index.php?rest_route=\/wp\/v2\/posts"}],"about":[{"href":"https:\/\/www.achimbrueckner.de\/dxradio\/php\/wordpress\/index.php?rest_route=\/wp\/v2\/types\/post"}],"author":[{"embeddable":true,"href":"https:\/\/www.achimbrueckner.de\/dxradio\/php\/wordpress\/index.php?rest_route=\/wp\/v2\/users\/1"}],"replies":[{"embeddable":true,"href":"https:\/\/www.achimbrueckner.de\/dxradio\/php\/wordpress\/index.php?rest_route=%2Fwp%2Fv2%2Fcomments&post=42840"}],"version-history":[{"count":0,"href":"https:\/\/www.achimbrueckner.de\/dxradio\/php\/wordpress\/index.php?rest_route=\/wp\/v2\/posts\/42840\/revisions"}],"wp:attachment":[{"href":"https:\/\/www.achimbrueckner.de\/dxradio\/php\/wordpress\/index.php?rest_route=%2Fwp%2Fv2%2Fmedia&parent=42840"}],"wp:term":[{"taxonomy":"category","embeddable":true,"href":"https:\/\/www.achimbrueckner.de\/dxradio\/php\/wordpress\/index.php?rest_route=%2Fwp%2Fv2%2Fcategories&post=42840"},{"taxonomy":"post_tag","embeddable":true,"href":"https:\/\/www.achimbrueckner.de\/dxradio\/php\/wordpress\/index.php?rest_route=%2Fwp%2Fv2%2Ftags&post=42840"}],"curies":[{"name":"wp","href":"https:\/\/api.w.org\/{rel}","templated":true}]}}