{"id":42898,"date":"2025-05-28T07:08:25","date_gmt":"2025-05-28T07:08:25","guid":{"rendered":"https:\/\/www.achimbrueckner.de\/dxradio\/php\/wordpress\/?p=42898"},"modified":"2025-05-28T07:08:25","modified_gmt":"2025-05-28T07:08:25","slug":"mdr-leicht-mobiler-nachrichtenkanal-startet-zum-internationalen-tag-der-leichten-sprache","status":"publish","type":"post","link":"https:\/\/www.achimbrueckner.de\/dxradio\/php\/wordpress\/?p=42898","title":{"rendered":"\u201eMDR Leicht\u201c: Mobiler Nachrichtenkanal startet zum Internationalen Tag der Leichten Sprache"},"content":{"rendered":"<p><a href=\"https:\/\/www.radioblog.eu\/2025\/05\/28\/mdr-leicht-mobiler-nachrichtenkanal-startet-zum-internationalen-tag-der-leichten-sprache\/\" target=\"_blank\">https:\/\/www.radioblog.eu\/2025\/05\/28\/mdr-leicht-mobiler-nachrichtenkanal-startet-zum-internationalen-tag-der-leichten-sprache\/<\/a><\/p>\n","protected":false},"excerpt":{"rendered":"<p>https:\/\/www.radioblog.eu\/2025\/05\/28\/mdr-leicht-mobiler-nachrichtenkanal-startet-zum-internationalen-tag-der-leichten-sprache\/<\/p>\n","protected":false},"author":1,"featured_media":0,"comment_status":"closed","ping_status":"open","sticky":false,"template":"","format":"standard","meta":{"_jetpack_memberships_contains_paid_content":false,"footnotes":"","jetpack_publicize_message":"","jetpack_publicize_feature_enabled":true,"jetpack_social_post_already_shared":true,"jetpack_social_options":{"image_generator_settings":{"template":"highway","default_image_id":0,"font":"","enabled":false},"version":2}},"categories":[1],"tags":[],"class_list":["post-42898","post","type-post","status-publish","format-standard","hentry","category-deutsch"],"jetpack_publicize_connections":[],"jetpack_featured_media_url":"","jetpack_sharing_enabled":true,"jetpack_shortlink":"https:\/\/wp.me\/p5CDmr-b9U","jetpack-related-posts":[{"id":32882,"url":"https:\/\/www.achimbrueckner.de\/dxradio\/php\/wordpress\/?p=32882","url_meta":{"origin":42898,"position":0},"title":"BILD-Zeitung startet eigenen TV-Nachrichtenkanal","author":"Administrator","date":"June 16, 2021","format":false,"excerpt":"https:\/\/www.smartphonefan.de\/2021\/06\/16\/bild-zeitung-startet-eigenen-tv-nachrichtenkanal\/","rel":"","context":"In &quot;Deutsch&quot;","block_context":{"text":"Deutsch","link":"https:\/\/www.achimbrueckner.de\/dxradio\/php\/wordpress\/?cat=1"},"img":{"alt_text":"","src":"","width":0,"height":0},"classes":[]},{"id":41466,"url":"https:\/\/www.achimbrueckner.de\/dxradio\/php\/wordpress\/?p=41466","url_meta":{"origin":42898,"position":1},"title":"\u00d6sterreich: Erster privater Nonstop-Nachrichtenkanal","author":"Administrator","date":"July 10, 2024","format":false,"excerpt":"https:\/\/www.radioblog.eu\/2024\/07\/10\/oesterreich-erster-privater-nonstop-nachrichtenkanal\/","rel":"","context":"In &quot;Deutsch&quot;","block_context":{"text":"Deutsch","link":"https:\/\/www.achimbrueckner.de\/dxradio\/php\/wordpress\/?cat=1"},"img":{"alt_text":"","src":"","width":0,"height":0},"classes":[]},{"id":12065,"url":"https:\/\/www.achimbrueckner.de\/dxradio\/php\/wordpress\/?p=12065","url_meta":{"origin":42898,"position":2},"title":"Radio Freies Europa USA starten neuen russischsprachigen Nachrichtenkanal","author":"Administrator","date":"February 9, 2017","format":false,"excerpt":"http:\/\/www.rundschau-online.de\/medien\/radio-freies-europa-usa-starten-neuen-russischsprachigen-nachrichtenkanal-25696954","rel":"","context":"In &quot;Deutsch&quot;","block_context":{"text":"Deutsch","link":"https:\/\/www.achimbrueckner.de\/dxradio\/php\/wordpress\/?cat=1"},"img":{"alt_text":"","src":"","width":0,"height":0},"classes":[]},{"id":33127,"url":"https:\/\/www.achimbrueckner.de\/dxradio\/php\/wordpress\/?p=33127","url_meta":{"origin":42898,"position":3},"title":"MDR startet neue Bundesliga-Digitalangebote zum H\u00f6ren und Sehen","author":"Administrator","date":"July 21, 2021","format":false,"excerpt":"https:\/\/www.infosat.de\/radio\/mdr-startet-neue-bundesliga-digitalangebote-zum-h-ren-und-sehen","rel":"","context":"In &quot;Deutsch&quot;","block_context":{"text":"Deutsch","link":"https:\/\/www.achimbrueckner.de\/dxradio\/php\/wordpress\/?cat=1"},"img":{"alt_text":"","src":"","width":0,"height":0},"classes":[]},{"id":23063,"url":"https:\/\/www.achimbrueckner.de\/dxradio\/php\/wordpress\/?p=23063","url_meta":{"origin":42898,"position":4},"title":"Private Sender protestieren gegen politische Pl\u00e4ne zu einem \u00f6ffentlich-rechtlichen Nachrichtenkanal","author":"Administrator","date":"May 11, 2019","format":false,"excerpt":"https:\/\/www.satellifax.de\/mlesen.php?id=e1381dd99a22ac01590ca734316f07da","rel":"","context":"In &quot;Deutsch&quot;","block_context":{"text":"Deutsch","link":"https:\/\/www.achimbrueckner.de\/dxradio\/php\/wordpress\/?cat=1"},"img":{"alt_text":"","src":"","width":0,"height":0},"classes":[]},{"id":486,"url":"https:\/\/www.achimbrueckner.de\/dxradio\/php\/wordpress\/?p=486","url_meta":{"origin":42898,"position":5},"title":"H\u00f6rertreffen IFA Berlin","author":"Administrator","date":"August 8, 2009","format":false,"excerpt":"Einladung zum H\u00f6rertreffen w\u00e4hrend der Internationalen Funkausstellung 2009 \"Wie es schon seit vielen Jahren Tradition ist, wird es auch in diesem Jahr zur Internationalen Funkausstellung, f\u00fcr alle die am Radio-Hobby interessiert sind, in Berlin ein Treffen geben. Wir laden alle Hobbyfreunde am 05. September 2009 nach Berlin zu einem Austausch\u2026","rel":"","context":"In &quot;camps&quot;","block_context":{"text":"camps","link":"https:\/\/www.achimbrueckner.de\/dxradio\/php\/wordpress\/?cat=5"},"img":{"alt_text":"","src":"","width":0,"height":0},"classes":[]}],"_links":{"self":[{"href":"https:\/\/www.achimbrueckner.de\/dxradio\/php\/wordpress\/index.php?rest_route=\/wp\/v2\/posts\/42898","targetHints":{"allow":["GET"]}}],"collection":[{"href":"https:\/\/www.achimbrueckner.de\/dxradio\/php\/wordpress\/index.php?rest_route=\/wp\/v2\/posts"}],"about":[{"href":"https:\/\/www.achimbrueckner.de\/dxradio\/php\/wordpress\/index.php?rest_route=\/wp\/v2\/types\/post"}],"author":[{"embeddable":true,"href":"https:\/\/www.achimbrueckner.de\/dxradio\/php\/wordpress\/index.php?rest_route=\/wp\/v2\/users\/1"}],"replies":[{"embeddable":true,"href":"https:\/\/www.achimbrueckner.de\/dxradio\/php\/wordpress\/index.php?rest_route=%2Fwp%2Fv2%2Fcomments&post=42898"}],"version-history":[{"count":0,"href":"https:\/\/www.achimbrueckner.de\/dxradio\/php\/wordpress\/index.php?rest_route=\/wp\/v2\/posts\/42898\/revisions"}],"wp:attachment":[{"href":"https:\/\/www.achimbrueckner.de\/dxradio\/php\/wordpress\/index.php?rest_route=%2Fwp%2Fv2%2Fmedia&parent=42898"}],"wp:term":[{"taxonomy":"category","embeddable":true,"href":"https:\/\/www.achimbrueckner.de\/dxradio\/php\/wordpress\/index.php?rest_route=%2Fwp%2Fv2%2Fcategories&post=42898"},{"taxonomy":"post_tag","embeddable":true,"href":"https:\/\/www.achimbrueckner.de\/dxradio\/php\/wordpress\/index.php?rest_route=%2Fwp%2Fv2%2Ftags&post=42898"}],"curies":[{"name":"wp","href":"https:\/\/api.w.org\/{rel}","templated":true}]}}