{"id":42902,"date":"2025-05-29T09:11:01","date_gmt":"2025-05-29T09:11:01","guid":{"rendered":"https:\/\/www.achimbrueckner.de\/dxradio\/php\/wordpress\/?p=42902"},"modified":"2025-05-29T09:11:01","modified_gmt":"2025-05-29T09:11:01","slug":"usa-bundesberufungsgericht-entscheidet-gegen-voice-of-america","status":"publish","type":"post","link":"https:\/\/www.achimbrueckner.de\/dxradio\/php\/wordpress\/?p=42902","title":{"rendered":"USA: Bundesberufungsgericht entscheidet gegen Voice of America"},"content":{"rendered":"<p><a href=\"https:\/\/www.radioblog.eu\/2025\/05\/29\/usa-bundesberufungsgericht-entscheidet-gegen-voice-of-america\/\" target=\"_blank\">https:\/\/www.radioblog.eu\/2025\/05\/29\/usa-bundesberufungsgericht-entscheidet-gegen-voice-of-america\/<\/a><\/p>\n","protected":false},"excerpt":{"rendered":"<p>https:\/\/www.radioblog.eu\/2025\/05\/29\/usa-bundesberufungsgericht-entscheidet-gegen-voice-of-america\/<\/p>\n","protected":false},"author":1,"featured_media":0,"comment_status":"closed","ping_status":"open","sticky":false,"template":"","format":"standard","meta":{"_jetpack_memberships_contains_paid_content":false,"footnotes":"","jetpack_publicize_message":"","jetpack_publicize_feature_enabled":true,"jetpack_social_post_already_shared":true,"jetpack_social_options":{"image_generator_settings":{"template":"highway","default_image_id":0,"font":"","enabled":false},"version":2}},"categories":[1],"tags":[],"class_list":["post-42902","post","type-post","status-publish","format-standard","hentry","category-deutsch"],"jetpack_publicize_connections":[],"jetpack_featured_media_url":"","jetpack_sharing_enabled":true,"jetpack_shortlink":"https:\/\/wp.me\/p5CDmr-b9Y","jetpack-related-posts":[{"id":15770,"url":"https:\/\/www.achimbrueckner.de\/dxradio\/php\/wordpress\/?p=15770","url_meta":{"origin":42902,"position":0},"title":"Lettland entscheidet sich gegen DAB+","author":"Administrator","date":"December 4, 2017","format":false,"excerpt":"http:\/\/www.radiowoche.de\/lettland-entscheidet-sich-gegen-dab\/","rel":"","context":"In &quot;Deutsch&quot;","block_context":{"text":"Deutsch","link":"https:\/\/www.achimbrueckner.de\/dxradio\/php\/wordpress\/?cat=1"},"img":{"alt_text":"","src":"","width":0,"height":0},"classes":[]},{"id":43198,"url":"https:\/\/www.achimbrueckner.de\/dxradio\/php\/wordpress\/?p=43198","url_meta":{"origin":42902,"position":1},"title":"Bericht: ARD entscheidet sich vorerst gegen 5G Broadcast","author":"Administrator","date":"July 3, 2025","format":false,"excerpt":"https:\/\/www.radioblog.eu\/2025\/07\/03\/bericht-ard-entscheidet-sich-vorerst-gegen-5g-broadcast\/","rel":"","context":"In &quot;Deutsch&quot;","block_context":{"text":"Deutsch","link":"https:\/\/www.achimbrueckner.de\/dxradio\/php\/wordpress\/?cat=1"},"img":{"alt_text":"","src":"","width":0,"height":0},"classes":[]},{"id":43192,"url":"https:\/\/www.achimbrueckner.de\/dxradio\/php\/wordpress\/?p=43192","url_meta":{"origin":42902,"position":2},"title":"Gro\u00dfbritannien: Ofcom entscheidet endg\u00fcltig \u00fcber neue BBC-Programme","author":"Administrator","date":"July 3, 2025","format":false,"excerpt":"https:\/\/www.radioblog.eu\/2025\/07\/03\/grossbritannien-ofcom-entscheidet-endgueltig-ueber-neue-bbc-programme\/","rel":"","context":"In &quot;Deutsch&quot;","block_context":{"text":"Deutsch","link":"https:\/\/www.achimbrueckner.de\/dxradio\/php\/wordpress\/?cat=1"},"img":{"alt_text":"","src":"","width":0,"height":0},"classes":[]},{"id":44092,"url":"https:\/\/www.achimbrueckner.de\/dxradio\/php\/wordpress\/?p=44092","url_meta":{"origin":42902,"position":3},"title":"Utopie oder Dystopie? Wer entscheidet die Zukunft der digitalen Gesellschaft?","author":"Administrator","date":"October 22, 2025","format":false,"excerpt":"https:\/\/www.deutschlandfunkkultur.de\/utopie-oder-apokalypse-wer-entscheidet-die-zukunft-der-digitalen-gesellschaft-100.html","rel":"","context":"In &quot;Deutsch&quot;","block_context":{"text":"Deutsch","link":"https:\/\/www.achimbrueckner.de\/dxradio\/php\/wordpress\/?cat=1"},"img":{"alt_text":"","src":"","width":0,"height":0},"classes":[]},{"id":4567,"url":"https:\/\/www.achimbrueckner.de\/dxradio\/php\/wordpress\/?p=4567","url_meta":{"origin":42902,"position":4},"title":"Luxemburg: Gratiszeitung entscheidet Bieterverfahren f\u00fcr sich &#8220;L&#8217;Essentiel&#8221; startet Radioprogramm","author":"Administrator","date":"May 9, 2015","format":false,"excerpt":"http:\/\/www.wort.lu\/de\/politik\/gratiszeitung-entscheidet-bieterverfahren-fuer-sich-l-essentiel-startet-radioprogramm-554cb2da0c88b46a8ce58df7","rel":"","context":"In &quot;Deutsch&quot;","block_context":{"text":"Deutsch","link":"https:\/\/www.achimbrueckner.de\/dxradio\/php\/wordpress\/?cat=1"},"img":{"alt_text":"","src":"","width":0,"height":0},"classes":[]},{"id":28672,"url":"https:\/\/www.achimbrueckner.de\/dxradio\/php\/wordpress\/?p=28672","url_meta":{"origin":42902,"position":5},"title":"Fehlende Unterschrift? \u2013 Verwaltungsgericht entscheidet im Eilverfahren vorl\u00e4ufig zugunsten von ENERGY Hamburg","author":"Administrator","date":"May 15, 2020","format":false,"excerpt":"http:\/\/www.radiowoche.de\/fehlende-unterschrift-verwaltungsgericht-entscheidet-im-eilverfahren-vorlaeufig-zugunsten-von-energy-hamburg\/","rel":"","context":"In &quot;Deutsch&quot;","block_context":{"text":"Deutsch","link":"https:\/\/www.achimbrueckner.de\/dxradio\/php\/wordpress\/?cat=1"},"img":{"alt_text":"","src":"","width":0,"height":0},"classes":[]}],"_links":{"self":[{"href":"https:\/\/www.achimbrueckner.de\/dxradio\/php\/wordpress\/index.php?rest_route=\/wp\/v2\/posts\/42902","targetHints":{"allow":["GET"]}}],"collection":[{"href":"https:\/\/www.achimbrueckner.de\/dxradio\/php\/wordpress\/index.php?rest_route=\/wp\/v2\/posts"}],"about":[{"href":"https:\/\/www.achimbrueckner.de\/dxradio\/php\/wordpress\/index.php?rest_route=\/wp\/v2\/types\/post"}],"author":[{"embeddable":true,"href":"https:\/\/www.achimbrueckner.de\/dxradio\/php\/wordpress\/index.php?rest_route=\/wp\/v2\/users\/1"}],"replies":[{"embeddable":true,"href":"https:\/\/www.achimbrueckner.de\/dxradio\/php\/wordpress\/index.php?rest_route=%2Fwp%2Fv2%2Fcomments&post=42902"}],"version-history":[{"count":0,"href":"https:\/\/www.achimbrueckner.de\/dxradio\/php\/wordpress\/index.php?rest_route=\/wp\/v2\/posts\/42902\/revisions"}],"wp:attachment":[{"href":"https:\/\/www.achimbrueckner.de\/dxradio\/php\/wordpress\/index.php?rest_route=%2Fwp%2Fv2%2Fmedia&parent=42902"}],"wp:term":[{"taxonomy":"category","embeddable":true,"href":"https:\/\/www.achimbrueckner.de\/dxradio\/php\/wordpress\/index.php?rest_route=%2Fwp%2Fv2%2Fcategories&post=42902"},{"taxonomy":"post_tag","embeddable":true,"href":"https:\/\/www.achimbrueckner.de\/dxradio\/php\/wordpress\/index.php?rest_route=%2Fwp%2Fv2%2Ftags&post=42902"}],"curies":[{"name":"wp","href":"https:\/\/api.w.org\/{rel}","templated":true}]}}