{"id":42911,"date":"2025-05-29T09:19:27","date_gmt":"2025-05-29T09:19:27","guid":{"rendered":"https:\/\/www.achimbrueckner.de\/dxradio\/php\/wordpress\/?p=42911"},"modified":"2025-05-29T09:19:27","modified_gmt":"2025-05-29T09:19:27","slug":"kurzwellensender-bei-rimavska-sobota-vor-dem-abriss","status":"publish","type":"post","link":"https:\/\/www.achimbrueckner.de\/dxradio\/php\/wordpress\/?p=42911","title":{"rendered":"Kurzwellensender bei Rimavsk\u00e1 Sobota vor dem Abriss"},"content":{"rendered":"<p><a href=\"https:\/\/dersi.stvr.sk\/clanky\/wissenschaft-umwelt\/402912\/kurzwellensender-bei-rimavska-sobota-vor-dem-abriss\" target=\"_blank\">https:\/\/dersi.stvr.sk\/clanky\/wissenschaft-umwelt\/402912\/kurzwellensender-bei-rimavska-sobota-vor-dem-abriss<\/a><\/p>\n<p>Info via <a href=\"https:\/\/www.ratzer.at\" target=\"_blank\">A-DX<\/a><\/p>\n","protected":false},"excerpt":{"rendered":"<p>https:\/\/dersi.stvr.sk\/clanky\/wissenschaft-umwelt\/402912\/kurzwellensender-bei-rimavska-sobota-vor-dem-abriss Info via A-DX<\/p>\n","protected":false},"author":1,"featured_media":0,"comment_status":"closed","ping_status":"open","sticky":false,"template":"","format":"standard","meta":{"_jetpack_memberships_contains_paid_content":false,"footnotes":"","jetpack_publicize_message":"","jetpack_publicize_feature_enabled":true,"jetpack_social_post_already_shared":true,"jetpack_social_options":{"image_generator_settings":{"template":"highway","default_image_id":0,"font":"","enabled":false},"version":2}},"categories":[1],"tags":[],"class_list":["post-42911","post","type-post","status-publish","format-standard","hentry","category-deutsch"],"jetpack_publicize_connections":[],"jetpack_featured_media_url":"","jetpack_sharing_enabled":true,"jetpack_shortlink":"https:\/\/wp.me\/p5CDmr-ba7","jetpack-related-posts":[{"id":43517,"url":"https:\/\/www.achimbrueckner.de\/dxradio\/php\/wordpress\/?p=43517","url_meta":{"origin":42911,"position":0},"title":"Abschied von der Kurzwellen-\u00c4ra: Erste Sendemasten bei Rimavsk\u00e1 Sobota gesprengt","author":"Administrator","date":"August 6, 2025","format":false,"excerpt":"https:\/\/dersi.stvr.sk\/clanky\/tagesthema\/410770\/abschied-von-der-kurzwellen-ara-erste-sendemasten-bei-rimavska-sobota-gesprengt","rel":"","context":"In &quot;Deutsch&quot;","block_context":{"text":"Deutsch","link":"https:\/\/www.achimbrueckner.de\/dxradio\/php\/wordpress\/?cat=1"},"img":{"alt_text":"","src":"","width":0,"height":0},"classes":[]},{"id":3368,"url":"https:\/\/www.achimbrueckner.de\/dxradio\/php\/wordpress\/?p=3368","url_meta":{"origin":42911,"position":1},"title":"Fotos und Videos vom Kurzwellensender Wertachtal, kurz vor dem Abriss","author":"Administrator","date":"July 28, 2014","format":false,"excerpt":"http:\/\/neuerdings.com\/2014\/07\/28\/kurzwellensender-wertachtal\/","rel":"","context":"In &quot;Deutsch&quot;","block_context":{"text":"Deutsch","link":"https:\/\/www.achimbrueckner.de\/dxradio\/php\/wordpress\/?cat=1"},"img":{"alt_text":"","src":"","width":0,"height":0},"classes":[]},{"id":3754,"url":"https:\/\/www.achimbrueckner.de\/dxradio\/php\/wordpress\/?p=3754","url_meta":{"origin":42911,"position":2},"title":"Kurzwellensender im Wertachtal verschwindet","author":"Administrator","date":"November 13, 2014","format":false,"excerpt":"http:\/\/www.br.de\/radio\/bayern1\/sendungen\/mittags-in-schwaben\/abriss-nach-40-jahren-europas-groesster-kurzwellensender-verschwindet-100.html http:\/\/www.br.de\/nachrichten\/schwaben\/rueckbau-sender-wertachtal-100.html http:\/\/www.augsburger-allgemeine.de\/video\/?bcpid=1663899672001&bclid=1644560052001&bctid=3885380084001&refer=rightboxa","rel":"","context":"In &quot;Deutsch&quot;","block_context":{"text":"Deutsch","link":"https:\/\/www.achimbrueckner.de\/dxradio\/php\/wordpress\/?cat=1"},"img":{"alt_text":"","src":"","width":0,"height":0},"classes":[]},{"id":547,"url":"https:\/\/www.achimbrueckner.de\/dxradio\/php\/wordpress\/?p=547","url_meta":{"origin":42911,"position":3},"title":"Radio Slovakia Sonder-QSL-Karte","author":"Administrator","date":"September 25, 2009","format":false,"excerpt":"Liebe Hobbyfreunde! Das Austrian DX Board (ADXB) f\u00fchrt in Zusammenarbeit mit Radio Slovakia International eine Aktion im Zeitraum im Zeitraum von November-2009 bis inklusive J\u00e4nner 2010 durch, bei der es eine Sonder-QSL Karte als Belohnung f\u00fcr korrekte Empfangsberichte geben wird. Anlass ist das 40 J\u00e4hrige Bestehen des ADXB, des einzigen\u2026","rel":"","context":"In &quot;contests&quot;","block_context":{"text":"contests","link":"https:\/\/www.achimbrueckner.de\/dxradio\/php\/wordpress\/?cat=6"},"img":{"alt_text":"","src":"","width":0,"height":0},"classes":[]},{"id":1906,"url":"https:\/\/www.achimbrueckner.de\/dxradio\/php\/wordpress\/?p=1906","url_meta":{"origin":42911,"position":4},"title":"Radiomission TWR stellt zwei neue Kurzwellensender in Dienst","author":"Administrator","date":"November 10, 2011","format":false,"excerpt":"Radiomission TWR stellt zwei neue Kurzwellensender in Dienst http:\/\/www.radiowoche.de\/meldungen\/1\/11051\/radiomission-twr-stellt-zwei-neue-kurzwellensender-in-dienst\/","rel":"","context":"In &quot;Deutsch&quot;","block_context":{"text":"Deutsch","link":"https:\/\/www.achimbrueckner.de\/dxradio\/php\/wordpress\/?cat=1"},"img":{"alt_text":"","src":"","width":0,"height":0},"classes":[]},{"id":2254,"url":"https:\/\/www.achimbrueckner.de\/dxradio\/php\/wordpress\/?p=2254","url_meta":{"origin":42911,"position":5},"title":"Neuer Kurzwellensender in Deutschland: Weenermoor testet","author":"Administrator","date":"June 8, 2012","format":false,"excerpt":"Neuer Kurzwellensender in Deutschland: Weenermoor testet http:\/\/www.dxaktuell.de\/?p=2529","rel":"","context":"In &quot;Deutsch&quot;","block_context":{"text":"Deutsch","link":"https:\/\/www.achimbrueckner.de\/dxradio\/php\/wordpress\/?cat=1"},"img":{"alt_text":"","src":"","width":0,"height":0},"classes":[]}],"_links":{"self":[{"href":"https:\/\/www.achimbrueckner.de\/dxradio\/php\/wordpress\/index.php?rest_route=\/wp\/v2\/posts\/42911","targetHints":{"allow":["GET"]}}],"collection":[{"href":"https:\/\/www.achimbrueckner.de\/dxradio\/php\/wordpress\/index.php?rest_route=\/wp\/v2\/posts"}],"about":[{"href":"https:\/\/www.achimbrueckner.de\/dxradio\/php\/wordpress\/index.php?rest_route=\/wp\/v2\/types\/post"}],"author":[{"embeddable":true,"href":"https:\/\/www.achimbrueckner.de\/dxradio\/php\/wordpress\/index.php?rest_route=\/wp\/v2\/users\/1"}],"replies":[{"embeddable":true,"href":"https:\/\/www.achimbrueckner.de\/dxradio\/php\/wordpress\/index.php?rest_route=%2Fwp%2Fv2%2Fcomments&post=42911"}],"version-history":[{"count":0,"href":"https:\/\/www.achimbrueckner.de\/dxradio\/php\/wordpress\/index.php?rest_route=\/wp\/v2\/posts\/42911\/revisions"}],"wp:attachment":[{"href":"https:\/\/www.achimbrueckner.de\/dxradio\/php\/wordpress\/index.php?rest_route=%2Fwp%2Fv2%2Fmedia&parent=42911"}],"wp:term":[{"taxonomy":"category","embeddable":true,"href":"https:\/\/www.achimbrueckner.de\/dxradio\/php\/wordpress\/index.php?rest_route=%2Fwp%2Fv2%2Fcategories&post=42911"},{"taxonomy":"post_tag","embeddable":true,"href":"https:\/\/www.achimbrueckner.de\/dxradio\/php\/wordpress\/index.php?rest_route=%2Fwp%2Fv2%2Ftags&post=42911"}],"curies":[{"name":"wp","href":"https:\/\/api.w.org\/{rel}","templated":true}]}}