{"id":42916,"date":"2025-05-30T09:47:39","date_gmt":"2025-05-30T09:47:39","guid":{"rendered":"https:\/\/www.achimbrueckner.de\/dxradio\/php\/wordpress\/?p=42916"},"modified":"2025-05-30T09:47:39","modified_gmt":"2025-05-30T09:47:39","slug":"osterreich-ratselhafte-empfangsprobleme-mit-radio-god-auf-wlan-radios","status":"publish","type":"post","link":"https:\/\/www.achimbrueckner.de\/dxradio\/php\/wordpress\/?p=42916","title":{"rendered":"\u00d6sterreich: R\u00e4tselhafte Empfangsprobleme mit Radio G\u00d6D auf WLAN-Radios"},"content":{"rendered":"<p><a href=\"https:\/\/www.radioblog.eu\/2025\/05\/29\/oesterreich-raetselhafte-empfangsprobleme-mit-radio-goed-auf-wlan-radios\/\" target=\"_blank\">https:\/\/www.radioblog.eu\/2025\/05\/29\/oesterreich-raetselhafte-empfangsprobleme-mit-radio-goed-auf-wlan-radios\/<\/a><\/p>\n","protected":false},"excerpt":{"rendered":"<p>https:\/\/www.radioblog.eu\/2025\/05\/29\/oesterreich-raetselhafte-empfangsprobleme-mit-radio-goed-auf-wlan-radios\/<\/p>\n","protected":false},"author":1,"featured_media":0,"comment_status":"closed","ping_status":"open","sticky":false,"template":"","format":"standard","meta":{"_jetpack_memberships_contains_paid_content":false,"footnotes":"","jetpack_publicize_message":"","jetpack_publicize_feature_enabled":true,"jetpack_social_post_already_shared":true,"jetpack_social_options":{"image_generator_settings":{"template":"highway","default_image_id":0,"font":"","enabled":false},"version":2}},"categories":[1],"tags":[],"class_list":["post-42916","post","type-post","status-publish","format-standard","hentry","category-deutsch"],"jetpack_publicize_connections":[],"jetpack_featured_media_url":"","jetpack_sharing_enabled":true,"jetpack_shortlink":"https:\/\/wp.me\/p5CDmr-bac","jetpack-related-posts":[{"id":44350,"url":"https:\/\/www.achimbrueckner.de\/dxradio\/php\/wordpress\/?p=44350","url_meta":{"origin":42916,"position":0},"title":"\u00d6sterreich: Probleme mit Radio G\u00d6D auf WLAN-Radios behoben","author":"Administrator","date":"November 22, 2025","format":false,"excerpt":"https:\/\/www.radioblog.eu\/2025\/11\/22\/oesterreich-probleme-mit-radio-goed-auf-wlan-radios-behoben\/","rel":"","context":"In &quot;Deutsch&quot;","block_context":{"text":"Deutsch","link":"https:\/\/www.achimbrueckner.de\/dxradio\/php\/wordpress\/?cat=1"},"img":{"alt_text":"","src":"","width":0,"height":0},"classes":[]},{"id":38748,"url":"https:\/\/www.achimbrueckner.de\/dxradio\/php\/wordpress\/?p=38748","url_meta":{"origin":42916,"position":1},"title":"90s90s behebt Empfangsprobleme \u00fcber DAB+","author":"Administrator","date":"February 2, 2023","format":false,"excerpt":"https:\/\/www.digitalfernsehen.de\/news\/empfang\/radio\/dab-neuer-sender-auf-2-bundesmux-sportradio-nachfolger-gefunden-1009729\/","rel":"","context":"In &quot;Deutsch&quot;","block_context":{"text":"Deutsch","link":"https:\/\/www.achimbrueckner.de\/dxradio\/php\/wordpress\/?cat=1"},"img":{"alt_text":"","src":"","width":0,"height":0},"classes":[]},{"id":21644,"url":"https:\/\/www.achimbrueckner.de\/dxradio\/php\/wordpress\/?p=21644","url_meta":{"origin":42916,"position":2},"title":"DLF-Empfangsprobleme","author":"Administrator","date":"February 15, 2019","format":false,"excerpt":"http:\/\/www.badische-zeitung.de\/infobox-wap3s4q\/dlf-empfangsprobleme--166370960.html","rel":"","context":"In &quot;Deutsch&quot;","block_context":{"text":"Deutsch","link":"https:\/\/www.achimbrueckner.de\/dxradio\/php\/wordpress\/?cat=1"},"img":{"alt_text":"","src":"","width":0,"height":0},"classes":[]},{"id":42847,"url":"https:\/\/www.achimbrueckner.de\/dxradio\/php\/wordpress\/?p=42847","url_meta":{"origin":42916,"position":3},"title":"Rockland: Hier gibt es weiterhin Empfangsprobleme","author":"Administrator","date":"May 21, 2025","format":false,"excerpt":"https:\/\/www.radioblog.eu\/2025\/05\/21\/rockland-hier-gibt-es-weiterhin-empfangsprobleme\/","rel":"","context":"In &quot;Deutsch&quot;","block_context":{"text":"Deutsch","link":"https:\/\/www.achimbrueckner.de\/dxradio\/php\/wordpress\/?cat=1"},"img":{"alt_text":"","src":"","width":0,"height":0},"classes":[]},{"id":38247,"url":"https:\/\/www.achimbrueckner.de\/dxradio\/php\/wordpress\/?p=38247","url_meta":{"origin":42916,"position":4},"title":"Telstar Radio Weihnachten 2022","author":"Administrator","date":"December 18, 2022","format":false,"excerpt":"Telstar Rock w\u00fcnscht allen H\u00f6rern einen sch\u00f6nen vierten Advent. Am ersten und zweiten Weihnachtsfeiertag sind wir jeweils ab 20 Uhr wieder live f\u00fcr Euch auf Sendung. Ihr h\u00f6rt unser Programm auf www.telstarrock.de, \u00fcber TuneIn Radio und Radio.de sowie mit fast allen WLAN-Radios. Stay tuned!","rel":"","context":"In &quot;Deutsch&quot;","block_context":{"text":"Deutsch","link":"https:\/\/www.achimbrueckner.de\/dxradio\/php\/wordpress\/?cat=1"},"img":{"alt_text":"","src":"","width":0,"height":0},"classes":[]},{"id":38246,"url":"https:\/\/www.achimbrueckner.de\/dxradio\/php\/wordpress\/?p=38246","url_meta":{"origin":42916,"position":5},"title":"Classic Hits Radio Silvester 2022","author":"Administrator","date":"December 18, 2022","format":false,"excerpt":"Classic Hits Radio w\u00fcnscht allen H\u00f6rern einen sch\u00f6nen vierten Advent. Wir begleiten Euch mit Pop und Rock aus 60 Jahren Musikgeschichte durch die Adventszeit. An Silvester sind wir wieder live f\u00fcr Euch auf Sendung. Details zum Programm \u00fcber den Jahreswechsel gibt es demn\u00e4chst hier auf Facebook und Instagram. Ihr h\u00f6rt\u2026","rel":"","context":"In &quot;Deutsch&quot;","block_context":{"text":"Deutsch","link":"https:\/\/www.achimbrueckner.de\/dxradio\/php\/wordpress\/?cat=1"},"img":{"alt_text":"","src":"","width":0,"height":0},"classes":[]}],"_links":{"self":[{"href":"https:\/\/www.achimbrueckner.de\/dxradio\/php\/wordpress\/index.php?rest_route=\/wp\/v2\/posts\/42916","targetHints":{"allow":["GET"]}}],"collection":[{"href":"https:\/\/www.achimbrueckner.de\/dxradio\/php\/wordpress\/index.php?rest_route=\/wp\/v2\/posts"}],"about":[{"href":"https:\/\/www.achimbrueckner.de\/dxradio\/php\/wordpress\/index.php?rest_route=\/wp\/v2\/types\/post"}],"author":[{"embeddable":true,"href":"https:\/\/www.achimbrueckner.de\/dxradio\/php\/wordpress\/index.php?rest_route=\/wp\/v2\/users\/1"}],"replies":[{"embeddable":true,"href":"https:\/\/www.achimbrueckner.de\/dxradio\/php\/wordpress\/index.php?rest_route=%2Fwp%2Fv2%2Fcomments&post=42916"}],"version-history":[{"count":0,"href":"https:\/\/www.achimbrueckner.de\/dxradio\/php\/wordpress\/index.php?rest_route=\/wp\/v2\/posts\/42916\/revisions"}],"wp:attachment":[{"href":"https:\/\/www.achimbrueckner.de\/dxradio\/php\/wordpress\/index.php?rest_route=%2Fwp%2Fv2%2Fmedia&parent=42916"}],"wp:term":[{"taxonomy":"category","embeddable":true,"href":"https:\/\/www.achimbrueckner.de\/dxradio\/php\/wordpress\/index.php?rest_route=%2Fwp%2Fv2%2Fcategories&post=42916"},{"taxonomy":"post_tag","embeddable":true,"href":"https:\/\/www.achimbrueckner.de\/dxradio\/php\/wordpress\/index.php?rest_route=%2Fwp%2Fv2%2Ftags&post=42916"}],"curies":[{"name":"wp","href":"https:\/\/api.w.org\/{rel}","templated":true}]}}