{"id":42935,"date":"2025-06-03T15:22:58","date_gmt":"2025-06-03T15:22:58","guid":{"rendered":"https:\/\/www.achimbrueckner.de\/dxradio\/php\/wordpress\/?p=42935"},"modified":"2025-06-03T15:22:58","modified_gmt":"2025-06-03T15:22:58","slug":"schweiz-radio-zurileu-als-neues-lokalradio-gestartet","status":"publish","type":"post","link":"https:\/\/www.achimbrueckner.de\/dxradio\/php\/wordpress\/?p=42935","title":{"rendered":"Schweiz: Radio Z\u00fcriLeu als neues Lokalradio gestartet"},"content":{"rendered":"<p><a href=\"https:\/\/www.radioblog.eu\/2025\/06\/03\/schweiz-radio-zuerileu-als-neues-lokalradio-gestartet\/\" target=\"_blank\">https:\/\/www.radioblog.eu\/2025\/06\/03\/schweiz-radio-zuerileu-als-neues-lokalradio-gestartet\/<\/a><\/p>\n","protected":false},"excerpt":{"rendered":"<p>https:\/\/www.radioblog.eu\/2025\/06\/03\/schweiz-radio-zuerileu-als-neues-lokalradio-gestartet\/<\/p>\n","protected":false},"author":1,"featured_media":0,"comment_status":"closed","ping_status":"open","sticky":false,"template":"","format":"standard","meta":{"_jetpack_memberships_contains_paid_content":false,"footnotes":"","jetpack_publicize_message":"","jetpack_publicize_feature_enabled":true,"jetpack_social_post_already_shared":true,"jetpack_social_options":{"image_generator_settings":{"template":"highway","default_image_id":0,"font":"","enabled":false},"version":2}},"categories":[1],"tags":[],"class_list":["post-42935","post","type-post","status-publish","format-standard","hentry","category-deutsch"],"jetpack_publicize_connections":[],"jetpack_featured_media_url":"","jetpack_sharing_enabled":true,"jetpack_shortlink":"https:\/\/wp.me\/p5CDmr-bav","jetpack-related-posts":[{"id":20773,"url":"https:\/\/www.achimbrueckner.de\/dxradio\/php\/wordpress\/?p=20773","url_meta":{"origin":42935,"position":0},"title":"Radio 90vier: Neues Lokalradio in Niedersachsen","author":"Administrator","date":"January 6, 2019","format":false,"excerpt":"https:\/\/www.smartphonefan.de\/2019\/01\/06\/radio-90vier-neues-lokalradio-in-niedersachsen\/","rel":"","context":"In &quot;Deutsch&quot;","block_context":{"text":"Deutsch","link":"https:\/\/www.achimbrueckner.de\/dxradio\/php\/wordpress\/?cat=1"},"img":{"alt_text":"","src":"","width":0,"height":0},"classes":[]},{"id":17500,"url":"https:\/\/www.achimbrueckner.de\/dxradio\/php\/wordpress\/?p=17500","url_meta":{"origin":42935,"position":1},"title":"Niedersachsen: Neues Lokalradio Radio 90vier bekommt Lizenz","author":"Administrator","date":"April 26, 2018","format":false,"excerpt":"http:\/\/www.radiowoche.de\/niedersachsen-neues-lokalradio-radio-90vier-bekommt-lizenz\/","rel":"","context":"In &quot;Deutsch&quot;","block_context":{"text":"Deutsch","link":"https:\/\/www.achimbrueckner.de\/dxradio\/php\/wordpress\/?cat=1"},"img":{"alt_text":"","src":"","width":0,"height":0},"classes":[]},{"id":42525,"url":"https:\/\/www.achimbrueckner.de\/dxradio\/php\/wordpress\/?p=42525","url_meta":{"origin":42935,"position":2},"title":"Testsendungen: Neues UKW-Lokalradio in der Eifel vor dem Start","author":"Administrator","date":"April 4, 2025","format":false,"excerpt":"https:\/\/www.digitalfernsehen.de\/news\/empfang\/radio\/testsendungen-neues-ukw-lokalradio-in-der-eifel-vor-dem-start-1140112\/","rel":"","context":"In &quot;Deutsch&quot;","block_context":{"text":"Deutsch","link":"https:\/\/www.achimbrueckner.de\/dxradio\/php\/wordpress\/?cat=1"},"img":{"alt_text":"","src":"","width":0,"height":0},"classes":[]},{"id":1965,"url":"https:\/\/www.achimbrueckner.de\/dxradio\/php\/wordpress\/?p=1965","url_meta":{"origin":42935,"position":3},"title":"Neues Lokalradio D\u00fcsseldorf gegr\u00fcndet","author":"Administrator","date":"November 23, 2011","format":false,"excerpt":"Neues Lokalradio D\u00fcsseldorf gegr\u00fcndet http:\/\/www.radioszene.de\/31980\/neues-lokalradio-duesseldorf-gegruendet.html","rel":"","context":"In &quot;Deutsch&quot;","block_context":{"text":"Deutsch","link":"https:\/\/www.achimbrueckner.de\/dxradio\/php\/wordpress\/?cat=1"},"img":{"alt_text":"","src":"","width":0,"height":0},"classes":[]},{"id":44467,"url":"https:\/\/www.achimbrueckner.de\/dxradio\/php\/wordpress\/?p=44467","url_meta":{"origin":42935,"position":4},"title":"Schweiz: Somedia beh\u00e4lt Lokalradio-Lizenz in Graub\u00fcnden","author":"Administrator","date":"December 4, 2025","format":false,"excerpt":"https:\/\/www.radioblog.eu\/2025\/12\/04\/schweiz-somedia-behaelt-lokalradio-lizenz-in-graubuenden\/","rel":"","context":"In &quot;Deutsch&quot;","block_context":{"text":"Deutsch","link":"https:\/\/www.achimbrueckner.de\/dxradio\/php\/wordpress\/?cat=1"},"img":{"alt_text":"","src":"","width":0,"height":0},"classes":[]},{"id":42512,"url":"https:\/\/www.achimbrueckner.de\/dxradio\/php\/wordpress\/?p=42512","url_meta":{"origin":42935,"position":5},"title":"Testsendungen f\u00fcr neues Lokalradio in der Eifel","author":"Administrator","date":"April 3, 2025","format":false,"excerpt":"https:\/\/www.radioblog.eu\/2025\/04\/03\/testsendungen-fuer-neues-lokalradio-in-der-eifel\/","rel":"","context":"In &quot;Deutsch&quot;","block_context":{"text":"Deutsch","link":"https:\/\/www.achimbrueckner.de\/dxradio\/php\/wordpress\/?cat=1"},"img":{"alt_text":"","src":"","width":0,"height":0},"classes":[]}],"_links":{"self":[{"href":"https:\/\/www.achimbrueckner.de\/dxradio\/php\/wordpress\/index.php?rest_route=\/wp\/v2\/posts\/42935","targetHints":{"allow":["GET"]}}],"collection":[{"href":"https:\/\/www.achimbrueckner.de\/dxradio\/php\/wordpress\/index.php?rest_route=\/wp\/v2\/posts"}],"about":[{"href":"https:\/\/www.achimbrueckner.de\/dxradio\/php\/wordpress\/index.php?rest_route=\/wp\/v2\/types\/post"}],"author":[{"embeddable":true,"href":"https:\/\/www.achimbrueckner.de\/dxradio\/php\/wordpress\/index.php?rest_route=\/wp\/v2\/users\/1"}],"replies":[{"embeddable":true,"href":"https:\/\/www.achimbrueckner.de\/dxradio\/php\/wordpress\/index.php?rest_route=%2Fwp%2Fv2%2Fcomments&post=42935"}],"version-history":[{"count":0,"href":"https:\/\/www.achimbrueckner.de\/dxradio\/php\/wordpress\/index.php?rest_route=\/wp\/v2\/posts\/42935\/revisions"}],"wp:attachment":[{"href":"https:\/\/www.achimbrueckner.de\/dxradio\/php\/wordpress\/index.php?rest_route=%2Fwp%2Fv2%2Fmedia&parent=42935"}],"wp:term":[{"taxonomy":"category","embeddable":true,"href":"https:\/\/www.achimbrueckner.de\/dxradio\/php\/wordpress\/index.php?rest_route=%2Fwp%2Fv2%2Fcategories&post=42935"},{"taxonomy":"post_tag","embeddable":true,"href":"https:\/\/www.achimbrueckner.de\/dxradio\/php\/wordpress\/index.php?rest_route=%2Fwp%2Fv2%2Ftags&post=42935"}],"curies":[{"name":"wp","href":"https:\/\/api.w.org\/{rel}","templated":true}]}}