{"id":42953,"date":"2025-06-05T16:08:56","date_gmt":"2025-06-05T16:08:56","guid":{"rendered":"https:\/\/www.achimbrueckner.de\/dxradio\/php\/wordpress\/?p=42953"},"modified":"2025-06-05T16:08:56","modified_gmt":"2025-06-05T16:08:56","slug":"usa-fox-news-radio-feiert-20-jahriges-jubilaum","status":"publish","type":"post","link":"https:\/\/www.achimbrueckner.de\/dxradio\/php\/wordpress\/?p=42953","title":{"rendered":"USA: Fox News Radio feiert 20-j\u00e4hriges Jubil\u00e4um"},"content":{"rendered":"<p><a href=\"https:\/\/www.radioblog.eu\/2025\/06\/05\/usa-fox-news-radio-feiert-20-jaehriges-jubilaeum\/\" target=\"_blank\">https:\/\/www.radioblog.eu\/2025\/06\/05\/usa-fox-news-radio-feiert-20-jaehriges-jubilaeum\/<\/a><\/p>\n","protected":false},"excerpt":{"rendered":"<p>https:\/\/www.radioblog.eu\/2025\/06\/05\/usa-fox-news-radio-feiert-20-jaehriges-jubilaeum\/<\/p>\n","protected":false},"author":1,"featured_media":0,"comment_status":"closed","ping_status":"open","sticky":false,"template":"","format":"standard","meta":{"_jetpack_memberships_contains_paid_content":false,"footnotes":"","jetpack_publicize_message":"","jetpack_publicize_feature_enabled":true,"jetpack_social_post_already_shared":true,"jetpack_social_options":{"image_generator_settings":{"template":"highway","default_image_id":0,"font":"","enabled":false},"version":2}},"categories":[1],"tags":[],"class_list":["post-42953","post","type-post","status-publish","format-standard","hentry","category-deutsch"],"jetpack_publicize_connections":[],"jetpack_featured_media_url":"","jetpack_sharing_enabled":true,"jetpack_shortlink":"https:\/\/wp.me\/p5CDmr-baN","jetpack-related-posts":[{"id":43949,"url":"https:\/\/www.achimbrueckner.de\/dxradio\/php\/wordpress\/?p=43949","url_meta":{"origin":42953,"position":0},"title":"Radio Berg feiert 30-j\u00e4hriges Jubil\u00e4um","author":"Administrator","date":"October 6, 2025","format":false,"excerpt":"https:\/\/www.radioblog.eu\/2025\/10\/04\/radio-berg-feiert-30-jaehriges-jubilaeum\/","rel":"","context":"In &quot;Deutsch&quot;","block_context":{"text":"Deutsch","link":"https:\/\/www.achimbrueckner.de\/dxradio\/php\/wordpress\/?cat=1"},"img":{"alt_text":"","src":"","width":0,"height":0},"classes":[]},{"id":45430,"url":"https:\/\/www.achimbrueckner.de\/dxradio\/php\/wordpress\/?p=45430","url_meta":{"origin":42953,"position":1},"title":"Bremen Eins feiert 25-j\u00e4hriges Jubil\u00e4um","author":"Administrator","date":"April 13, 2026","format":false,"excerpt":"https:\/\/www.radioblog.eu\/2026\/04\/13\/bremen-eins-feiert-25-jaehriges-jubilaeum\/","rel":"","context":"In &quot;Deutsch&quot;","block_context":{"text":"Deutsch","link":"https:\/\/www.achimbrueckner.de\/dxradio\/php\/wordpress\/?cat=1"},"img":{"alt_text":"","src":"","width":0,"height":0},"classes":[]},{"id":13591,"url":"https:\/\/www.achimbrueckner.de\/dxradio\/php\/wordpress\/?p=13591","url_meta":{"origin":42953,"position":2},"title":"Erster Privatsender in den neuen L\u00e4ndern: RADIO PSR feiert 25-j\u00e4hriges Jubil\u00e4um","author":"Administrator","date":"July 4, 2017","format":false,"excerpt":"http:\/\/www.radiowoche.de\/erster-privatsender-in-den-neuen-laendern-radio-psr-feiert-25-jaehriges-jubilaeum\/","rel":"","context":"In &quot;Deutsch&quot;","block_context":{"text":"Deutsch","link":"https:\/\/www.achimbrueckner.de\/dxradio\/php\/wordpress\/?cat=1"},"img":{"alt_text":"","src":"","width":0,"height":0},"classes":[]},{"id":8258,"url":"https:\/\/www.achimbrueckner.de\/dxradio\/php\/wordpress\/?p=8258","url_meta":{"origin":42953,"position":3},"title":"Radio Leverkusen feiert 25-j\u00e4hriges Jubil\u00e4um","author":"Administrator","date":"May 9, 2016","format":false,"excerpt":"http:\/\/www.ksta.de\/region\/leverkusen\/stadt-leverkusen\/sender-aus-der-region-radio-leverkusen-feiert-25-jaehriges-jubilaeum-24005568","rel":"","context":"In &quot;Deutsch&quot;","block_context":{"text":"Deutsch","link":"https:\/\/www.achimbrueckner.de\/dxradio\/php\/wordpress\/?cat=1"},"img":{"alt_text":"","src":"","width":0,"height":0},"classes":[]},{"id":37730,"url":"https:\/\/www.achimbrueckner.de\/dxradio\/php\/wordpress\/?p=37730","url_meta":{"origin":42953,"position":4},"title":"Tuff Stuff auf ROCK ANTENNE: Heavy Metal Show feiert 20-j\u00e4hriges Jubil\u00e4um","author":"Administrator","date":"October 19, 2022","format":false,"excerpt":"https:\/\/www.radiowoche.de\/tuff-stuff-auf-rock-antenne-heavy-metal-show-feiert-20-jaehriges-jubilaeum\/","rel":"","context":"In &quot;Deutsch&quot;","block_context":{"text":"Deutsch","link":"https:\/\/www.achimbrueckner.de\/dxradio\/php\/wordpress\/?cat=1"},"img":{"alt_text":"","src":"","width":0,"height":0},"classes":[]},{"id":13414,"url":"https:\/\/www.achimbrueckner.de\/dxradio\/php\/wordpress\/?p=13414","url_meta":{"origin":42953,"position":5},"title":"Radio Horeb feiert 20-j\u00e4hriges Jubil\u00e4um","author":"Administrator","date":"June 12, 2017","format":false,"excerpt":"http:\/\/www.radioszene.de\/107084\/radio-horeb-feiert-20-jaehriges-jubilaeum.html","rel":"","context":"In &quot;Deutsch&quot;","block_context":{"text":"Deutsch","link":"https:\/\/www.achimbrueckner.de\/dxradio\/php\/wordpress\/?cat=1"},"img":{"alt_text":"","src":"","width":0,"height":0},"classes":[]}],"_links":{"self":[{"href":"https:\/\/www.achimbrueckner.de\/dxradio\/php\/wordpress\/index.php?rest_route=\/wp\/v2\/posts\/42953","targetHints":{"allow":["GET"]}}],"collection":[{"href":"https:\/\/www.achimbrueckner.de\/dxradio\/php\/wordpress\/index.php?rest_route=\/wp\/v2\/posts"}],"about":[{"href":"https:\/\/www.achimbrueckner.de\/dxradio\/php\/wordpress\/index.php?rest_route=\/wp\/v2\/types\/post"}],"author":[{"embeddable":true,"href":"https:\/\/www.achimbrueckner.de\/dxradio\/php\/wordpress\/index.php?rest_route=\/wp\/v2\/users\/1"}],"replies":[{"embeddable":true,"href":"https:\/\/www.achimbrueckner.de\/dxradio\/php\/wordpress\/index.php?rest_route=%2Fwp%2Fv2%2Fcomments&post=42953"}],"version-history":[{"count":0,"href":"https:\/\/www.achimbrueckner.de\/dxradio\/php\/wordpress\/index.php?rest_route=\/wp\/v2\/posts\/42953\/revisions"}],"wp:attachment":[{"href":"https:\/\/www.achimbrueckner.de\/dxradio\/php\/wordpress\/index.php?rest_route=%2Fwp%2Fv2%2Fmedia&parent=42953"}],"wp:term":[{"taxonomy":"category","embeddable":true,"href":"https:\/\/www.achimbrueckner.de\/dxradio\/php\/wordpress\/index.php?rest_route=%2Fwp%2Fv2%2Fcategories&post=42953"},{"taxonomy":"post_tag","embeddable":true,"href":"https:\/\/www.achimbrueckner.de\/dxradio\/php\/wordpress\/index.php?rest_route=%2Fwp%2Fv2%2Ftags&post=42953"}],"curies":[{"name":"wp","href":"https:\/\/api.w.org\/{rel}","templated":true}]}}