{"id":42986,"date":"2025-06-08T09:28:32","date_gmt":"2025-06-08T09:28:32","guid":{"rendered":"https:\/\/www.achimbrueckner.de\/dxradio\/php\/wordpress\/?p=42986"},"modified":"2025-06-09T09:28:59","modified_gmt":"2025-06-09T09:28:59","slug":"tschechien-cesky-blanik-helax-oldies-und-hitradio-90-starten-im-juli-auf-dab","status":"publish","type":"post","link":"https:\/\/www.achimbrueckner.de\/dxradio\/php\/wordpress\/?p=42986","title":{"rendered":"Tschechien: \u010cesk\u00fd Blan\u00edk, Helax, Oldies und Hitr\u00e1dio 90 starten im Juli auf DAB+"},"content":{"rendered":"<p><a href=\"https:\/\/www.radioblog.eu\/2025\/06\/08\/tschechien-cesky-blanik-helax-oldies-und-hitradio-90-starten-im-juli-auf-dab\/\" target=\"_blank\">https:\/\/www.radioblog.eu\/2025\/06\/08\/tschechien-cesky-blanik-helax-oldies-und-hitradio-90-starten-im-juli-auf-dab\/<\/a><\/p>\n","protected":false},"excerpt":{"rendered":"<p>https:\/\/www.radioblog.eu\/2025\/06\/08\/tschechien-cesky-blanik-helax-oldies-und-hitradio-90-starten-im-juli-auf-dab\/<\/p>\n","protected":false},"author":1,"featured_media":0,"comment_status":"closed","ping_status":"open","sticky":false,"template":"","format":"standard","meta":{"_jetpack_memberships_contains_paid_content":false,"footnotes":"","jetpack_publicize_message":"","jetpack_publicize_feature_enabled":true,"jetpack_social_post_already_shared":true,"jetpack_social_options":{"image_generator_settings":{"template":"highway","default_image_id":0,"font":"","enabled":false},"version":2}},"categories":[1],"tags":[],"class_list":["post-42986","post","type-post","status-publish","format-standard","hentry","category-deutsch"],"jetpack_publicize_connections":[],"jetpack_featured_media_url":"","jetpack_sharing_enabled":true,"jetpack_shortlink":"https:\/\/wp.me\/p5CDmr-bbk","jetpack-related-posts":[{"id":43715,"url":"https:\/\/www.achimbrueckner.de\/dxradio\/php\/wordpress\/?p=43715","url_meta":{"origin":42986,"position":0},"title":"Tschechien: Comeback f\u00fcr Oldies Radio \u2013 Rock Radio Stage auf DAB+","author":"Administrator","date":"September 3, 2025","format":false,"excerpt":"https:\/\/www.radioblog.eu\/2025\/09\/02\/tschechien-comeback-fuer-oldies-radio-rock-radio-stage-auf-dab\/","rel":"","context":"In &quot;Deutsch&quot;","block_context":{"text":"Deutsch","link":"https:\/\/www.achimbrueckner.de\/dxradio\/php\/wordpress\/?cat=1"},"img":{"alt_text":"","src":"","width":0,"height":0},"classes":[]},{"id":25341,"url":"https:\/\/www.achimbrueckner.de\/dxradio\/php\/wordpress\/?p=25341","url_meta":{"origin":42986,"position":1},"title":"Tschechien: \u010cesk\u00fd rozhlas schaltet neun weitere Sendeanlagen f\u00fcr DAB+ auf","author":"Administrator","date":"October 16, 2019","format":false,"excerpt":"https:\/\/www.satellifax.de\/mlesen.php?id=a933d3ae9fc3b97360fc19ac9c291a01","rel":"","context":"In &quot;Deutsch&quot;","block_context":{"text":"Deutsch","link":"https:\/\/www.achimbrueckner.de\/dxradio\/php\/wordpress\/?cat=1"},"img":{"alt_text":"","src":"","width":0,"height":0},"classes":[]},{"id":40366,"url":"https:\/\/www.achimbrueckner.de\/dxradio\/php\/wordpress\/?p=40366","url_meta":{"origin":42986,"position":2},"title":"Tschechien: Cesky rozhlas plant DAB+-Vollversorgung bis Ende 2023","author":"Administrator","date":"October 19, 2023","format":false,"excerpt":"https:\/\/www.satellifax.de\/mlesen.php?id=5b0c63bb7b71a15c4a2c50d6ba9d65ae","rel":"","context":"In &quot;Deutsch&quot;","block_context":{"text":"Deutsch","link":"https:\/\/www.achimbrueckner.de\/dxradio\/php\/wordpress\/?cat=1"},"img":{"alt_text":"","src":"","width":0,"height":0},"classes":[]},{"id":42618,"url":"https:\/\/www.achimbrueckner.de\/dxradio\/php\/wordpress\/?p=42618","url_meta":{"origin":42986,"position":3},"title":"Tschechien: Gro\u00dfe Privatradios starten auf DAB+","author":"Administrator","date":"April 18, 2025","format":false,"excerpt":"https:\/\/www.radioblog.eu\/2025\/04\/18\/tschechien-grosse-privatradios-starten-auf-dab\/","rel":"","context":"In &quot;Deutsch&quot;","block_context":{"text":"Deutsch","link":"https:\/\/www.achimbrueckner.de\/dxradio\/php\/wordpress\/?cat=1"},"img":{"alt_text":"","src":"","width":0,"height":0},"classes":[]},{"id":44610,"url":"https:\/\/www.achimbrueckner.de\/dxradio\/php\/wordpress\/?p=44610","url_meta":{"origin":42986,"position":4},"title":"Hitradio \u00d63 zum Weihnachtswunder-Start auf DAB+ aufgeschaltet","author":"Administrator","date":"December 20, 2025","format":false,"excerpt":"https:\/\/www.radioblog.eu\/2025\/12\/19\/hitradio-oe3-zum-weihnachtswunder-start-auf-dab-aufgeschaltet\/","rel":"","context":"In &quot;Deutsch&quot;","block_context":{"text":"Deutsch","link":"https:\/\/www.achimbrueckner.de\/dxradio\/php\/wordpress\/?cat=1"},"img":{"alt_text":"","src":"","width":0,"height":0},"classes":[]},{"id":44614,"url":"https:\/\/www.achimbrueckner.de\/dxradio\/php\/wordpress\/?p=44614","url_meta":{"origin":42986,"position":5},"title":"\u00d6sterreich: Hitradio \u00d63 auf DAB+ \u2013 diese Ziele verfolgt der ORF","author":"Administrator","date":"December 20, 2025","format":false,"excerpt":"https:\/\/www.radioblog.eu\/2025\/12\/20\/oesterreich-hitradio-oe3-auf-dab-diese-ziele-verfolgt-der-orf\/","rel":"","context":"In &quot;Deutsch&quot;","block_context":{"text":"Deutsch","link":"https:\/\/www.achimbrueckner.de\/dxradio\/php\/wordpress\/?cat=1"},"img":{"alt_text":"","src":"","width":0,"height":0},"classes":[]}],"_links":{"self":[{"href":"https:\/\/www.achimbrueckner.de\/dxradio\/php\/wordpress\/index.php?rest_route=\/wp\/v2\/posts\/42986","targetHints":{"allow":["GET"]}}],"collection":[{"href":"https:\/\/www.achimbrueckner.de\/dxradio\/php\/wordpress\/index.php?rest_route=\/wp\/v2\/posts"}],"about":[{"href":"https:\/\/www.achimbrueckner.de\/dxradio\/php\/wordpress\/index.php?rest_route=\/wp\/v2\/types\/post"}],"author":[{"embeddable":true,"href":"https:\/\/www.achimbrueckner.de\/dxradio\/php\/wordpress\/index.php?rest_route=\/wp\/v2\/users\/1"}],"replies":[{"embeddable":true,"href":"https:\/\/www.achimbrueckner.de\/dxradio\/php\/wordpress\/index.php?rest_route=%2Fwp%2Fv2%2Fcomments&post=42986"}],"version-history":[{"count":0,"href":"https:\/\/www.achimbrueckner.de\/dxradio\/php\/wordpress\/index.php?rest_route=\/wp\/v2\/posts\/42986\/revisions"}],"wp:attachment":[{"href":"https:\/\/www.achimbrueckner.de\/dxradio\/php\/wordpress\/index.php?rest_route=%2Fwp%2Fv2%2Fmedia&parent=42986"}],"wp:term":[{"taxonomy":"category","embeddable":true,"href":"https:\/\/www.achimbrueckner.de\/dxradio\/php\/wordpress\/index.php?rest_route=%2Fwp%2Fv2%2Fcategories&post=42986"},{"taxonomy":"post_tag","embeddable":true,"href":"https:\/\/www.achimbrueckner.de\/dxradio\/php\/wordpress\/index.php?rest_route=%2Fwp%2Fv2%2Ftags&post=42986"}],"curies":[{"name":"wp","href":"https:\/\/api.w.org\/{rel}","templated":true}]}}