{"id":42993,"date":"2025-06-10T08:47:43","date_gmt":"2025-06-10T08:47:43","guid":{"rendered":"https:\/\/www.achimbrueckner.de\/dxradio\/php\/wordpress\/?p=42993"},"modified":"2025-06-10T08:47:43","modified_gmt":"2025-06-10T08:47:43","slug":"belgien-befristete-lizenzen-fur-1005-das-hitradio-und-radio-sunshine","status":"publish","type":"post","link":"https:\/\/www.achimbrueckner.de\/dxradio\/php\/wordpress\/?p=42993","title":{"rendered":"Belgien: Befristete Lizenzen f\u00fcr 100,5 Das Hitradio und Radio Sunshine"},"content":{"rendered":"<p><a href=\"https:\/\/www.radioblog.eu\/2025\/06\/09\/belgien-befristete-lizenzen-fuer-1005-das-hitradio-und-radio-sunshine\/\" target=\"_blank\">https:\/\/www.radioblog.eu\/2025\/06\/09\/belgien-befristete-lizenzen-fuer-1005-das-hitradio-und-radio-sunshine\/<\/a><\/p>\n","protected":false},"excerpt":{"rendered":"<p>https:\/\/www.radioblog.eu\/2025\/06\/09\/belgien-befristete-lizenzen-fuer-1005-das-hitradio-und-radio-sunshine\/<\/p>\n","protected":false},"author":1,"featured_media":0,"comment_status":"closed","ping_status":"open","sticky":false,"template":"","format":"standard","meta":{"_jetpack_memberships_contains_paid_content":false,"footnotes":"","jetpack_publicize_message":"","jetpack_publicize_feature_enabled":true,"jetpack_social_post_already_shared":true,"jetpack_social_options":{"image_generator_settings":{"template":"highway","default_image_id":0,"font":"","enabled":false},"version":2}},"categories":[1],"tags":[],"class_list":["post-42993","post","type-post","status-publish","format-standard","hentry","category-deutsch"],"jetpack_publicize_connections":[],"jetpack_featured_media_url":"","jetpack_sharing_enabled":true,"jetpack_shortlink":"https:\/\/wp.me\/p5CDmr-bbr","jetpack-related-posts":[{"id":44493,"url":"https:\/\/www.achimbrueckner.de\/dxradio\/php\/wordpress\/?p=44493","url_meta":{"origin":42993,"position":0},"title":"Belgien: Lizenz f\u00fcr 100,5 Das Hitradio vorl\u00e4ufig verl\u00e4ngert","author":"Administrator","date":"December 9, 2025","format":false,"excerpt":"https:\/\/www.radioblog.eu\/2025\/12\/09\/belgien-lizenz-fuer-1005-das-hitradio-vorlaeufig-verlaengert\/","rel":"","context":"In &quot;Deutsch&quot;","block_context":{"text":"Deutsch","link":"https:\/\/www.achimbrueckner.de\/dxradio\/php\/wordpress\/?cat=1"},"img":{"alt_text":"","src":"","width":0,"height":0},"classes":[]},{"id":22426,"url":"https:\/\/www.achimbrueckner.de\/dxradio\/php\/wordpress\/?p=22426","url_meta":{"origin":42993,"position":1},"title":"Belgien: 139 Bewerber f\u00fcr UKW- und DAB+-Lizenzen","author":"Administrator","date":"March 27, 2019","format":false,"excerpt":"https:\/\/www.satellifax.de\/mlesen.php?id=4377a2b614fbac018ee813c185c47729","rel":"","context":"In &quot;Deutsch&quot;","block_context":{"text":"Deutsch","link":"https:\/\/www.achimbrueckner.de\/dxradio\/php\/wordpress\/?cat=1"},"img":{"alt_text":"","src":"","width":0,"height":0},"classes":[]},{"id":43679,"url":"https:\/\/www.achimbrueckner.de\/dxradio\/php\/wordpress\/?p=43679","url_meta":{"origin":42993,"position":2},"title":"Belgien: Gr\u00fcnes Licht f\u00fcr Radio Sunshine bis 2040","author":"Administrator","date":"August 29, 2025","format":false,"excerpt":"https:\/\/www.radioblog.eu\/2025\/08\/28\/belgien-gruenes-licht-fuer-radio-sunshine-bis-2040\/","rel":"","context":"In &quot;Deutsch&quot;","block_context":{"text":"Deutsch","link":"https:\/\/www.achimbrueckner.de\/dxradio\/php\/wordpress\/?cat=1"},"img":{"alt_text":"","src":"","width":0,"height":0},"classes":[]},{"id":18559,"url":"https:\/\/www.achimbrueckner.de\/dxradio\/php\/wordpress\/?p=18559","url_meta":{"origin":42993,"position":3},"title":"L\u00e4ngst mehr als Radio: 100,5 Das Hitradio wird 20 Jahre alt","author":"Administrator","date":"July 22, 2018","format":false,"excerpt":"http:\/\/www.aachener-zeitung.de\/lokales\/region\/laengst-mehr-als-radio-1005-das-hitradio-wird-20-jahre-alt-1.1946579","rel":"","context":"In &quot;Deutsch&quot;","block_context":{"text":"Deutsch","link":"https:\/\/www.achimbrueckner.de\/dxradio\/php\/wordpress\/?cat=1"},"img":{"alt_text":"","src":"","width":0,"height":0},"classes":[]},{"id":33980,"url":"https:\/\/www.achimbrueckner.de\/dxradio\/php\/wordpress\/?p=33980","url_meta":{"origin":42993,"position":4},"title":"MABB vergibt Radio-Lizenzen \u00fcber UKW und DAB+","author":"Administrator","date":"November 10, 2021","format":false,"excerpt":"https:\/\/www.radiowoche.de\/mabb-vergibt-radio-lizenzen-ueber-ukw-und-dab\/","rel":"","context":"In &quot;Deutsch&quot;","block_context":{"text":"Deutsch","link":"https:\/\/www.achimbrueckner.de\/dxradio\/php\/wordpress\/?cat=1"},"img":{"alt_text":"","src":"","width":0,"height":0},"classes":[]},{"id":43849,"url":"https:\/\/www.achimbrueckner.de\/dxradio\/php\/wordpress\/?p=43849","url_meta":{"origin":42993,"position":5},"title":"Lizenzen f\u00fcr Radio Deck 1 und Metropol FM","author":"Administrator","date":"September 20, 2025","format":false,"excerpt":"https:\/\/www.radioblog.eu\/2025\/09\/20\/lizenzen-fuer-radio-deck-1-und-metropol-fm\/","rel":"","context":"In &quot;Deutsch&quot;","block_context":{"text":"Deutsch","link":"https:\/\/www.achimbrueckner.de\/dxradio\/php\/wordpress\/?cat=1"},"img":{"alt_text":"","src":"","width":0,"height":0},"classes":[]}],"_links":{"self":[{"href":"https:\/\/www.achimbrueckner.de\/dxradio\/php\/wordpress\/index.php?rest_route=\/wp\/v2\/posts\/42993","targetHints":{"allow":["GET"]}}],"collection":[{"href":"https:\/\/www.achimbrueckner.de\/dxradio\/php\/wordpress\/index.php?rest_route=\/wp\/v2\/posts"}],"about":[{"href":"https:\/\/www.achimbrueckner.de\/dxradio\/php\/wordpress\/index.php?rest_route=\/wp\/v2\/types\/post"}],"author":[{"embeddable":true,"href":"https:\/\/www.achimbrueckner.de\/dxradio\/php\/wordpress\/index.php?rest_route=\/wp\/v2\/users\/1"}],"replies":[{"embeddable":true,"href":"https:\/\/www.achimbrueckner.de\/dxradio\/php\/wordpress\/index.php?rest_route=%2Fwp%2Fv2%2Fcomments&post=42993"}],"version-history":[{"count":0,"href":"https:\/\/www.achimbrueckner.de\/dxradio\/php\/wordpress\/index.php?rest_route=\/wp\/v2\/posts\/42993\/revisions"}],"wp:attachment":[{"href":"https:\/\/www.achimbrueckner.de\/dxradio\/php\/wordpress\/index.php?rest_route=%2Fwp%2Fv2%2Fmedia&parent=42993"}],"wp:term":[{"taxonomy":"category","embeddable":true,"href":"https:\/\/www.achimbrueckner.de\/dxradio\/php\/wordpress\/index.php?rest_route=%2Fwp%2Fv2%2Fcategories&post=42993"},{"taxonomy":"post_tag","embeddable":true,"href":"https:\/\/www.achimbrueckner.de\/dxradio\/php\/wordpress\/index.php?rest_route=%2Fwp%2Fv2%2Ftags&post=42993"}],"curies":[{"name":"wp","href":"https:\/\/api.w.org\/{rel}","templated":true}]}}