{"id":43021,"date":"2025-06-14T12:07:24","date_gmt":"2025-06-14T12:07:24","guid":{"rendered":"https:\/\/www.achimbrueckner.de\/dxradio\/php\/wordpress\/?p=43021"},"modified":"2025-06-15T12:07:48","modified_gmt":"2025-06-15T12:07:48","slug":"rtl-steigt-bei-radio-nrw-aus-2","status":"publish","type":"post","link":"https:\/\/www.achimbrueckner.de\/dxradio\/php\/wordpress\/?p=43021","title":{"rendered":"RTL steigt bei Radio NRW aus"},"content":{"rendered":"<p><a href=\"https:\/\/www.radioblog.eu\/2025\/06\/14\/rtl-steigt-bei-radio-nrw-aus\/\" target=\"_blank\">https:\/\/www.radioblog.eu\/2025\/06\/14\/rtl-steigt-bei-radio-nrw-aus\/<\/a><\/p>\n","protected":false},"excerpt":{"rendered":"<p>https:\/\/www.radioblog.eu\/2025\/06\/14\/rtl-steigt-bei-radio-nrw-aus\/<\/p>\n","protected":false},"author":1,"featured_media":0,"comment_status":"closed","ping_status":"open","sticky":false,"template":"","format":"standard","meta":{"_jetpack_memberships_contains_paid_content":false,"footnotes":"","jetpack_publicize_message":"","jetpack_publicize_feature_enabled":true,"jetpack_social_post_already_shared":true,"jetpack_social_options":{"image_generator_settings":{"template":"highway","default_image_id":0,"font":"","enabled":false},"version":2}},"categories":[1],"tags":[],"class_list":["post-43021","post","type-post","status-publish","format-standard","hentry","category-deutsch"],"jetpack_publicize_connections":[],"jetpack_featured_media_url":"","jetpack_sharing_enabled":true,"jetpack_shortlink":"https:\/\/wp.me\/p5CDmr-bbT","jetpack-related-posts":[{"id":43018,"url":"https:\/\/www.achimbrueckner.de\/dxradio\/php\/wordpress\/?p=43018","url_meta":{"origin":43021,"position":0},"title":"RTL steigt bei RADIO NRW aus","author":"Administrator","date":"June 13, 2025","format":false,"excerpt":"https:\/\/www.radioszene.de\/203534\/rtl-steigt-bei-radio-nrw-aus.html","rel":"","context":"In &quot;Deutsch&quot;","block_context":{"text":"Deutsch","link":"https:\/\/www.achimbrueckner.de\/dxradio\/php\/wordpress\/?cat=1"},"img":{"alt_text":"","src":"","width":0,"height":0},"classes":[]},{"id":16208,"url":"https:\/\/www.achimbrueckner.de\/dxradio\/php\/wordpress\/?p=16208","url_meta":{"origin":43021,"position":1},"title":"Ende einer \u00c4ra bei Radio NRW: WDR steigt beim gr\u00f6\u00dften Lokalradioverbund Deutschlands aus","author":"Administrator","date":"January 19, 2018","format":false,"excerpt":"http:\/\/meedia.de\/2018\/01\/17\/ende-einer-aera-bei-radio-nrw-wdr-steigt-beim-groessten-lokalradioverbund-deutschlands-aus\/","rel":"","context":"In &quot;Deutsch&quot;","block_context":{"text":"Deutsch","link":"https:\/\/www.achimbrueckner.de\/dxradio\/php\/wordpress\/?cat=1"},"img":{"alt_text":"","src":"","width":0,"height":0},"classes":[]},{"id":44558,"url":"https:\/\/www.achimbrueckner.de\/dxradio\/php\/wordpress\/?p=44558","url_meta":{"origin":43021,"position":2},"title":"Radio Schlagerparadies steigt bei Ballermann Radio ein","author":"Administrator","date":"December 16, 2025","format":false,"excerpt":"https:\/\/www.radioblog.eu\/2025\/12\/16\/radio-schlagerparadies-steigt-bei-ballermann-radio-ein\/","rel":"","context":"In &quot;Deutsch&quot;","block_context":{"text":"Deutsch","link":"https:\/\/www.achimbrueckner.de\/dxradio\/php\/wordpress\/?cat=1"},"img":{"alt_text":"","src":"","width":0,"height":0},"classes":[]},{"id":15951,"url":"https:\/\/www.achimbrueckner.de\/dxradio\/php\/wordpress\/?p=15951","url_meta":{"origin":43021,"position":3},"title":"RADIO\/TELE FFH steigt bei sunshine live aus","author":"Administrator","date":"December 18, 2017","format":false,"excerpt":"http:\/\/www.radiowoche.de\/radio-tele-ffh-steigt-bei-sunshine-live-aus\/","rel":"","context":"In &quot;Deutsch&quot;","block_context":{"text":"Deutsch","link":"https:\/\/www.achimbrueckner.de\/dxradio\/php\/wordpress\/?cat=1"},"img":{"alt_text":"","src":"","width":0,"height":0},"classes":[]},{"id":43074,"url":"https:\/\/www.achimbrueckner.de\/dxradio\/php\/wordpress\/?p=43074","url_meta":{"origin":43021,"position":4},"title":"RTL verkoopt belang in Radio NRW aan Pressefunk NRW","author":"Administrator","date":"June 21, 2025","format":false,"excerpt":"https:\/\/www.radiotrefpunt.nl\/entry\/8596-rtl-verkoopt-belang-in-radio-nrw-aan-pressefunk-nrw\/","rel":"","context":"In &quot;Deutsch&quot;","block_context":{"text":"Deutsch","link":"https:\/\/www.achimbrueckner.de\/dxradio\/php\/wordpress\/?cat=1"},"img":{"alt_text":"","src":"","width":0,"height":0},"classes":[]},{"id":44611,"url":"https:\/\/www.achimbrueckner.de\/dxradio\/php\/wordpress\/?p=44611","url_meta":{"origin":43021,"position":5},"title":"mabb schreibt Frequenzen von 104.6 RTL und Power Radio aus","author":"Administrator","date":"December 20, 2025","format":false,"excerpt":"https:\/\/www.radioblog.eu\/2025\/12\/19\/mabb-schreibt-frequenzen-von-104-6-rtl-und-power-radio-auus\/","rel":"","context":"In &quot;Deutsch&quot;","block_context":{"text":"Deutsch","link":"https:\/\/www.achimbrueckner.de\/dxradio\/php\/wordpress\/?cat=1"},"img":{"alt_text":"","src":"","width":0,"height":0},"classes":[]}],"_links":{"self":[{"href":"https:\/\/www.achimbrueckner.de\/dxradio\/php\/wordpress\/index.php?rest_route=\/wp\/v2\/posts\/43021","targetHints":{"allow":["GET"]}}],"collection":[{"href":"https:\/\/www.achimbrueckner.de\/dxradio\/php\/wordpress\/index.php?rest_route=\/wp\/v2\/posts"}],"about":[{"href":"https:\/\/www.achimbrueckner.de\/dxradio\/php\/wordpress\/index.php?rest_route=\/wp\/v2\/types\/post"}],"author":[{"embeddable":true,"href":"https:\/\/www.achimbrueckner.de\/dxradio\/php\/wordpress\/index.php?rest_route=\/wp\/v2\/users\/1"}],"replies":[{"embeddable":true,"href":"https:\/\/www.achimbrueckner.de\/dxradio\/php\/wordpress\/index.php?rest_route=%2Fwp%2Fv2%2Fcomments&post=43021"}],"version-history":[{"count":0,"href":"https:\/\/www.achimbrueckner.de\/dxradio\/php\/wordpress\/index.php?rest_route=\/wp\/v2\/posts\/43021\/revisions"}],"wp:attachment":[{"href":"https:\/\/www.achimbrueckner.de\/dxradio\/php\/wordpress\/index.php?rest_route=%2Fwp%2Fv2%2Fmedia&parent=43021"}],"wp:term":[{"taxonomy":"category","embeddable":true,"href":"https:\/\/www.achimbrueckner.de\/dxradio\/php\/wordpress\/index.php?rest_route=%2Fwp%2Fv2%2Fcategories&post=43021"},{"taxonomy":"post_tag","embeddable":true,"href":"https:\/\/www.achimbrueckner.de\/dxradio\/php\/wordpress\/index.php?rest_route=%2Fwp%2Fv2%2Ftags&post=43021"}],"curies":[{"name":"wp","href":"https:\/\/api.w.org\/{rel}","templated":true}]}}