{"id":43023,"date":"2025-06-13T12:08:33","date_gmt":"2025-06-13T12:08:33","guid":{"rendered":"https:\/\/www.achimbrueckner.de\/dxradio\/php\/wordpress\/?p=43023"},"modified":"2025-06-15T12:09:02","modified_gmt":"2025-06-15T12:09:02","slug":"antenne-bayern-verkauft-antenne-nrw-an-radio-group","status":"publish","type":"post","link":"https:\/\/www.achimbrueckner.de\/dxradio\/php\/wordpress\/?p=43023","title":{"rendered":"Antenne Bayern verkauft Antenne NRW an Radio Group"},"content":{"rendered":"<p><a href=\"https:\/\/www.radioblog.eu\/2025\/06\/13\/antenne-bayern-verkauft-antenne-nrw-an-radio-group\/\" target=\"_blank\">https:\/\/www.radioblog.eu\/2025\/06\/13\/antenne-bayern-verkauft-antenne-nrw-an-radio-group\/<\/a><\/p>\n","protected":false},"excerpt":{"rendered":"<p>https:\/\/www.radioblog.eu\/2025\/06\/13\/antenne-bayern-verkauft-antenne-nrw-an-radio-group\/<\/p>\n","protected":false},"author":1,"featured_media":0,"comment_status":"closed","ping_status":"open","sticky":false,"template":"","format":"standard","meta":{"_jetpack_memberships_contains_paid_content":false,"footnotes":"","jetpack_publicize_message":"","jetpack_publicize_feature_enabled":true,"jetpack_social_post_already_shared":true,"jetpack_social_options":{"image_generator_settings":{"template":"highway","default_image_id":0,"font":"","enabled":false},"version":2}},"categories":[1],"tags":[],"class_list":["post-43023","post","type-post","status-publish","format-standard","hentry","category-deutsch"],"jetpack_publicize_connections":[],"jetpack_featured_media_url":"","jetpack_sharing_enabled":true,"jetpack_shortlink":"https:\/\/wp.me\/p5CDmr-bbV","jetpack-related-posts":[{"id":27902,"url":"https:\/\/www.achimbrueckner.de\/dxradio\/php\/wordpress\/?p=27902","url_meta":{"origin":43023,"position":0},"title":"Radio-MA-Blitz-Analyse: Rund 60% der Sender verlieren H\u00f6rer, Antenne Bayern und radio NRW sogar mehr als 100.000","author":"Administrator","date":"April 1, 2020","format":false,"excerpt":"https:\/\/meedia.de\/2020\/04\/01\/radio-ma-blitz-analyse-rund-60-der-sender-verlieren-hoerer-antenne-bayern-und-radio-nrw-sogar-mehr-als-100-000\/","rel":"","context":"In &quot;Deutsch&quot;","block_context":{"text":"Deutsch","link":"https:\/\/www.achimbrueckner.de\/dxradio\/php\/wordpress\/?cat=1"},"img":{"alt_text":"","src":"","width":0,"height":0},"classes":[]},{"id":22430,"url":"https:\/\/www.achimbrueckner.de\/dxradio\/php\/wordpress\/?p=22430","url_meta":{"origin":43023,"position":1},"title":"Audio-MA-Blitz-Analyse: Hit Radio FFH und Antenne Bayern gr\u00f6\u00dfte Gewinner, radio NRW und WDR 2 gr\u00f6\u00dfte Verlierer","author":"Administrator","date":"March 27, 2019","format":false,"excerpt":"https:\/\/meedia.de\/2019\/03\/27\/audio-ma-blitz-analyse-hit-radio-ffh-und-antenne-bayern-groesste-gewinner-radio-nrw-und-wdr-2-groesste-verlierer\/","rel":"","context":"In &quot;audio&quot;","block_context":{"text":"audio","link":"https:\/\/www.achimbrueckner.de\/dxradio\/php\/wordpress\/?cat=47"},"img":{"alt_text":"","src":"","width":0,"height":0},"classes":[]},{"id":41250,"url":"https:\/\/www.achimbrueckner.de\/dxradio\/php\/wordpress\/?p=41250","url_meta":{"origin":43023,"position":2},"title":"Antenne Bayern Group startet Chillout Antenne","author":"Administrator","date":"May 13, 2024","format":false,"excerpt":"https:\/\/www.radioblog.eu\/2024\/05\/13\/antenne-bayern-group-startet-chillout-antenne\/","rel":"","context":"In &quot;Deutsch&quot;","block_context":{"text":"Deutsch","link":"https:\/\/www.achimbrueckner.de\/dxradio\/php\/wordpress\/?cat=1"},"img":{"alt_text":"","src":"","width":0,"height":0},"classes":[]},{"id":43246,"url":"https:\/\/www.achimbrueckner.de\/dxradio\/php\/wordpress\/?p=43246","url_meta":{"origin":43023,"position":3},"title":"DAB+ in NRW: Rock Antenne ersetzt Radio Holiday","author":"Administrator","date":"July 8, 2025","format":false,"excerpt":"https:\/\/www.radioblog.eu\/2025\/07\/08\/dab-in-nrw-rock-antenne-ersetzt-radio-holiday\/","rel":"","context":"In &quot;Deutsch&quot;","block_context":{"text":"Deutsch","link":"https:\/\/www.achimbrueckner.de\/dxradio\/php\/wordpress\/?cat=1"},"img":{"alt_text":"","src":"","width":0,"height":0},"classes":[]},{"id":43017,"url":"https:\/\/www.achimbrueckner.de\/dxradio\/php\/wordpress\/?p=43017","url_meta":{"origin":43023,"position":4},"title":"Die Radio Group \u00fcbernimmt ANTENNE NRW","author":"Administrator","date":"June 13, 2025","format":false,"excerpt":"https:\/\/www.radioszene.de\/203537\/die-radio-group-uebernimmt-antenne-nrw.html","rel":"","context":"In &quot;Deutsch&quot;","block_context":{"text":"Deutsch","link":"https:\/\/www.achimbrueckner.de\/dxradio\/php\/wordpress\/?cat=1"},"img":{"alt_text":"","src":"","width":0,"height":0},"classes":[]},{"id":42362,"url":"https:\/\/www.achimbrueckner.de\/dxradio\/php\/wordpress\/?p=42362","url_meta":{"origin":43023,"position":5},"title":"Neue Webchannels von 94.3 rs2, 89.0 RTL, Antenne NRW und antenne 1","author":"Administrator","date":"March 14, 2025","format":false,"excerpt":"https:\/\/www.radioblog.eu\/2025\/03\/13\/neue-webchannels-von-94-3-rs2-89-0-rtl-antenne-nrw-und-antenne-1\/","rel":"","context":"In &quot;Deutsch&quot;","block_context":{"text":"Deutsch","link":"https:\/\/www.achimbrueckner.de\/dxradio\/php\/wordpress\/?cat=1"},"img":{"alt_text":"","src":"","width":0,"height":0},"classes":[]}],"_links":{"self":[{"href":"https:\/\/www.achimbrueckner.de\/dxradio\/php\/wordpress\/index.php?rest_route=\/wp\/v2\/posts\/43023","targetHints":{"allow":["GET"]}}],"collection":[{"href":"https:\/\/www.achimbrueckner.de\/dxradio\/php\/wordpress\/index.php?rest_route=\/wp\/v2\/posts"}],"about":[{"href":"https:\/\/www.achimbrueckner.de\/dxradio\/php\/wordpress\/index.php?rest_route=\/wp\/v2\/types\/post"}],"author":[{"embeddable":true,"href":"https:\/\/www.achimbrueckner.de\/dxradio\/php\/wordpress\/index.php?rest_route=\/wp\/v2\/users\/1"}],"replies":[{"embeddable":true,"href":"https:\/\/www.achimbrueckner.de\/dxradio\/php\/wordpress\/index.php?rest_route=%2Fwp%2Fv2%2Fcomments&post=43023"}],"version-history":[{"count":0,"href":"https:\/\/www.achimbrueckner.de\/dxradio\/php\/wordpress\/index.php?rest_route=\/wp\/v2\/posts\/43023\/revisions"}],"wp:attachment":[{"href":"https:\/\/www.achimbrueckner.de\/dxradio\/php\/wordpress\/index.php?rest_route=%2Fwp%2Fv2%2Fmedia&parent=43023"}],"wp:term":[{"taxonomy":"category","embeddable":true,"href":"https:\/\/www.achimbrueckner.de\/dxradio\/php\/wordpress\/index.php?rest_route=%2Fwp%2Fv2%2Fcategories&post=43023"},{"taxonomy":"post_tag","embeddable":true,"href":"https:\/\/www.achimbrueckner.de\/dxradio\/php\/wordpress\/index.php?rest_route=%2Fwp%2Fv2%2Ftags&post=43023"}],"curies":[{"name":"wp","href":"https:\/\/api.w.org\/{rel}","templated":true}]}}