{"id":43028,"date":"2025-06-16T15:44:28","date_gmt":"2025-06-16T15:44:28","guid":{"rendered":"https:\/\/www.achimbrueckner.de\/dxradio\/php\/wordpress\/?p=43028"},"modified":"2025-06-16T15:44:28","modified_gmt":"2025-06-16T15:44:28","slug":"toggo-radio-feiert-funften-geburtstag-mit-grosem-jubilaumsprogramm","status":"publish","type":"post","link":"https:\/\/www.achimbrueckner.de\/dxradio\/php\/wordpress\/?p=43028","title":{"rendered":"TOGGO Radio feiert f\u00fcnften Geburtstag mit gro\u00dfem Jubil\u00e4umsprogramm"},"content":{"rendered":"<p><a href=\"https:\/\/www.radioblog.eu\/2025\/06\/16\/toggo-radio-feiert-fuenften-geburtstag-mit-grossem-jubilaeumsprogramm\/\" target=\"_blank\">https:\/\/www.radioblog.eu\/2025\/06\/16\/toggo-radio-feiert-fuenften-geburtstag-mit-grossem-jubilaeumsprogramm\/<\/a><\/p>\n","protected":false},"excerpt":{"rendered":"<p>https:\/\/www.radioblog.eu\/2025\/06\/16\/toggo-radio-feiert-fuenften-geburtstag-mit-grossem-jubilaeumsprogramm\/<\/p>\n","protected":false},"author":1,"featured_media":0,"comment_status":"closed","ping_status":"open","sticky":false,"template":"","format":"standard","meta":{"_jetpack_memberships_contains_paid_content":false,"footnotes":"","jetpack_publicize_message":"","jetpack_publicize_feature_enabled":true,"jetpack_social_post_already_shared":true,"jetpack_social_options":{"image_generator_settings":{"template":"highway","default_image_id":0,"font":"","enabled":false},"version":2}},"categories":[1],"tags":[],"class_list":["post-43028","post","type-post","status-publish","format-standard","hentry","category-deutsch"],"jetpack_publicize_connections":[],"jetpack_featured_media_url":"","jetpack_sharing_enabled":true,"jetpack_shortlink":"https:\/\/wp.me\/p5CDmr-bc0","jetpack-related-posts":[{"id":28276,"url":"https:\/\/www.achimbrueckner.de\/dxradio\/php\/wordpress\/?p=28276","url_meta":{"origin":43028,"position":0},"title":"Expansion zum 25. Geburtstag des Senders Toggo Radio: Super RTL startet neuen Radiosender f\u00fcr Kids","author":"Administrator","date":"April 22, 2020","format":false,"excerpt":"https:\/\/www.dwdl.de\/nachrichten\/77339\/toggo_radio_super_rtl_startet_neuen_radiosender_fuer_kids\/","rel":"","context":"In &quot;Deutsch&quot;","block_context":{"text":"Deutsch","link":"https:\/\/www.achimbrueckner.de\/dxradio\/php\/wordpress\/?cat=1"},"img":{"alt_text":"","src":"","width":0,"height":0},"classes":[]},{"id":39286,"url":"https:\/\/www.achimbrueckner.de\/dxradio\/php\/wordpress\/?p=39286","url_meta":{"origin":43028,"position":1},"title":"Sky Radio feiert 35. Geburtstag mit Top 1000","author":"Administrator","date":"April 11, 2023","format":false,"excerpt":"https:\/\/www.radioblog.eu\/2023\/04\/08\/sky-radio-feiert-35-geburtstag-mit-top-1000\/","rel":"","context":"In &quot;Deutsch&quot;","block_context":{"text":"Deutsch","link":"https:\/\/www.achimbrueckner.de\/dxradio\/php\/wordpress\/?cat=1"},"img":{"alt_text":"","src":"","width":0,"height":0},"classes":[]},{"id":27023,"url":"https:\/\/www.achimbrueckner.de\/dxradio\/php\/wordpress\/?p=27023","url_meta":{"origin":43028,"position":2},"title":"Radio Bremen feiert 75. Geburtstag mit Ausstellung und Konzerten","author":"Administrator","date":"February 5, 2020","format":false,"excerpt":"https:\/\/www.infosat.de\/digitale-welt\/radio-bremen-feiert-75-geburtstag-mit-ausstellung-und-konzerten","rel":"","context":"In &quot;Deutsch&quot;","block_context":{"text":"Deutsch","link":"https:\/\/www.achimbrueckner.de\/dxradio\/php\/wordpress\/?cat=1"},"img":{"alt_text":"","src":"","width":0,"height":0},"classes":[]},{"id":1437,"url":"https:\/\/www.achimbrueckner.de\/dxradio\/php\/wordpress\/?p=1437","url_meta":{"origin":43028,"position":3},"title":"Radio Lippe feiert 20. Geburtstag mit vielen G\u00e4sten","author":"Administrator","date":"April 2, 2011","format":false,"excerpt":"Radio Lippe feiert 20. Geburtstag mit vielen G\u00e4sten http:\/\/www.lz.de\/home\/nachrichten_aus_lippe\/kreis_lippe\/kreis_lippe\/4354864_Radio_Lippe_feiert_20._Geburtstag_mit_vielen_Gaesten.html","rel":"","context":"In &quot;Deutsch&quot;","block_context":{"text":"Deutsch","link":"https:\/\/www.achimbrueckner.de\/dxradio\/php\/wordpress\/?cat=1"},"img":{"alt_text":"","src":"","width":0,"height":0},"classes":[]},{"id":14168,"url":"https:\/\/www.achimbrueckner.de\/dxradio\/php\/wordpress\/?p=14168","url_meta":{"origin":43028,"position":4},"title":"Radio Cottbus feiert mit Licht und Feuer den 15.Geburtstag","author":"Administrator","date":"August 14, 2017","format":false,"excerpt":"http:\/\/www.niederlausitz-aktuell.de\/cottbus\/68073\/radio-cottbus-feiert-mit-licht-und-feuer-den-15-geburtstag.html","rel":"","context":"In &quot;Deutsch&quot;","block_context":{"text":"Deutsch","link":"https:\/\/www.achimbrueckner.de\/dxradio\/php\/wordpress\/?cat=1"},"img":{"alt_text":"","src":"","width":0,"height":0},"classes":[]},{"id":31269,"url":"https:\/\/www.achimbrueckner.de\/dxradio\/php\/wordpress\/?p=31269","url_meta":{"origin":43028,"position":5},"title":"TOGGO Radio ab sofort mit moderiertem Nachmittag","author":"Administrator","date":"December 21, 2020","format":false,"excerpt":"https:\/\/www.radiowoche.de\/toggo-radio-ab-sofort-mit-moderiertem-nachmittag\/","rel":"","context":"In &quot;Deutsch&quot;","block_context":{"text":"Deutsch","link":"https:\/\/www.achimbrueckner.de\/dxradio\/php\/wordpress\/?cat=1"},"img":{"alt_text":"","src":"","width":0,"height":0},"classes":[]}],"_links":{"self":[{"href":"https:\/\/www.achimbrueckner.de\/dxradio\/php\/wordpress\/index.php?rest_route=\/wp\/v2\/posts\/43028","targetHints":{"allow":["GET"]}}],"collection":[{"href":"https:\/\/www.achimbrueckner.de\/dxradio\/php\/wordpress\/index.php?rest_route=\/wp\/v2\/posts"}],"about":[{"href":"https:\/\/www.achimbrueckner.de\/dxradio\/php\/wordpress\/index.php?rest_route=\/wp\/v2\/types\/post"}],"author":[{"embeddable":true,"href":"https:\/\/www.achimbrueckner.de\/dxradio\/php\/wordpress\/index.php?rest_route=\/wp\/v2\/users\/1"}],"replies":[{"embeddable":true,"href":"https:\/\/www.achimbrueckner.de\/dxradio\/php\/wordpress\/index.php?rest_route=%2Fwp%2Fv2%2Fcomments&post=43028"}],"version-history":[{"count":0,"href":"https:\/\/www.achimbrueckner.de\/dxradio\/php\/wordpress\/index.php?rest_route=\/wp\/v2\/posts\/43028\/revisions"}],"wp:attachment":[{"href":"https:\/\/www.achimbrueckner.de\/dxradio\/php\/wordpress\/index.php?rest_route=%2Fwp%2Fv2%2Fmedia&parent=43028"}],"wp:term":[{"taxonomy":"category","embeddable":true,"href":"https:\/\/www.achimbrueckner.de\/dxradio\/php\/wordpress\/index.php?rest_route=%2Fwp%2Fv2%2Fcategories&post=43028"},{"taxonomy":"post_tag","embeddable":true,"href":"https:\/\/www.achimbrueckner.de\/dxradio\/php\/wordpress\/index.php?rest_route=%2Fwp%2Fv2%2Ftags&post=43028"}],"curies":[{"name":"wp","href":"https:\/\/api.w.org\/{rel}","templated":true}]}}