{"id":43042,"date":"2025-06-18T15:22:53","date_gmt":"2025-06-18T15:22:53","guid":{"rendered":"https:\/\/www.achimbrueckner.de\/dxradio\/php\/wordpress\/?p=43042"},"modified":"2025-06-18T15:22:53","modified_gmt":"2025-06-18T15:22:53","slug":"usa-voa-holt-iran-redaktion-aus-der-freistellung-zuruck","status":"publish","type":"post","link":"https:\/\/www.achimbrueckner.de\/dxradio\/php\/wordpress\/?p=43042","title":{"rendered":"USA: VoA holt Iran-Redaktion aus der Freistellung zur\u00fcck"},"content":{"rendered":"<p><a href=\"https:\/\/www.radioblog.eu\/2025\/06\/18\/usa-voa-holt-iran-redaktion-aus-der-freistellung-zurueck\/\" target=\"_blank\">https:\/\/www.radioblog.eu\/2025\/06\/18\/usa-voa-holt-iran-redaktion-aus-der-freistellung-zurueck\/<\/a><\/p>\n","protected":false},"excerpt":{"rendered":"<p>https:\/\/www.radioblog.eu\/2025\/06\/18\/usa-voa-holt-iran-redaktion-aus-der-freistellung-zurueck\/<\/p>\n","protected":false},"author":1,"featured_media":0,"comment_status":"closed","ping_status":"open","sticky":false,"template":"","format":"standard","meta":{"_jetpack_memberships_contains_paid_content":false,"footnotes":"","jetpack_publicize_message":"","jetpack_publicize_feature_enabled":true,"jetpack_social_post_already_shared":true,"jetpack_social_options":{"image_generator_settings":{"template":"highway","default_image_id":0,"font":"","enabled":false},"version":2}},"categories":[1],"tags":[],"class_list":["post-43042","post","type-post","status-publish","format-standard","hentry","category-deutsch"],"jetpack_publicize_connections":[],"jetpack_featured_media_url":"","jetpack_sharing_enabled":true,"jetpack_shortlink":"https:\/\/wp.me\/p5CDmr-bce","jetpack-related-posts":[{"id":774,"url":"https:\/\/www.achimbrueckner.de\/dxradio\/php\/wordpress\/?p=774","url_meta":{"origin":43042,"position":0},"title":"China Radio International &#8211; Deutsche Redaktion","author":"Administrator","date":"December 18, 2009","format":false,"excerpt":"Liebe Freunde von CRI, im April 2010 feiert die Deutsche Redaktion von Radio China International ihr 50-j\u00e4hriges Bestehen. Zu diesem Jubil\u00e4um d\u00fcrfen nat\u00fcrlich alte Freunde und Bekannte nicht fehlen! Anl\u00e4sslich dieses besonderen Jahrestages der Deutschen Redaktion wollen wir unter anderem einen Jubil\u00e4umsband \u00fcber die Entwicklung unserer Redaktion herausgegeben. Diese Entwicklung\u2026","rel":"","context":"In &quot;Deutsch&quot;","block_context":{"text":"Deutsch","link":"https:\/\/www.achimbrueckner.de\/dxradio\/php\/wordpress\/?cat=1"},"img":{"alt_text":"","src":"","width":0,"height":0},"classes":[]},{"id":29095,"url":"https:\/\/www.achimbrueckner.de\/dxradio\/php\/wordpress\/?p=29095","url_meta":{"origin":43042,"position":1},"title":"Voice of America Director Amanda Bennett Resigned Amid Accusations of Failing to Stop China and Iran Propaganda in VOA Programs","author":"Administrator","date":"June 16, 2020","format":false,"excerpt":"https:\/\/bbgwatch.com\/bbgwatch\/voice-of-america-director-amanda-bennett-resigned-amid-accusations-of-failing-to-stop-china-and-iran-propaganda-in-voa-programs\/","rel":"","context":"In &quot;English&quot;","block_context":{"text":"English","link":"https:\/\/www.achimbrueckner.de\/dxradio\/php\/wordpress\/?cat=2"},"img":{"alt_text":"","src":"","width":0,"height":0},"classes":[]},{"id":531,"url":"https:\/\/www.achimbrueckner.de\/dxradio\/php\/wordpress\/?p=531","url_meta":{"origin":43042,"position":2},"title":"Tag der offenen T\u00fcr im Sender M\u00fcnchen-Ismaning","author":"Administrator","date":"September 14, 2009","format":false,"excerpt":"1. Tag der offenen T\u00fcr im Sender M\u00fcnchen-Ismaning. Einfahrt gegen\u00fcber Zengermoos, aus der B388 Erdinger Str, \u00fcber Brennerm\u00fchlstr. und Senderstr. Im Jahr 1999 gab es noch die ehemaligen Reichspost\/VOA Sender zu sehen, die 35 kW Collins, die 75 kW Reichspostsch\u00e4tzchen gebaut in Prag bei Radioslavia AG[sp\u00e4ter Tesla] und bei Thomson\u2026","rel":"","context":"In &quot;Deutsch&quot;","block_context":{"text":"Deutsch","link":"https:\/\/www.achimbrueckner.de\/dxradio\/php\/wordpress\/?cat=1"},"img":{"alt_text":"","src":"","width":0,"height":0},"classes":[]},{"id":27344,"url":"https:\/\/www.achimbrueckner.de\/dxradio\/php\/wordpress\/?p=27344","url_meta":{"origin":43042,"position":3},"title":"Wie aus 175 Lieblingssongs der Zeitungsredaktion eine Radioshow wird","author":"Administrator","date":"February 28, 2020","format":false,"excerpt":"https:\/\/www.zsz.ch\/meilen\/zum-jubilaeum-die-175-lieblingssongs-der-redaktion\/story\/16274021","rel":"","context":"In &quot;Deutsch&quot;","block_context":{"text":"Deutsch","link":"https:\/\/www.achimbrueckner.de\/dxradio\/php\/wordpress\/?cat=1"},"img":{"alt_text":"","src":"","width":0,"height":0},"classes":[]},{"id":29928,"url":"https:\/\/www.achimbrueckner.de\/dxradio\/php\/wordpress\/?p=29928","url_meta":{"origin":43042,"position":4},"title":"Und wir sind auf Sendung&#8230;","author":"Administrator","date":"September 6, 2020","format":false,"excerpt":"https:\/\/www.muensterschezeitung.de\/Lokales\/Staedte\/Steinfurt\/4264960-Imke-Ruesse-aus-der-Jugendfrei-Redaktion-erzaehlt-von-ihrer-Zeit-beim-Radio-Und-wir-sind-auf-Sendung","rel":"","context":"In &quot;Deutsch&quot;","block_context":{"text":"Deutsch","link":"https:\/\/www.achimbrueckner.de\/dxradio\/php\/wordpress\/?cat=1"},"img":{"alt_text":"","src":"","width":0,"height":0},"classes":[]},{"id":24451,"url":"https:\/\/www.achimbrueckner.de\/dxradio\/php\/wordpress\/?p=24451","url_meta":{"origin":43042,"position":5},"title":"In der Redaktion von Radio Rauchfass","author":"Administrator","date":"August 24, 2019","format":false,"excerpt":"https:\/\/www.augsburger-allgemeine.de\/dillingen\/In-der-Redaktion-von-Radio-Rauchfass-id55246931.html","rel":"","context":"In &quot;Deutsch&quot;","block_context":{"text":"Deutsch","link":"https:\/\/www.achimbrueckner.de\/dxradio\/php\/wordpress\/?cat=1"},"img":{"alt_text":"","src":"","width":0,"height":0},"classes":[]}],"_links":{"self":[{"href":"https:\/\/www.achimbrueckner.de\/dxradio\/php\/wordpress\/index.php?rest_route=\/wp\/v2\/posts\/43042","targetHints":{"allow":["GET"]}}],"collection":[{"href":"https:\/\/www.achimbrueckner.de\/dxradio\/php\/wordpress\/index.php?rest_route=\/wp\/v2\/posts"}],"about":[{"href":"https:\/\/www.achimbrueckner.de\/dxradio\/php\/wordpress\/index.php?rest_route=\/wp\/v2\/types\/post"}],"author":[{"embeddable":true,"href":"https:\/\/www.achimbrueckner.de\/dxradio\/php\/wordpress\/index.php?rest_route=\/wp\/v2\/users\/1"}],"replies":[{"embeddable":true,"href":"https:\/\/www.achimbrueckner.de\/dxradio\/php\/wordpress\/index.php?rest_route=%2Fwp%2Fv2%2Fcomments&post=43042"}],"version-history":[{"count":0,"href":"https:\/\/www.achimbrueckner.de\/dxradio\/php\/wordpress\/index.php?rest_route=\/wp\/v2\/posts\/43042\/revisions"}],"wp:attachment":[{"href":"https:\/\/www.achimbrueckner.de\/dxradio\/php\/wordpress\/index.php?rest_route=%2Fwp%2Fv2%2Fmedia&parent=43042"}],"wp:term":[{"taxonomy":"category","embeddable":true,"href":"https:\/\/www.achimbrueckner.de\/dxradio\/php\/wordpress\/index.php?rest_route=%2Fwp%2Fv2%2Fcategories&post=43042"},{"taxonomy":"post_tag","embeddable":true,"href":"https:\/\/www.achimbrueckner.de\/dxradio\/php\/wordpress\/index.php?rest_route=%2Fwp%2Fv2%2Ftags&post=43042"}],"curies":[{"name":"wp","href":"https:\/\/api.w.org\/{rel}","templated":true}]}}