{"id":43051,"date":"2025-06-19T11:55:54","date_gmt":"2025-06-19T11:55:54","guid":{"rendered":"https:\/\/www.achimbrueckner.de\/dxradio\/php\/wordpress\/?p=43051"},"modified":"2025-06-19T11:55:54","modified_gmt":"2025-06-19T11:55:54","slug":"nrw1-vor-veranderungen-plane-fur-radio-46","status":"publish","type":"post","link":"https:\/\/www.achimbrueckner.de\/dxradio\/php\/wordpress\/?p=43051","title":{"rendered":"NRW1 vor Ver\u00e4nderungen \u2013 Pl\u00e4ne f\u00fcr Radio 46"},"content":{"rendered":"<p><a href=\"https:\/\/www.radioblog.eu\/2025\/06\/19\/nrw1-vor-veraenderungen-plaene-fuer-radio-46\/\" target=\"_blank\">https:\/\/www.radioblog.eu\/2025\/06\/19\/nrw1-vor-veraenderungen-plaene-fuer-radio-46\/<\/a><\/p>\n","protected":false},"excerpt":{"rendered":"<p>https:\/\/www.radioblog.eu\/2025\/06\/19\/nrw1-vor-veraenderungen-plaene-fuer-radio-46\/<\/p>\n","protected":false},"author":1,"featured_media":0,"comment_status":"closed","ping_status":"open","sticky":false,"template":"","format":"standard","meta":{"_jetpack_memberships_contains_paid_content":false,"footnotes":"","jetpack_publicize_message":"","jetpack_publicize_feature_enabled":true,"jetpack_social_post_already_shared":true,"jetpack_social_options":{"image_generator_settings":{"template":"highway","default_image_id":0,"font":"","enabled":false},"version":2}},"categories":[1],"tags":[],"class_list":["post-43051","post","type-post","status-publish","format-standard","hentry","category-deutsch"],"jetpack_publicize_connections":[],"jetpack_featured_media_url":"","jetpack_sharing_enabled":true,"jetpack_shortlink":"https:\/\/wp.me\/p5CDmr-bcn","jetpack-related-posts":[{"id":36994,"url":"https:\/\/www.achimbrueckner.de\/dxradio\/php\/wordpress\/?p=36994","url_meta":{"origin":43051,"position":0},"title":"NRW1 vor dem Start: Stream-Test mit Radio-Xanadu-Programm","author":"Administrator","date":"July 18, 2022","format":false,"excerpt":"https:\/\/www.radioblog.eu\/2022\/07\/18\/nrw1-vor-dem-start-stream-test-mit-radio-xanadu-programm\/","rel":"","context":"In &quot;Deutsch&quot;","block_context":{"text":"Deutsch","link":"https:\/\/www.achimbrueckner.de\/dxradio\/php\/wordpress\/?cat=1"},"img":{"alt_text":"","src":"","width":0,"height":0},"classes":[]},{"id":43527,"url":"https:\/\/www.achimbrueckner.de\/dxradio\/php\/wordpress\/?p=43527","url_meta":{"origin":43051,"position":1},"title":"Verwirrung um \u201ebig Upgrade\u201c f\u00fcr NRW1","author":"Administrator","date":"August 8, 2025","format":false,"excerpt":"https:\/\/www.radioblog.eu\/2025\/08\/08\/verwirrung-um-big-upgrade-fuer-nrw1\/","rel":"","context":"In &quot;Deutsch&quot;","block_context":{"text":"Deutsch","link":"https:\/\/www.achimbrueckner.de\/dxradio\/php\/wordpress\/?cat=1"},"img":{"alt_text":"","src":"","width":0,"height":0},"classes":[]},{"id":42572,"url":"https:\/\/www.achimbrueckner.de\/dxradio\/php\/wordpress\/?p=42572","url_meta":{"origin":43051,"position":2},"title":"Gro\u00dfbritannien: Ofcom lehnt Pl\u00e4ne f\u00fcr BBC Radio 2 Extra-Kanal weiter ab","author":"Administrator","date":"April 11, 2025","format":false,"excerpt":"https:\/\/www.radioblog.eu\/2025\/04\/11\/grossbritannen-ofcom-lehnt-plaene-fuer-bbc-radio-2-extra-kanal-weiter-ab\/","rel":"","context":"In &quot;Deutsch&quot;","block_context":{"text":"Deutsch","link":"https:\/\/www.achimbrueckner.de\/dxradio\/php\/wordpress\/?cat=1"},"img":{"alt_text":"","src":"","width":0,"height":0},"classes":[]},{"id":41977,"url":"https:\/\/www.achimbrueckner.de\/dxradio\/php\/wordpress\/?p=41977","url_meta":{"origin":43051,"position":3},"title":"BBC \u00fcberarbeitet Pl\u00e4ne f\u00fcr Zusatzkan\u00e4le von Radio 2 und Radio 5 Live","author":"Administrator","date":"November 24, 2024","format":false,"excerpt":"https:\/\/www.radioblog.eu\/2024\/11\/24\/bbc-ueberarbeitet-plaene-fuer-zusatzkanaele-von-radio-2-und-radio-5-live\/","rel":"","context":"In &quot;Deutsch&quot;","block_context":{"text":"Deutsch","link":"https:\/\/www.achimbrueckner.de\/dxradio\/php\/wordpress\/?cat=1"},"img":{"alt_text":"","src":"","width":0,"height":0},"classes":[]},{"id":43307,"url":"https:\/\/www.achimbrueckner.de\/dxradio\/php\/wordpress\/?p=43307","url_meta":{"origin":43051,"position":4},"title":"NRW1 k\u00fcndigt \u201ebig Upgrade\u201c an","author":"Administrator","date":"July 16, 2025","format":false,"excerpt":"https:\/\/www.radioblog.eu\/2025\/07\/16\/nrw1-kuendigt-big-upgrade-an\/","rel":"","context":"In &quot;Deutsch&quot;","block_context":{"text":"Deutsch","link":"https:\/\/www.achimbrueckner.de\/dxradio\/php\/wordpress\/?cat=1"},"img":{"alt_text":"","src":"","width":0,"height":0},"classes":[]},{"id":44499,"url":"https:\/\/www.achimbrueckner.de\/dxradio\/php\/wordpress\/?p=44499","url_meta":{"origin":43051,"position":5},"title":"NDR ver\u00f6ffentlicht Pl\u00e4ne f\u00fcr DAB+ Netzausbau 2026","author":"Administrator","date":"December 8, 2025","format":false,"excerpt":"https:\/\/www.radioblog.eu\/2025\/12\/08\/ndr-veroeffentlicht-plaene-fuer-dab-netzausbau-2026\/","rel":"","context":"In &quot;Deutsch&quot;","block_context":{"text":"Deutsch","link":"https:\/\/www.achimbrueckner.de\/dxradio\/php\/wordpress\/?cat=1"},"img":{"alt_text":"","src":"","width":0,"height":0},"classes":[]}],"_links":{"self":[{"href":"https:\/\/www.achimbrueckner.de\/dxradio\/php\/wordpress\/index.php?rest_route=\/wp\/v2\/posts\/43051","targetHints":{"allow":["GET"]}}],"collection":[{"href":"https:\/\/www.achimbrueckner.de\/dxradio\/php\/wordpress\/index.php?rest_route=\/wp\/v2\/posts"}],"about":[{"href":"https:\/\/www.achimbrueckner.de\/dxradio\/php\/wordpress\/index.php?rest_route=\/wp\/v2\/types\/post"}],"author":[{"embeddable":true,"href":"https:\/\/www.achimbrueckner.de\/dxradio\/php\/wordpress\/index.php?rest_route=\/wp\/v2\/users\/1"}],"replies":[{"embeddable":true,"href":"https:\/\/www.achimbrueckner.de\/dxradio\/php\/wordpress\/index.php?rest_route=%2Fwp%2Fv2%2Fcomments&post=43051"}],"version-history":[{"count":0,"href":"https:\/\/www.achimbrueckner.de\/dxradio\/php\/wordpress\/index.php?rest_route=\/wp\/v2\/posts\/43051\/revisions"}],"wp:attachment":[{"href":"https:\/\/www.achimbrueckner.de\/dxradio\/php\/wordpress\/index.php?rest_route=%2Fwp%2Fv2%2Fmedia&parent=43051"}],"wp:term":[{"taxonomy":"category","embeddable":true,"href":"https:\/\/www.achimbrueckner.de\/dxradio\/php\/wordpress\/index.php?rest_route=%2Fwp%2Fv2%2Fcategories&post=43051"},{"taxonomy":"post_tag","embeddable":true,"href":"https:\/\/www.achimbrueckner.de\/dxradio\/php\/wordpress\/index.php?rest_route=%2Fwp%2Fv2%2Ftags&post=43051"}],"curies":[{"name":"wp","href":"https:\/\/api.w.org\/{rel}","templated":true}]}}