{"id":43056,"date":"2025-06-19T14:05:27","date_gmt":"2025-06-19T14:05:27","guid":{"rendered":"https:\/\/www.achimbrueckner.de\/dxradio\/php\/wordpress\/?p=43056"},"modified":"2025-06-20T14:05:53","modified_gmt":"2025-06-20T14:05:53","slug":"osterreich-iphone-app-von-radio-88-6-jetzt-mit-unterstutzung-fur-apple-carplay","status":"publish","type":"post","link":"https:\/\/www.achimbrueckner.de\/dxradio\/php\/wordpress\/?p=43056","title":{"rendered":"\u00d6sterreich: iPhone-App von Radio 88.6 jetzt mit Unterst\u00fctzung f\u00fcr Apple CarPlay"},"content":{"rendered":"<p><a href=\"https:\/\/www.radioblog.eu\/2025\/06\/19\/oesterreich-iphone-app-von-radio-88-6-jetzt-mit-unterstuetzung-fuer-apple-carplay\/\" target=\"_blank\">https:\/\/www.radioblog.eu\/2025\/06\/19\/oesterreich-iphone-app-von-radio-88-6-jetzt-mit-unterstuetzung-fuer-apple-carplay\/<\/a><\/p>\n","protected":false},"excerpt":{"rendered":"<p>https:\/\/www.radioblog.eu\/2025\/06\/19\/oesterreich-iphone-app-von-radio-88-6-jetzt-mit-unterstuetzung-fuer-apple-carplay\/<\/p>\n","protected":false},"author":1,"featured_media":0,"comment_status":"closed","ping_status":"open","sticky":false,"template":"","format":"standard","meta":{"_jetpack_memberships_contains_paid_content":false,"footnotes":"","jetpack_publicize_message":"","jetpack_publicize_feature_enabled":true,"jetpack_social_post_already_shared":true,"jetpack_social_options":{"image_generator_settings":{"template":"highway","default_image_id":0,"font":"","enabled":false},"version":2}},"categories":[1],"tags":[],"class_list":["post-43056","post","type-post","status-publish","format-standard","hentry","category-deutsch"],"jetpack_publicize_connections":[],"jetpack_featured_media_url":"","jetpack_sharing_enabled":true,"jetpack_shortlink":"https:\/\/wp.me\/p5CDmr-bcs","jetpack-related-posts":[{"id":29485,"url":"https:\/\/www.achimbrueckner.de\/dxradio\/php\/wordpress\/?p=29485","url_meta":{"origin":43056,"position":0},"title":"Hitradio \u00d63: iPhone-App jetzt mit CarPlay-Unterst\u00fctzung","author":"Administrator","date":"July 20, 2020","format":false,"excerpt":"https:\/\/www.smartphonefan.de\/2020\/07\/20\/hitradio-oe3-iphone-app-jetzt-mit-carplay-unterstuetzung\/","rel":"","context":"In &quot;Deutsch&quot;","block_context":{"text":"Deutsch","link":"https:\/\/www.achimbrueckner.de\/dxradio\/php\/wordpress\/?cat=1"},"img":{"alt_text":"","src":"","width":0,"height":0},"classes":[]},{"id":38415,"url":"https:\/\/www.achimbrueckner.de\/dxradio\/php\/wordpress\/?p=38415","url_meta":{"origin":43056,"position":1},"title":"Oldie Antenne aktualisiert App: Jetzt mit Apple CarPlay","author":"Administrator","date":"December 31, 2022","format":false,"excerpt":"https:\/\/www.radioblog.eu\/2022\/12\/30\/oldie-antenne-aktualisiert-app-jetzt-mit-apple-carplay\/","rel":"","context":"In &quot;Deutsch&quot;","block_context":{"text":"Deutsch","link":"https:\/\/www.achimbrueckner.de\/dxradio\/php\/wordpress\/?cat=1"},"img":{"alt_text":"","src":"","width":0,"height":0},"classes":[]},{"id":29019,"url":"https:\/\/www.achimbrueckner.de\/dxradio\/php\/wordpress\/?p=29019","url_meta":{"origin":43056,"position":2},"title":"radio.de jetzt auch mit Apple CarPlay kompatibel","author":"Administrator","date":"June 10, 2020","format":false,"excerpt":"http:\/\/www.radiowoche.de\/radio-de-jetzt-auch-mit-apple-carplay-kompatibel\/","rel":"","context":"In &quot;Deutsch&quot;","block_context":{"text":"Deutsch","link":"https:\/\/www.achimbrueckner.de\/dxradio\/php\/wordpress\/?cat=1"},"img":{"alt_text":"","src":"","width":0,"height":0},"classes":[]},{"id":29672,"url":"https:\/\/www.achimbrueckner.de\/dxradio\/php\/wordpress\/?p=29672","url_meta":{"origin":43056,"position":3},"title":"ARD-Audiothek jetzt mit Apple CarPlay Unterst\u00fctzung","author":"Administrator","date":"August 4, 2020","format":false,"excerpt":"https:\/\/www.smartphonefan.de\/2020\/08\/04\/ard-audiothek-jetzt-mit-apple-carplay-unterstuetzung\/","rel":"","context":"In &quot;audio&quot;","block_context":{"text":"audio","link":"https:\/\/www.achimbrueckner.de\/dxradio\/php\/wordpress\/?cat=47"},"img":{"alt_text":"","src":"","width":0,"height":0},"classes":[]},{"id":36856,"url":"https:\/\/www.achimbrueckner.de\/dxradio\/php\/wordpress\/?p=36856","url_meta":{"origin":43056,"position":4},"title":"Live365 jetzt mit Unterst\u00fctzung f\u00fcr Apple CarPlay und Android Auto","author":"Administrator","date":"July 6, 2022","format":false,"excerpt":"https:\/\/www.radioblog.eu\/2022\/07\/06\/live365-jetzt-mit-unterstuetzung-fuer-apple-carplay-und-android-auto\/","rel":"","context":"In &quot;Deutsch&quot;","block_context":{"text":"Deutsch","link":"https:\/\/www.achimbrueckner.de\/dxradio\/php\/wordpress\/?cat=1"},"img":{"alt_text":"","src":"","width":0,"height":0},"classes":[]},{"id":39225,"url":"https:\/\/www.achimbrueckner.de\/dxradio\/php\/wordpress\/?p=39225","url_meta":{"origin":43056,"position":5},"title":"ORF Sound unterst\u00fctzt jetzt Apple CarPlay","author":"Administrator","date":"April 4, 2023","format":false,"excerpt":"https:\/\/www.radioblog.eu\/2023\/04\/04\/orf-sound-unterstuetzt-jetzt-apple-carplay\/","rel":"","context":"In &quot;Deutsch&quot;","block_context":{"text":"Deutsch","link":"https:\/\/www.achimbrueckner.de\/dxradio\/php\/wordpress\/?cat=1"},"img":{"alt_text":"","src":"","width":0,"height":0},"classes":[]}],"_links":{"self":[{"href":"https:\/\/www.achimbrueckner.de\/dxradio\/php\/wordpress\/index.php?rest_route=\/wp\/v2\/posts\/43056","targetHints":{"allow":["GET"]}}],"collection":[{"href":"https:\/\/www.achimbrueckner.de\/dxradio\/php\/wordpress\/index.php?rest_route=\/wp\/v2\/posts"}],"about":[{"href":"https:\/\/www.achimbrueckner.de\/dxradio\/php\/wordpress\/index.php?rest_route=\/wp\/v2\/types\/post"}],"author":[{"embeddable":true,"href":"https:\/\/www.achimbrueckner.de\/dxradio\/php\/wordpress\/index.php?rest_route=\/wp\/v2\/users\/1"}],"replies":[{"embeddable":true,"href":"https:\/\/www.achimbrueckner.de\/dxradio\/php\/wordpress\/index.php?rest_route=%2Fwp%2Fv2%2Fcomments&post=43056"}],"version-history":[{"count":0,"href":"https:\/\/www.achimbrueckner.de\/dxradio\/php\/wordpress\/index.php?rest_route=\/wp\/v2\/posts\/43056\/revisions"}],"wp:attachment":[{"href":"https:\/\/www.achimbrueckner.de\/dxradio\/php\/wordpress\/index.php?rest_route=%2Fwp%2Fv2%2Fmedia&parent=43056"}],"wp:term":[{"taxonomy":"category","embeddable":true,"href":"https:\/\/www.achimbrueckner.de\/dxradio\/php\/wordpress\/index.php?rest_route=%2Fwp%2Fv2%2Fcategories&post=43056"},{"taxonomy":"post_tag","embeddable":true,"href":"https:\/\/www.achimbrueckner.de\/dxradio\/php\/wordpress\/index.php?rest_route=%2Fwp%2Fv2%2Ftags&post=43056"}],"curies":[{"name":"wp","href":"https:\/\/api.w.org\/{rel}","templated":true}]}}