{"id":43097,"date":"2025-06-24T14:53:24","date_gmt":"2025-06-24T14:53:24","guid":{"rendered":"https:\/\/www.achimbrueckner.de\/dxradio\/php\/wordpress\/?p=43097"},"modified":"2025-06-24T14:53:24","modified_gmt":"2025-06-24T14:53:24","slug":"zu-lang-fur-flieger-mdr-schaltet-suhler-radiosender-ab","status":"publish","type":"post","link":"https:\/\/www.achimbrueckner.de\/dxradio\/php\/wordpress\/?p=43097","title":{"rendered":"Zu lang f\u00fcr Flieger: MDR schaltet Suhler Radiosender ab"},"content":{"rendered":"<p><a href=\"https:\/\/www.insuedthueringen.de\/inhalt.zu-lang-fuer-flieger-mdr-schaltet-suhler-radiosender-ab.7ca32414-685e-4097-bd6b-bfea9780d982.html\" target=\"_blank\">https:\/\/www.insuedthueringen.de\/inhalt.zu-lang-fuer-flieger-mdr-schaltet-suhler-radiosender-ab.7ca32414-685e-4097-bd6b-bfea9780d982.html<\/a><\/p>\n","protected":false},"excerpt":{"rendered":"<p>https:\/\/www.insuedthueringen.de\/inhalt.zu-lang-fuer-flieger-mdr-schaltet-suhler-radiosender-ab.7ca32414-685e-4097-bd6b-bfea9780d982.html<\/p>\n","protected":false},"author":1,"featured_media":0,"comment_status":"closed","ping_status":"open","sticky":false,"template":"","format":"standard","meta":{"_jetpack_memberships_contains_paid_content":false,"footnotes":"","jetpack_publicize_message":"","jetpack_publicize_feature_enabled":true,"jetpack_social_post_already_shared":true,"jetpack_social_options":{"image_generator_settings":{"template":"highway","default_image_id":0,"font":"","enabled":false},"version":2}},"categories":[1],"tags":[],"class_list":["post-43097","post","type-post","status-publish","format-standard","hentry","category-deutsch"],"jetpack_publicize_connections":[],"jetpack_featured_media_url":"","jetpack_sharing_enabled":true,"jetpack_shortlink":"https:\/\/wp.me\/p5CDmr-bd7","jetpack-related-posts":[{"id":1614,"url":"https:\/\/www.achimbrueckner.de\/dxradio\/php\/wordpress\/?p=1614","url_meta":{"origin":43097,"position":0},"title":"MDR Info schaltet 882 Khz ab","author":"Administrator","date":"June 20, 2011","format":false,"excerpt":"MDR Info schaltet 882 Khz ab http:\/\/www.mdr.de\/mdr-info\/news\/nf-1-10.html#5379348 Info via A-DX","rel":"","context":"In &quot;Deutsch&quot;","block_context":{"text":"Deutsch","link":"https:\/\/www.achimbrueckner.de\/dxradio\/php\/wordpress\/?cat=1"},"img":{"alt_text":"","src":"","width":0,"height":0},"classes":[]},{"id":16070,"url":"https:\/\/www.achimbrueckner.de\/dxradio\/php\/wordpress\/?p=16070","url_meta":{"origin":43097,"position":1},"title":"Erstes Land in Europa schaltet UKW-Radiosender ab","author":"Administrator","date":"January 1, 2018","format":false,"excerpt":"http:\/\/www.t-online.de\/digital\/fernsehen-heimkino\/id_82978646\/erstes-land-in-europa-schaltet-ukw-radiosender-ab.html","rel":"","context":"In &quot;Deutsch&quot;","block_context":{"text":"Deutsch","link":"https:\/\/www.achimbrueckner.de\/dxradio\/php\/wordpress\/?cat=1"},"img":{"alt_text":"","src":"","width":0,"height":0},"classes":[]},{"id":2425,"url":"https:\/\/www.achimbrueckner.de\/dxradio\/php\/wordpress\/?p=2425","url_meta":{"origin":43097,"position":2},"title":"MDR schaltet zum 30.April 2013 die Mittelwelle ab","author":"Administrator","date":"March 20, 2013","format":false,"excerpt":"Hallo, der MDR schaltet zum 30.04.2013 die Mittelwellensender Wiederau 783 kHz, Wilsdruff 1044 kHz und Reichenbach 1188 kHz ab. Im Programm von MDR Info mu\u00df es heute fr\u00fch schon einen Hinweis darauf gegeben haben. Ich konnte jetzt aber noch nichts dazu h\u00f6ren. Quelle: Radioforum im Internet Der Internetauftritt des MDR\u2026","rel":"","context":"In &quot;Deutsch&quot;","block_context":{"text":"Deutsch","link":"https:\/\/www.achimbrueckner.de\/dxradio\/php\/wordpress\/?cat=1"},"img":{"alt_text":"","src":"","width":0,"height":0},"classes":[]},{"id":40492,"url":"https:\/\/www.achimbrueckner.de\/dxradio\/php\/wordpress\/?p=40492","url_meta":{"origin":43097,"position":3},"title":"DAB+ in Th\u00fcringen: MDR schaltet Standort Altenburg auf","author":"Administrator","date":"November 13, 2023","format":false,"excerpt":"https:\/\/www.radiowoche.de\/dab-in-thueringen-mdr-schaltet-standort-altenburg-auf\/","rel":"","context":"In &quot;Deutsch&quot;","block_context":{"text":"Deutsch","link":"https:\/\/www.achimbrueckner.de\/dxradio\/php\/wordpress\/?cat=1"},"img":{"alt_text":"","src":"","width":0,"height":0},"classes":[]},{"id":41934,"url":"https:\/\/www.achimbrueckner.de\/dxradio\/php\/wordpress\/?p=41934","url_meta":{"origin":43097,"position":4},"title":"Nur noch am Fernseher verf\u00fcgbar MDR schaltet seinen Online-Videotext ab","author":"Administrator","date":"November 10, 2024","format":false,"excerpt":"https:\/\/www.dwdl.de\/nachrichten\/100345\/mdr_schaltet_seinen_onlinevideotext_ab\/","rel":"","context":"In &quot;Deutsch&quot;","block_context":{"text":"Deutsch","link":"https:\/\/www.achimbrueckner.de\/dxradio\/php\/wordpress\/?cat=1"},"img":{"alt_text":"","src":"","width":0,"height":0},"classes":[]},{"id":3957,"url":"https:\/\/www.achimbrueckner.de\/dxradio\/php\/wordpress\/?p=3957","url_meta":{"origin":43097,"position":5},"title":"ARD schaltet Lang- und Mittelwelle ab","author":"Administrator","date":"January 12, 2015","format":false,"excerpt":"http:\/\/amateurfunk-im-norden.de\/index.php\/Thread\/773-ARD-schaltet-Lang-und-Mittelwelle-ab\/","rel":"","context":"In &quot;Deutsch&quot;","block_context":{"text":"Deutsch","link":"https:\/\/www.achimbrueckner.de\/dxradio\/php\/wordpress\/?cat=1"},"img":{"alt_text":"","src":"","width":0,"height":0},"classes":[]}],"_links":{"self":[{"href":"https:\/\/www.achimbrueckner.de\/dxradio\/php\/wordpress\/index.php?rest_route=\/wp\/v2\/posts\/43097","targetHints":{"allow":["GET"]}}],"collection":[{"href":"https:\/\/www.achimbrueckner.de\/dxradio\/php\/wordpress\/index.php?rest_route=\/wp\/v2\/posts"}],"about":[{"href":"https:\/\/www.achimbrueckner.de\/dxradio\/php\/wordpress\/index.php?rest_route=\/wp\/v2\/types\/post"}],"author":[{"embeddable":true,"href":"https:\/\/www.achimbrueckner.de\/dxradio\/php\/wordpress\/index.php?rest_route=\/wp\/v2\/users\/1"}],"replies":[{"embeddable":true,"href":"https:\/\/www.achimbrueckner.de\/dxradio\/php\/wordpress\/index.php?rest_route=%2Fwp%2Fv2%2Fcomments&post=43097"}],"version-history":[{"count":0,"href":"https:\/\/www.achimbrueckner.de\/dxradio\/php\/wordpress\/index.php?rest_route=\/wp\/v2\/posts\/43097\/revisions"}],"wp:attachment":[{"href":"https:\/\/www.achimbrueckner.de\/dxradio\/php\/wordpress\/index.php?rest_route=%2Fwp%2Fv2%2Fmedia&parent=43097"}],"wp:term":[{"taxonomy":"category","embeddable":true,"href":"https:\/\/www.achimbrueckner.de\/dxradio\/php\/wordpress\/index.php?rest_route=%2Fwp%2Fv2%2Fcategories&post=43097"},{"taxonomy":"post_tag","embeddable":true,"href":"https:\/\/www.achimbrueckner.de\/dxradio\/php\/wordpress\/index.php?rest_route=%2Fwp%2Fv2%2Ftags&post=43097"}],"curies":[{"name":"wp","href":"https:\/\/api.w.org\/{rel}","templated":true}]}}