{"id":43103,"date":"2025-06-24T14:57:20","date_gmt":"2025-06-24T14:57:20","guid":{"rendered":"https:\/\/www.achimbrueckner.de\/dxradio\/php\/wordpress\/?p=43103"},"modified":"2025-06-24T14:57:20","modified_gmt":"2025-06-24T14:57:20","slug":"zypern-napa-radio-wieder-uber-internet-zu-empfangen","status":"publish","type":"post","link":"https:\/\/www.achimbrueckner.de\/dxradio\/php\/wordpress\/?p=43103","title":{"rendered":"Zypern: Napa Radio wieder \u00fcber Internet zu empfangen"},"content":{"rendered":"<p><a href=\"https:\/\/www.radioblog.eu\/2025\/06\/24\/zypern-napa-radio-wieder-ueber-internet-zu-empfangen\/\" target=\"_blank\">https:\/\/www.radioblog.eu\/2025\/06\/24\/zypern-napa-radio-wieder-ueber-internet-zu-empfangen\/<\/a><\/p>\n","protected":false},"excerpt":{"rendered":"<p>https:\/\/www.radioblog.eu\/2025\/06\/24\/zypern-napa-radio-wieder-ueber-internet-zu-empfangen\/<\/p>\n","protected":false},"author":1,"featured_media":0,"comment_status":"closed","ping_status":"open","sticky":false,"template":"","format":"standard","meta":{"_jetpack_memberships_contains_paid_content":false,"footnotes":"","jetpack_publicize_message":"","jetpack_publicize_feature_enabled":true,"jetpack_social_post_already_shared":true,"jetpack_social_options":{"image_generator_settings":{"template":"highway","default_image_id":0,"font":"","enabled":false},"version":2}},"categories":[1],"tags":[],"class_list":["post-43103","post","type-post","status-publish","format-standard","hentry","category-deutsch"],"jetpack_publicize_connections":[],"jetpack_featured_media_url":"","jetpack_sharing_enabled":true,"jetpack_shortlink":"https:\/\/wp.me\/p5CDmr-bdd","jetpack-related-posts":[{"id":41518,"url":"https:\/\/www.achimbrueckner.de\/dxradio\/php\/wordpress\/?p=41518","url_meta":{"origin":43103,"position":0},"title":"Napa Radio: Englischsprachiges Programm im S\u00fcdosten von Zypern","author":"Administrator","date":"July 26, 2024","format":false,"excerpt":"https:\/\/www.radioblog.eu\/2024\/07\/26\/napa-radio-englischsprachiges-programm-im-suedosten-von-zypern\/","rel":"","context":"In &quot;Deutsch&quot;","block_context":{"text":"Deutsch","link":"https:\/\/www.achimbrueckner.de\/dxradio\/php\/wordpress\/?cat=1"},"img":{"alt_text":"","src":"","width":0,"height":0},"classes":[]},{"id":34738,"url":"https:\/\/www.achimbrueckner.de\/dxradio\/php\/wordpress\/?p=34738","url_meta":{"origin":43103,"position":1},"title":"Radio S\u00fcdtirol wieder \u00fcber Stream h\u00f6rbar","author":"Administrator","date":"February 28, 2022","format":false,"excerpt":"Radio S\u00fcdtirol wieder \u00fcber Stream h\u00f6rbar Nach langer Pause kann Radio S\u00fcdtirol auch wieder \u00fcbers Internet empfangen werden. Sowohl \u00fcber die Webseite, als auch \u00fcber Direktstream. Siegfried Torggler meldet sich zu den Nachrichten aus dem Studio in M\u00fcnchen. Die Musik ist wohl einmalig: nacheinander laufen Schlager, Techno, Volksmusik, Oldies.... https:\/\/radiosuedtirol.eu?option=com_frontpage&Itemid=1\u2026","rel":"","context":"In &quot;Deutsch&quot;","block_context":{"text":"Deutsch","link":"https:\/\/www.achimbrueckner.de\/dxradio\/php\/wordpress\/?cat=1"},"img":{"alt_text":"","src":"","width":0,"height":0},"classes":[]},{"id":40576,"url":"https:\/\/www.achimbrueckner.de\/dxradio\/php\/wordpress\/?p=40576","url_meta":{"origin":43103,"position":2},"title":"ARGENTINIEN SENDET WIEDER AUF DEUTSCH.","author":"Administrator","date":"December 1, 2023","format":false,"excerpt":"ARGENTINIEN SENDET WIEDER AUF DEUTSCH. Liebe Freunde! Seit einigen Tagen wird bei RAE wieder auf Deutsch gesendet, f\u00fcr die Sendungen zust\u00e4ndig ist der deutsche Journalist Marcus Christoph, der jahrelang beim Argentinischen Tageblatt t\u00e4tig gewesen ist. Die Sendungen werden nach wie vor um 17 Uhr Ortszeit (20 Uhr Weltzeit) live ausgestrahlt\u2026","rel":"","context":"In &quot;Deutsch&quot;","block_context":{"text":"Deutsch","link":"https:\/\/www.achimbrueckner.de\/dxradio\/php\/wordpress\/?cat=1"},"img":{"alt_text":"","src":"","width":0,"height":0},"classes":[]},{"id":41081,"url":"https:\/\/www.achimbrueckner.de\/dxradio\/php\/wordpress\/?p=41081","url_meta":{"origin":43103,"position":3},"title":"MF Radio: Deutsches Radio auf Zypern","author":"Administrator","date":"March 24, 2024","format":false,"excerpt":"https:\/\/www.radioblog.eu\/2024\/03\/24\/mf-radio-deutsches-radio-auf-zypern\/","rel":"","context":"In &quot;Deutsch&quot;","block_context":{"text":"Deutsch","link":"https:\/\/www.achimbrueckner.de\/dxradio\/php\/wordpress\/?cat=1"},"img":{"alt_text":"","src":"","width":0,"height":0},"classes":[]},{"id":41490,"url":"https:\/\/www.achimbrueckner.de\/dxradio\/php\/wordpress\/?p=41490","url_meta":{"origin":43103,"position":4},"title":"Viva FM: Ein Hauch von Free Radio im S\u00fcdwesten von Zypern","author":"Administrator","date":"July 19, 2024","format":false,"excerpt":"https:\/\/www.radioblog.eu\/2024\/07\/19\/viva-fm-ein-hauch-von-free-radio-im-suedwesten-von-zypern\/","rel":"","context":"In &quot;Deutsch&quot;","block_context":{"text":"Deutsch","link":"https:\/\/www.achimbrueckner.de\/dxradio\/php\/wordpress\/?cat=1"},"img":{"alt_text":"","src":"","width":0,"height":0},"classes":[]},{"id":10974,"url":"https:\/\/www.achimbrueckner.de\/dxradio\/php\/wordpress\/?p=10974","url_meta":{"origin":43103,"position":5},"title":"Deutsches Radio aus S\u00fcdwestafrika auch in Deutschland zu empfangen","author":"Administrator","date":"November 8, 2016","format":false,"excerpt":"https:\/\/smartphonefan.wordpress.com\/2016\/11\/08\/deutsches-radio-aus-suedwestafrika-auch-in-deutschland-zu-empfangen\/","rel":"","context":"In &quot;Deutsch&quot;","block_context":{"text":"Deutsch","link":"https:\/\/www.achimbrueckner.de\/dxradio\/php\/wordpress\/?cat=1"},"img":{"alt_text":"","src":"","width":0,"height":0},"classes":[]}],"_links":{"self":[{"href":"https:\/\/www.achimbrueckner.de\/dxradio\/php\/wordpress\/index.php?rest_route=\/wp\/v2\/posts\/43103","targetHints":{"allow":["GET"]}}],"collection":[{"href":"https:\/\/www.achimbrueckner.de\/dxradio\/php\/wordpress\/index.php?rest_route=\/wp\/v2\/posts"}],"about":[{"href":"https:\/\/www.achimbrueckner.de\/dxradio\/php\/wordpress\/index.php?rest_route=\/wp\/v2\/types\/post"}],"author":[{"embeddable":true,"href":"https:\/\/www.achimbrueckner.de\/dxradio\/php\/wordpress\/index.php?rest_route=\/wp\/v2\/users\/1"}],"replies":[{"embeddable":true,"href":"https:\/\/www.achimbrueckner.de\/dxradio\/php\/wordpress\/index.php?rest_route=%2Fwp%2Fv2%2Fcomments&post=43103"}],"version-history":[{"count":0,"href":"https:\/\/www.achimbrueckner.de\/dxradio\/php\/wordpress\/index.php?rest_route=\/wp\/v2\/posts\/43103\/revisions"}],"wp:attachment":[{"href":"https:\/\/www.achimbrueckner.de\/dxradio\/php\/wordpress\/index.php?rest_route=%2Fwp%2Fv2%2Fmedia&parent=43103"}],"wp:term":[{"taxonomy":"category","embeddable":true,"href":"https:\/\/www.achimbrueckner.de\/dxradio\/php\/wordpress\/index.php?rest_route=%2Fwp%2Fv2%2Fcategories&post=43103"},{"taxonomy":"post_tag","embeddable":true,"href":"https:\/\/www.achimbrueckner.de\/dxradio\/php\/wordpress\/index.php?rest_route=%2Fwp%2Fv2%2Ftags&post=43103"}],"curies":[{"name":"wp","href":"https:\/\/api.w.org\/{rel}","templated":true}]}}