{"id":43105,"date":"2025-06-24T14:58:40","date_gmt":"2025-06-24T14:58:40","guid":{"rendered":"https:\/\/www.achimbrueckner.de\/dxradio\/php\/wordpress\/?p=43105"},"modified":"2025-06-24T14:58:40","modified_gmt":"2025-06-24T14:58:40","slug":"podcast-uberholt-radio-als-lieblingsmedium-der-jugend","status":"publish","type":"post","link":"https:\/\/www.achimbrueckner.de\/dxradio\/php\/wordpress\/?p=43105","title":{"rendered":"Podcast \u00fcberholt Radio als Lieblingsmedium der Jugend"},"content":{"rendered":"<p><a href=\"https:\/\/www.radioszene.de\/203749\/podcast-ueberholt-radio.html\" target=\"_blank\">https:\/\/www.radioszene.de\/203749\/podcast-ueberholt-radio.html<\/a><\/p>\n","protected":false},"excerpt":{"rendered":"<p>https:\/\/www.radioszene.de\/203749\/podcast-ueberholt-radio.html<\/p>\n","protected":false},"author":1,"featured_media":0,"comment_status":"closed","ping_status":"open","sticky":false,"template":"","format":"standard","meta":{"_jetpack_memberships_contains_paid_content":false,"footnotes":"","jetpack_publicize_message":"","jetpack_publicize_feature_enabled":true,"jetpack_social_post_already_shared":true,"jetpack_social_options":{"image_generator_settings":{"template":"highway","default_image_id":0,"font":"","enabled":false},"version":2}},"categories":[1],"tags":[],"class_list":["post-43105","post","type-post","status-publish","format-standard","hentry","category-deutsch"],"jetpack_publicize_connections":[],"jetpack_featured_media_url":"","jetpack_sharing_enabled":true,"jetpack_shortlink":"https:\/\/wp.me\/p5CDmr-bdf","jetpack-related-posts":[{"id":26035,"url":"https:\/\/www.achimbrueckner.de\/dxradio\/php\/wordpress\/?p=26035","url_meta":{"origin":43105,"position":0},"title":"detektor.fm wird zum Podcast-Radio","author":"Administrator","date":"December 2, 2019","format":false,"excerpt":"https:\/\/www.radioszene.de\/138816\/detektorfm-podcast-radio.html","rel":"","context":"In &quot;Deutsch&quot;","block_context":{"text":"Deutsch","link":"https:\/\/www.achimbrueckner.de\/dxradio\/php\/wordpress\/?cat=1"},"img":{"alt_text":"","src":"","width":0,"height":0},"classes":[]},{"id":39154,"url":"https:\/\/www.achimbrueckner.de\/dxradio\/php\/wordpress\/?p=39154","url_meta":{"origin":43105,"position":1},"title":"Mehr als 52 Millionen Deutsche h\u00f6ren t\u00e4glich Radio :Zahl der Podcast-Nutzer w\u00e4chst weiter","author":"Administrator","date":"March 29, 2023","format":false,"excerpt":"https:\/\/www.tagesspiegel.de\/gesellschaft\/medien\/mehr-als-52-millionen-deutsche-horen-taglich-radio-zahl-der-podcast-nutzer-wachst-weiter-9580340.html","rel":"","context":"In &quot;Deutsch&quot;","block_context":{"text":"Deutsch","link":"https:\/\/www.achimbrueckner.de\/dxradio\/php\/wordpress\/?cat=1"},"img":{"alt_text":"","src":"","width":0,"height":0},"classes":[]},{"id":30716,"url":"https:\/\/www.achimbrueckner.de\/dxradio\/php\/wordpress\/?p=30716","url_meta":{"origin":43105,"position":2},"title":"RADIO goes ON \u2013 B2B-Podcast der WDR mediagroup","author":"Administrator","date":"November 7, 2020","format":false,"excerpt":"https:\/\/www.radioszene.de\/149304\/radio-goes-on-podcast.html","rel":"","context":"In &quot;Deutsch&quot;","block_context":{"text":"Deutsch","link":"https:\/\/www.achimbrueckner.de\/dxradio\/php\/wordpress\/?cat=1"},"img":{"alt_text":"","src":"","width":0,"height":0},"classes":[]},{"id":26799,"url":"https:\/\/www.achimbrueckner.de\/dxradio\/php\/wordpress\/?p=26799","url_meta":{"origin":43105,"position":3},"title":"Podcast vom 1. Tag der European Radio Show 2020 in Paris","author":"Administrator","date":"January 24, 2020","format":false,"excerpt":"https:\/\/www.radioszene.de\/139988\/european-radio-show-2020-podcast.html","rel":"","context":"In &quot;Deutsch&quot;","block_context":{"text":"Deutsch","link":"https:\/\/www.achimbrueckner.de\/dxradio\/php\/wordpress\/?cat=1"},"img":{"alt_text":"","src":"","width":0,"height":0},"classes":[]},{"id":18591,"url":"https:\/\/www.achimbrueckner.de\/dxradio\/php\/wordpress\/?p=18591","url_meta":{"origin":43105,"position":4},"title":"Musikmarkt: Audio-Streaming \u00fcberholt die CD","author":"Administrator","date":"July 25, 2018","format":false,"excerpt":"https:\/\/www.radioszene.de\/124278\/audiostreaming-ueberholt-cd.html","rel":"","context":"In &quot;audio&quot;","block_context":{"text":"audio","link":"https:\/\/www.achimbrueckner.de\/dxradio\/php\/wordpress\/?cat=47"},"img":{"alt_text":"","src":"","width":0,"height":0},"classes":[]},{"id":33180,"url":"https:\/\/www.achimbrueckner.de\/dxradio\/php\/wordpress\/?p=33180","url_meta":{"origin":43105,"position":5},"title":"David gegen Goliath: Antenne Vorarlberg \u00fcberholt \u00d63","author":"Administrator","date":"July 29, 2021","format":false,"excerpt":"https:\/\/www.radioszene.de\/156449\/david-gegen-goliath-antenne-vorarlberg-ueberholt-oe3.html","rel":"","context":"In &quot;Deutsch&quot;","block_context":{"text":"Deutsch","link":"https:\/\/www.achimbrueckner.de\/dxradio\/php\/wordpress\/?cat=1"},"img":{"alt_text":"","src":"","width":0,"height":0},"classes":[]}],"_links":{"self":[{"href":"https:\/\/www.achimbrueckner.de\/dxradio\/php\/wordpress\/index.php?rest_route=\/wp\/v2\/posts\/43105","targetHints":{"allow":["GET"]}}],"collection":[{"href":"https:\/\/www.achimbrueckner.de\/dxradio\/php\/wordpress\/index.php?rest_route=\/wp\/v2\/posts"}],"about":[{"href":"https:\/\/www.achimbrueckner.de\/dxradio\/php\/wordpress\/index.php?rest_route=\/wp\/v2\/types\/post"}],"author":[{"embeddable":true,"href":"https:\/\/www.achimbrueckner.de\/dxradio\/php\/wordpress\/index.php?rest_route=\/wp\/v2\/users\/1"}],"replies":[{"embeddable":true,"href":"https:\/\/www.achimbrueckner.de\/dxradio\/php\/wordpress\/index.php?rest_route=%2Fwp%2Fv2%2Fcomments&post=43105"}],"version-history":[{"count":0,"href":"https:\/\/www.achimbrueckner.de\/dxradio\/php\/wordpress\/index.php?rest_route=\/wp\/v2\/posts\/43105\/revisions"}],"wp:attachment":[{"href":"https:\/\/www.achimbrueckner.de\/dxradio\/php\/wordpress\/index.php?rest_route=%2Fwp%2Fv2%2Fmedia&parent=43105"}],"wp:term":[{"taxonomy":"category","embeddable":true,"href":"https:\/\/www.achimbrueckner.de\/dxradio\/php\/wordpress\/index.php?rest_route=%2Fwp%2Fv2%2Fcategories&post=43105"},{"taxonomy":"post_tag","embeddable":true,"href":"https:\/\/www.achimbrueckner.de\/dxradio\/php\/wordpress\/index.php?rest_route=%2Fwp%2Fv2%2Ftags&post=43105"}],"curies":[{"name":"wp","href":"https:\/\/api.w.org\/{rel}","templated":true}]}}