{"id":43124,"date":"2025-06-25T15:35:09","date_gmt":"2025-06-25T15:35:09","guid":{"rendered":"https:\/\/www.achimbrueckner.de\/dxradio\/php\/wordpress\/?p=43124"},"modified":"2025-06-25T15:35:09","modified_gmt":"2025-06-25T15:35:09","slug":"allgauhit-ist-nummer-1-der-regionalradiosender-im-allgau","status":"publish","type":"post","link":"https:\/\/www.achimbrueckner.de\/dxradio\/php\/wordpress\/?p=43124","title":{"rendered":"Allg\u00e4uHIT ist Nummer 1 der Regionalradiosender im Allg\u00e4u"},"content":{"rendered":"<p><a href=\"https:\/\/www.radioszene.de\/203790\/allgaeuhit-ist-nummer-1-der-regionalradiosender-im-allgaeu.html\" target=\"_blank\">https:\/\/www.radioszene.de\/203790\/allgaeuhit-ist-nummer-1-der-regionalradiosender-im-allgaeu.html<\/a><\/p>\n","protected":false},"excerpt":{"rendered":"<p>https:\/\/www.radioszene.de\/203790\/allgaeuhit-ist-nummer-1-der-regionalradiosender-im-allgaeu.html<\/p>\n","protected":false},"author":1,"featured_media":0,"comment_status":"closed","ping_status":"open","sticky":false,"template":"","format":"standard","meta":{"_jetpack_memberships_contains_paid_content":false,"footnotes":"","jetpack_publicize_message":"","jetpack_publicize_feature_enabled":true,"jetpack_social_post_already_shared":true,"jetpack_social_options":{"image_generator_settings":{"template":"highway","default_image_id":0,"font":"","enabled":false},"version":2}},"categories":[1],"tags":[],"class_list":["post-43124","post","type-post","status-publish","format-standard","hentry","category-deutsch"],"jetpack_publicize_connections":[],"jetpack_featured_media_url":"","jetpack_sharing_enabled":true,"jetpack_shortlink":"https:\/\/wp.me\/p5CDmr-bdy","jetpack-related-posts":[{"id":29350,"url":"https:\/\/www.achimbrueckner.de\/dxradio\/php\/wordpress\/?p=29350","url_meta":{"origin":43124,"position":0},"title":"Radio Lippe ist die Nummer eins im Kreis","author":"Administrator","date":"July 6, 2020","format":false,"excerpt":"https:\/\/www.lz.de\/lippe\/kreis_lippe\/22819015_Radio-Lippe-ist-die-Nummer-eins-im-Kreis.html","rel":"","context":"In &quot;Deutsch&quot;","block_context":{"text":"Deutsch","link":"https:\/\/www.achimbrueckner.de\/dxradio\/php\/wordpress\/?cat=1"},"img":{"alt_text":"","src":"","width":0,"height":0},"classes":[]},{"id":13695,"url":"https:\/\/www.achimbrueckner.de\/dxradio\/php\/wordpress\/?p=13695","url_meta":{"origin":43124,"position":1},"title":"Radio Lippe ist die Nummer eins im Kreis","author":"Administrator","date":"July 11, 2017","format":false,"excerpt":"http:\/\/www.lz.de\/lippe\/kreis_lippe\/21850507_Radio-Lippe-ist-die-Nummer-eins-im-Kreis.html","rel":"","context":"In &quot;Deutsch&quot;","block_context":{"text":"Deutsch","link":"https:\/\/www.achimbrueckner.de\/dxradio\/php\/wordpress\/?cat=1"},"img":{"alt_text":"","src":"","width":0,"height":0},"classes":[]},{"id":8497,"url":"https:\/\/www.achimbrueckner.de\/dxradio\/php\/wordpress\/?p=8497","url_meta":{"origin":43124,"position":2},"title":"Kein Fernseher in der N\u00e4he? Radio ist Infoquelle Nummer eins","author":"Administrator","date":"June 12, 2016","format":false,"excerpt":"http:\/\/www.berliner-zeitung.de\/kein-fernseher-in-der-naehe--radio-ist-infoquelle-nummer-eins-24204070","rel":"","context":"In &quot;Deutsch&quot;","block_context":{"text":"Deutsch","link":"https:\/\/www.achimbrueckner.de\/dxradio\/php\/wordpress\/?cat=1"},"img":{"alt_text":"","src":"","width":0,"height":0},"classes":[]},{"id":16046,"url":"https:\/\/www.achimbrueckner.de\/dxradio\/php\/wordpress\/?p=16046","url_meta":{"origin":43124,"position":3},"title":"Guten Rutsch Happy New Year 2018","author":"Administrator","date":"December 30, 2017","format":false,"excerpt":"Guten Rutsch ins neue Jahr. In 2017 wurde vor allem der Cloud-upload des Radioarchivs in Angriff genommen. Zur Zeit sind die DVDs bis Nummer 1500 und ab Nummer 2250 erreichbar, sowie die CDs bis Nummer 520. Dabei stellten sich vereinzelt Lesefehler heraus, was bei den teils 20 Jahre alten CDs\u2026","rel":"","context":"In &quot;Deutsch&quot;","block_context":{"text":"Deutsch","link":"https:\/\/www.achimbrueckner.de\/dxradio\/php\/wordpress\/?cat=1"},"img":{"alt_text":"","src":"","width":0,"height":0},"classes":[]},{"id":22476,"url":"https:\/\/www.achimbrueckner.de\/dxradio\/php\/wordpress\/?p=22476","url_meta":{"origin":43124,"position":4},"title":"NRJ ist die Nummer 1 der kommerziellen Radios mit w\u00f6chentlich 30 Millionen H\u00f6rern","author":"Administrator","date":"March 29, 2019","format":false,"excerpt":"https:\/\/www.radioszene.de\/132062\/nrj-energy-nummer1.html","rel":"","context":"In &quot;Deutsch&quot;","block_context":{"text":"Deutsch","link":"https:\/\/www.achimbrueckner.de\/dxradio\/php\/wordpress\/?cat=1"},"img":{"alt_text":"","src":"","width":0,"height":0},"classes":[]},{"id":1921,"url":"https:\/\/www.achimbrueckner.de\/dxradio\/php\/wordpress\/?p=1921","url_meta":{"origin":43124,"position":5},"title":"Stimme Russlands H\u00f6rertreffen","author":"Administrator","date":"November 13, 2011","format":false,"excerpt":"Einladung Liebe Freunde der Stimme Russlands! Auch in diesem Jahr laden wir Sie zu traditionellen H\u00f6rertreffen ein. Diesmal am 23. November in Wien und am 26. November in Berlin. Wir werden \u00fcber die Entwicklung unseres Senders in dem zu Ende gehenden Jahr und \u00fcber unsere Pl\u00e4ne f\u00fcr das neue Jahr\u2026","rel":"","context":"In &quot;camps&quot;","block_context":{"text":"camps","link":"https:\/\/www.achimbrueckner.de\/dxradio\/php\/wordpress\/?cat=5"},"img":{"alt_text":"","src":"","width":0,"height":0},"classes":[]}],"_links":{"self":[{"href":"https:\/\/www.achimbrueckner.de\/dxradio\/php\/wordpress\/index.php?rest_route=\/wp\/v2\/posts\/43124","targetHints":{"allow":["GET"]}}],"collection":[{"href":"https:\/\/www.achimbrueckner.de\/dxradio\/php\/wordpress\/index.php?rest_route=\/wp\/v2\/posts"}],"about":[{"href":"https:\/\/www.achimbrueckner.de\/dxradio\/php\/wordpress\/index.php?rest_route=\/wp\/v2\/types\/post"}],"author":[{"embeddable":true,"href":"https:\/\/www.achimbrueckner.de\/dxradio\/php\/wordpress\/index.php?rest_route=\/wp\/v2\/users\/1"}],"replies":[{"embeddable":true,"href":"https:\/\/www.achimbrueckner.de\/dxradio\/php\/wordpress\/index.php?rest_route=%2Fwp%2Fv2%2Fcomments&post=43124"}],"version-history":[{"count":0,"href":"https:\/\/www.achimbrueckner.de\/dxradio\/php\/wordpress\/index.php?rest_route=\/wp\/v2\/posts\/43124\/revisions"}],"wp:attachment":[{"href":"https:\/\/www.achimbrueckner.de\/dxradio\/php\/wordpress\/index.php?rest_route=%2Fwp%2Fv2%2Fmedia&parent=43124"}],"wp:term":[{"taxonomy":"category","embeddable":true,"href":"https:\/\/www.achimbrueckner.de\/dxradio\/php\/wordpress\/index.php?rest_route=%2Fwp%2Fv2%2Fcategories&post=43124"},{"taxonomy":"post_tag","embeddable":true,"href":"https:\/\/www.achimbrueckner.de\/dxradio\/php\/wordpress\/index.php?rest_route=%2Fwp%2Fv2%2Ftags&post=43124"}],"curies":[{"name":"wp","href":"https:\/\/api.w.org\/{rel}","templated":true}]}}