{"id":43129,"date":"2025-06-26T15:09:09","date_gmt":"2025-06-26T15:09:09","guid":{"rendered":"https:\/\/www.achimbrueckner.de\/dxradio\/php\/wordpress\/?p=43129"},"modified":"2025-06-26T15:09:09","modified_gmt":"2025-06-26T15:09:09","slug":"intendanten-stimmen-ard-weiter-radiostrategie-zu","status":"publish","type":"post","link":"https:\/\/www.achimbrueckner.de\/dxradio\/php\/wordpress\/?p=43129","title":{"rendered":"Intendanten stimmen ARD-weiter Radiostrategie zu"},"content":{"rendered":"<p><a href=\"https:\/\/www.radioblog.eu\/2025\/06\/26\/intendanten-stimmen-ard-weiter-radiostrategie-zu\/\" target=\"_blank\">https:\/\/www.radioblog.eu\/2025\/06\/26\/intendanten-stimmen-ard-weiter-radiostrategie-zu\/<\/a><\/p>\n","protected":false},"excerpt":{"rendered":"<p>https:\/\/www.radioblog.eu\/2025\/06\/26\/intendanten-stimmen-ard-weiter-radiostrategie-zu\/<\/p>\n","protected":false},"author":1,"featured_media":0,"comment_status":"closed","ping_status":"open","sticky":false,"template":"","format":"standard","meta":{"_jetpack_memberships_contains_paid_content":false,"footnotes":"","jetpack_publicize_message":"","jetpack_publicize_feature_enabled":true,"jetpack_social_post_already_shared":true,"jetpack_social_options":{"image_generator_settings":{"template":"highway","default_image_id":0,"font":"","enabled":false},"version":2}},"categories":[1],"tags":[],"class_list":["post-43129","post","type-post","status-publish","format-standard","hentry","category-deutsch"],"jetpack_publicize_connections":[],"jetpack_featured_media_url":"","jetpack_sharing_enabled":true,"jetpack_shortlink":"https:\/\/wp.me\/p5CDmr-bdD","jetpack-related-posts":[{"id":43139,"url":"https:\/\/www.achimbrueckner.de\/dxradio\/php\/wordpress\/?p=43139","url_meta":{"origin":43129,"position":0},"title":"ARD-Radiostrategie: Erste Detailpl\u00e4ne bekannt","author":"Administrator","date":"June 27, 2025","format":false,"excerpt":"https:\/\/www.radioblog.eu\/2025\/06\/27\/ard-radiostrategie-erste-detailplaene-bekannt\/","rel":"","context":"In &quot;Deutsch&quot;","block_context":{"text":"Deutsch","link":"https:\/\/www.achimbrueckner.de\/dxradio\/php\/wordpress\/?cat=1"},"img":{"alt_text":"","src":"","width":0,"height":0},"classes":[]},{"id":42879,"url":"https:\/\/www.achimbrueckner.de\/dxradio\/php\/wordpress\/?p=42879","url_meta":{"origin":43129,"position":1},"title":"ARD-Landesprogramme erweitern Kooperation: So geht es beim rbb weiter","author":"Administrator","date":"May 26, 2025","format":false,"excerpt":"https:\/\/www.radioblog.eu\/2025\/05\/26\/ard-landesprogramme-erweitern-kooperation-so-geht-es-beim-rbb-weiter\/","rel":"","context":"In &quot;Deutsch&quot;","block_context":{"text":"Deutsch","link":"https:\/\/www.achimbrueckner.de\/dxradio\/php\/wordpress\/?cat=1"},"img":{"alt_text":"","src":"","width":0,"height":0},"classes":[]},{"id":22756,"url":"https:\/\/www.achimbrueckner.de\/dxradio\/php\/wordpress\/?p=22756","url_meta":{"origin":43129,"position":2},"title":"Rundfunkbeitrag: ARD-Intendanten f\u00fcr Teuerungsausgleich","author":"Administrator","date":"April 17, 2019","format":false,"excerpt":"https:\/\/www.heise.de\/newsticker\/meldung\/Rundfunkbeitrag-ARD-Intendanten-fuer-Teuerungsausgleich-4401667.html","rel":"","context":"In &quot;Deutsch&quot;","block_context":{"text":"Deutsch","link":"https:\/\/www.achimbrueckner.de\/dxradio\/php\/wordpress\/?cat=1"},"img":{"alt_text":"","src":"","width":0,"height":0},"classes":[]},{"id":24735,"url":"https:\/\/www.achimbrueckner.de\/dxradio\/php\/wordpress\/?p=24735","url_meta":{"origin":43129,"position":3},"title":"Brief an ARD-Intendanten: Journalisten k\u00e4mpfen gegen Programm\u00e4nderungen","author":"Administrator","date":"September 11, 2019","format":false,"excerpt":"https:\/\/www.handelsblatt.com\/unternehmen\/it-medien\/weltspiegel-verschiebung-brief-an-ard-intendanten-journalisten-kaempfen-gegen-programmaenderungen\/24999832.html","rel":"","context":"In &quot;Deutsch&quot;","block_context":{"text":"Deutsch","link":"https:\/\/www.achimbrueckner.de\/dxradio\/php\/wordpress\/?cat=1"},"img":{"alt_text":"","src":"","width":0,"height":0},"classes":[]},{"id":22752,"url":"https:\/\/www.achimbrueckner.de\/dxradio\/php\/wordpress\/?p=22752","url_meta":{"origin":43129,"position":4},"title":"Murmeltier-Tag bei der ARD: Intendanten fordern erneut eine Geb\u00fchrenerh\u00f6hung \u2013 als \u201cTeuerungsausgleich\u201d","author":"Administrator","date":"April 17, 2019","format":false,"excerpt":"https:\/\/meedia.de\/2019\/04\/17\/murmeltier-tag-bei-der-ard-intendanten-fordern-erneut-eine-gebuehrenerhoehung-als-teuerungsausgleich\/","rel":"","context":"In &quot;Deutsch&quot;","block_context":{"text":"Deutsch","link":"https:\/\/www.achimbrueckner.de\/dxradio\/php\/wordpress\/?cat=1"},"img":{"alt_text":"","src":"","width":0,"height":0},"classes":[]},{"id":30065,"url":"https:\/\/www.achimbrueckner.de\/dxradio\/php\/wordpress\/?p=30065","url_meta":{"origin":43129,"position":5},"title":"Profi-Fu\u00dfball in der ARD Rundfunkr\u00e4te von WDR und MDR stimmen Bundesliga-Vertr\u00e4gen zu","author":"Administrator","date":"September 14, 2020","format":false,"excerpt":"https:\/\/www.dwdl.de\/nachrichten\/79377\/rundfunkraete_von_wdr_und_mdr_stimmen_bundesligavertraegen_zu\/","rel":"","context":"In &quot;Deutsch&quot;","block_context":{"text":"Deutsch","link":"https:\/\/www.achimbrueckner.de\/dxradio\/php\/wordpress\/?cat=1"},"img":{"alt_text":"","src":"","width":0,"height":0},"classes":[]}],"_links":{"self":[{"href":"https:\/\/www.achimbrueckner.de\/dxradio\/php\/wordpress\/index.php?rest_route=\/wp\/v2\/posts\/43129","targetHints":{"allow":["GET"]}}],"collection":[{"href":"https:\/\/www.achimbrueckner.de\/dxradio\/php\/wordpress\/index.php?rest_route=\/wp\/v2\/posts"}],"about":[{"href":"https:\/\/www.achimbrueckner.de\/dxradio\/php\/wordpress\/index.php?rest_route=\/wp\/v2\/types\/post"}],"author":[{"embeddable":true,"href":"https:\/\/www.achimbrueckner.de\/dxradio\/php\/wordpress\/index.php?rest_route=\/wp\/v2\/users\/1"}],"replies":[{"embeddable":true,"href":"https:\/\/www.achimbrueckner.de\/dxradio\/php\/wordpress\/index.php?rest_route=%2Fwp%2Fv2%2Fcomments&post=43129"}],"version-history":[{"count":0,"href":"https:\/\/www.achimbrueckner.de\/dxradio\/php\/wordpress\/index.php?rest_route=\/wp\/v2\/posts\/43129\/revisions"}],"wp:attachment":[{"href":"https:\/\/www.achimbrueckner.de\/dxradio\/php\/wordpress\/index.php?rest_route=%2Fwp%2Fv2%2Fmedia&parent=43129"}],"wp:term":[{"taxonomy":"category","embeddable":true,"href":"https:\/\/www.achimbrueckner.de\/dxradio\/php\/wordpress\/index.php?rest_route=%2Fwp%2Fv2%2Fcategories&post=43129"},{"taxonomy":"post_tag","embeddable":true,"href":"https:\/\/www.achimbrueckner.de\/dxradio\/php\/wordpress\/index.php?rest_route=%2Fwp%2Fv2%2Ftags&post=43129"}],"curies":[{"name":"wp","href":"https:\/\/api.w.org\/{rel}","templated":true}]}}