{"id":43131,"date":"2025-06-26T15:13:07","date_gmt":"2025-06-26T15:13:07","guid":{"rendered":"https:\/\/www.achimbrueckner.de\/dxradio\/php\/wordpress\/?p=43131"},"modified":"2025-06-26T15:13:07","modified_gmt":"2025-06-26T15:13:07","slug":"sonos-verbessert-unterstutzung-fur-pocket-casts","status":"publish","type":"post","link":"https:\/\/www.achimbrueckner.de\/dxradio\/php\/wordpress\/?p=43131","title":{"rendered":"Sonos verbessert Unterst\u00fctzung f\u00fcr Pocket Casts"},"content":{"rendered":"<p><a href=\"https:\/\/www.radioblog.eu\/2025\/06\/26\/sonos-verbessert-unterstuetzung-fuer-pocket-casts\/\" target=\"_blank\">https:\/\/www.radioblog.eu\/2025\/06\/26\/sonos-verbessert-unterstuetzung-fuer-pocket-casts\/<\/a><\/p>\n","protected":false},"excerpt":{"rendered":"<p>https:\/\/www.radioblog.eu\/2025\/06\/26\/sonos-verbessert-unterstuetzung-fuer-pocket-casts\/<\/p>\n","protected":false},"author":1,"featured_media":0,"comment_status":"closed","ping_status":"open","sticky":false,"template":"","format":"standard","meta":{"_jetpack_memberships_contains_paid_content":false,"footnotes":"","jetpack_publicize_message":"","jetpack_publicize_feature_enabled":true,"jetpack_social_post_already_shared":true,"jetpack_social_options":{"image_generator_settings":{"template":"highway","default_image_id":0,"font":"","enabled":false},"version":2}},"categories":[1],"tags":[],"class_list":["post-43131","post","type-post","status-publish","format-standard","hentry","category-deutsch"],"jetpack_publicize_connections":[],"jetpack_featured_media_url":"","jetpack_sharing_enabled":true,"jetpack_shortlink":"https:\/\/wp.me\/p5CDmr-bdF","jetpack-related-posts":[{"id":44317,"url":"https:\/\/www.achimbrueckner.de\/dxradio\/php\/wordpress\/?p=44317","url_meta":{"origin":43131,"position":0},"title":"St\u00f6rung auf Sonos: Pocket Casts derzeit nicht nutzbar (Update)","author":"Administrator","date":"November 18, 2025","format":false,"excerpt":"https:\/\/www.radioblog.eu\/2025\/11\/17\/stoerung-auf-sonos-pocket-casts-derzeit-nicht-nutzbar\/","rel":"","context":"In &quot;Deutsch&quot;","block_context":{"text":"Deutsch","link":"https:\/\/www.achimbrueckner.de\/dxradio\/php\/wordpress\/?cat=1"},"img":{"alt_text":"","src":"","width":0,"height":0},"classes":[]},{"id":37533,"url":"https:\/\/www.achimbrueckner.de\/dxradio\/php\/wordpress\/?p=37533","url_meta":{"origin":43131,"position":1},"title":"Pocket Casts auf Sonos funktioniert nicht: Das ist die L\u00f6sung","author":"Administrator","date":"September 21, 2022","format":false,"excerpt":"https:\/\/www.radioblog.eu\/2022\/09\/21\/pocket-casts-auf-sonos-funktioniert-nicht-das-ist-die-loesung\/","rel":"","context":"In &quot;Deutsch&quot;","block_context":{"text":"Deutsch","link":"https:\/\/www.achimbrueckner.de\/dxradio\/php\/wordpress\/?cat=1"},"img":{"alt_text":"","src":"","width":0,"height":0},"classes":[]},{"id":40624,"url":"https:\/\/www.achimbrueckner.de\/dxradio\/php\/wordpress\/?p=40624","url_meta":{"origin":43131,"position":2},"title":"Pocket Casts: Pers\u00f6nliche Jahresr\u00fcckblicke f\u00fcr die Nutzer","author":"Administrator","date":"December 12, 2023","format":false,"excerpt":"https:\/\/www.radioblog.eu\/2023\/12\/12\/pocket-casts-persoenliche-jahresrueckblicke-fuer-die-nutzer\/","rel":"","context":"In &quot;Deutsch&quot;","block_context":{"text":"Deutsch","link":"https:\/\/www.achimbrueckner.de\/dxradio\/php\/wordpress\/?cat=1"},"img":{"alt_text":"","src":"","width":0,"height":0},"classes":[]},{"id":42388,"url":"https:\/\/www.achimbrueckner.de\/dxradio\/php\/wordpress\/?p=42388","url_meta":{"origin":43131,"position":3},"title":"Pocket Casts Web-Player jetzt kostenlos","author":"Administrator","date":"March 18, 2025","format":false,"excerpt":"https:\/\/www.radioblog.eu\/2025\/03\/18\/pocket-casts-web-player-jetzt-kostenlos\/","rel":"","context":"In &quot;Deutsch&quot;","block_context":{"text":"Deutsch","link":"https:\/\/www.achimbrueckner.de\/dxradio\/php\/wordpress\/?cat=1"},"img":{"alt_text":"","src":"","width":0,"height":0},"classes":[]},{"id":38354,"url":"https:\/\/www.achimbrueckner.de\/dxradio\/php\/wordpress\/?p=38354","url_meta":{"origin":43131,"position":4},"title":"Pocket Casts bilanziert Jahresnutzung","author":"Administrator","date":"December 26, 2022","format":false,"excerpt":"https:\/\/www.radioblog.eu\/2022\/12\/25\/pocket-casts-bilanziert-jahresnutzung\/","rel":"","context":"In &quot;Deutsch&quot;","block_context":{"text":"Deutsch","link":"https:\/\/www.achimbrueckner.de\/dxradio\/php\/wordpress\/?cat=1"},"img":{"alt_text":"","src":"","width":0,"height":0},"classes":[]},{"id":43056,"url":"https:\/\/www.achimbrueckner.de\/dxradio\/php\/wordpress\/?p=43056","url_meta":{"origin":43131,"position":5},"title":"\u00d6sterreich: iPhone-App von Radio 88.6 jetzt mit Unterst\u00fctzung f\u00fcr Apple CarPlay","author":"Administrator","date":"June 19, 2025","format":false,"excerpt":"https:\/\/www.radioblog.eu\/2025\/06\/19\/oesterreich-iphone-app-von-radio-88-6-jetzt-mit-unterstuetzung-fuer-apple-carplay\/","rel":"","context":"In &quot;Deutsch&quot;","block_context":{"text":"Deutsch","link":"https:\/\/www.achimbrueckner.de\/dxradio\/php\/wordpress\/?cat=1"},"img":{"alt_text":"","src":"","width":0,"height":0},"classes":[]}],"_links":{"self":[{"href":"https:\/\/www.achimbrueckner.de\/dxradio\/php\/wordpress\/index.php?rest_route=\/wp\/v2\/posts\/43131","targetHints":{"allow":["GET"]}}],"collection":[{"href":"https:\/\/www.achimbrueckner.de\/dxradio\/php\/wordpress\/index.php?rest_route=\/wp\/v2\/posts"}],"about":[{"href":"https:\/\/www.achimbrueckner.de\/dxradio\/php\/wordpress\/index.php?rest_route=\/wp\/v2\/types\/post"}],"author":[{"embeddable":true,"href":"https:\/\/www.achimbrueckner.de\/dxradio\/php\/wordpress\/index.php?rest_route=\/wp\/v2\/users\/1"}],"replies":[{"embeddable":true,"href":"https:\/\/www.achimbrueckner.de\/dxradio\/php\/wordpress\/index.php?rest_route=%2Fwp%2Fv2%2Fcomments&post=43131"}],"version-history":[{"count":0,"href":"https:\/\/www.achimbrueckner.de\/dxradio\/php\/wordpress\/index.php?rest_route=\/wp\/v2\/posts\/43131\/revisions"}],"wp:attachment":[{"href":"https:\/\/www.achimbrueckner.de\/dxradio\/php\/wordpress\/index.php?rest_route=%2Fwp%2Fv2%2Fmedia&parent=43131"}],"wp:term":[{"taxonomy":"category","embeddable":true,"href":"https:\/\/www.achimbrueckner.de\/dxradio\/php\/wordpress\/index.php?rest_route=%2Fwp%2Fv2%2Fcategories&post=43131"},{"taxonomy":"post_tag","embeddable":true,"href":"https:\/\/www.achimbrueckner.de\/dxradio\/php\/wordpress\/index.php?rest_route=%2Fwp%2Fv2%2Ftags&post=43131"}],"curies":[{"name":"wp","href":"https:\/\/api.w.org\/{rel}","templated":true}]}}