{"id":43143,"date":"2025-06-27T20:54:22","date_gmt":"2025-06-27T20:54:22","guid":{"rendered":"https:\/\/www.achimbrueckner.de\/dxradio\/php\/wordpress\/?p=43143"},"modified":"2025-06-27T20:54:22","modified_gmt":"2025-06-27T20:54:22","slug":"schwarzwaldradio-bringt-stammtisch-fur-vinylplattenliebhaber-ins-radio","status":"publish","type":"post","link":"https:\/\/www.achimbrueckner.de\/dxradio\/php\/wordpress\/?p=43143","title":{"rendered":"Schwarzwaldradio bringt Stammtisch f\u00fcr Vinylplattenliebhaber ins Radio"},"content":{"rendered":"<p><a href=\"https:\/\/www.radioszene.de\/203830\/schwarzwaldradio-bringt-stammtisch-fuer-vinylplattenliebhaber-ins-radio.html\" target=\"_blank\">https:\/\/www.radioszene.de\/203830\/schwarzwaldradio-bringt-stammtisch-fuer-vinylplattenliebhaber-ins-radio.html<\/a><\/p>\n","protected":false},"excerpt":{"rendered":"<p>https:\/\/www.radioszene.de\/203830\/schwarzwaldradio-bringt-stammtisch-fuer-vinylplattenliebhaber-ins-radio.html<\/p>\n","protected":false},"author":1,"featured_media":0,"comment_status":"closed","ping_status":"open","sticky":false,"template":"","format":"standard","meta":{"_jetpack_memberships_contains_paid_content":false,"footnotes":"","jetpack_publicize_message":"","jetpack_publicize_feature_enabled":true,"jetpack_social_post_already_shared":true,"jetpack_social_options":{"image_generator_settings":{"template":"highway","default_image_id":0,"font":"","enabled":false},"version":2}},"categories":[1],"tags":[],"class_list":["post-43143","post","type-post","status-publish","format-standard","hentry","category-deutsch"],"jetpack_publicize_connections":[],"jetpack_featured_media_url":"","jetpack_sharing_enabled":true,"jetpack_shortlink":"https:\/\/wp.me\/p5CDmr-bdR","jetpack-related-posts":[{"id":43155,"url":"https:\/\/www.achimbrueckner.de\/dxradio\/php\/wordpress\/?p=43155","url_meta":{"origin":43143,"position":0},"title":"Schwarzwaldradio startet \u201eVinylclub\u201c: Stammtisch f\u00fcr Musikliebhaber","author":"Administrator","date":"June 29, 2025","format":false,"excerpt":"https:\/\/www.radioblog.eu\/2025\/06\/29\/schwarzwaldradio-startet-vinylclub-stammtisch-fuer-musikliebhaber\/","rel":"","context":"In &quot;Deutsch&quot;","block_context":{"text":"Deutsch","link":"https:\/\/www.achimbrueckner.de\/dxradio\/php\/wordpress\/?cat=1"},"img":{"alt_text":"","src":"","width":0,"height":0},"classes":[]},{"id":28288,"url":"https:\/\/www.achimbrueckner.de\/dxradio\/php\/wordpress\/?p=28288","url_meta":{"origin":43143,"position":1},"title":"Schwarzwaldradio nimmt gro\u00dfen Vinylabend ins Programm","author":"Administrator","date":"April 23, 2020","format":false,"excerpt":"http:\/\/www.radiowoche.de\/schwarzwaldradio-veranstaltet-grossen-vinylanbend-mit-3-djs\/","rel":"","context":"In &quot;Deutsch&quot;","block_context":{"text":"Deutsch","link":"https:\/\/www.achimbrueckner.de\/dxradio\/php\/wordpress\/?cat=1"},"img":{"alt_text":"","src":"","width":0,"height":0},"classes":[]},{"id":7908,"url":"https:\/\/www.achimbrueckner.de\/dxradio\/php\/wordpress\/?p=7908","url_meta":{"origin":43143,"position":2},"title":"DX-Stammtisch Essen im April","author":"Administrator","date":"March 26, 2016","format":false,"excerpt":"https:\/\/jingoba.wordpress.com\/2016\/03\/26\/dx-stammtisch-essen-im-april\/","rel":"","context":"In &quot;camps&quot;","block_context":{"text":"camps","link":"https:\/\/www.achimbrueckner.de\/dxradio\/php\/wordpress\/?cat=5"},"img":{"alt_text":"","src":"","width":0,"height":0},"classes":[]},{"id":15777,"url":"https:\/\/www.achimbrueckner.de\/dxradio\/php\/wordpress\/?p=15777","url_meta":{"origin":43143,"position":3},"title":"Hobbytreffen in Essen, Stammtisch in der Marktsch\u00e4nke","author":"Administrator","date":"December 4, 2017","format":false,"excerpt":"Hallo, wir haben heute f\u00fcr unseren DXer-Stammtisch in der Marktsch\u00e4nke in Essen-Steele, Dreiringplatz 6, folgende Termine vereinbart, jeweils sonntags ab 16:00 Uhr: - 11.02.2018 - 08.04.2018 - 17.06.2018 - 05.08.2018 - 07.10.2018 - 02.12.2018 http:\/\/marktschaenke.essen-steele.de\/","rel":"","context":"In &quot;camps&quot;","block_context":{"text":"camps","link":"https:\/\/www.achimbrueckner.de\/dxradio\/php\/wordpress\/?cat=5"},"img":{"alt_text":"","src":"","width":0,"height":0},"classes":[]},{"id":1028,"url":"https:\/\/www.achimbrueckner.de\/dxradio\/php\/wordpress\/?p=1028","url_meta":{"origin":43143,"position":4},"title":"DX-Stammtisch Ruhrgebiet","author":"Administrator","date":"June 2, 2010","format":false,"excerpt":"am Samstag, den 05.06.2010 findet wieder der DX-Stammtisch Ruhrgebiet der Kurzwellenfreunde Rhein\/Ruhr statt. Wo: Kleingartenanlage He\u00dfler-Bruch, Gelsenkirchen -He\u00dfler Wann: ab 16:00 Uhr Ortszeit Weitere Infos unter http:\/\/www.kwfr.de\/032_treffen.htm und per E-Mail an infohq(at)kwfr.de . Auch Nicht-Vereinsmitglieder sind herzlich willkommen ! 73, Michael Wlochinski Kurzwellenfreunde Rhein\/Ruhr (KWFR) Info via A-DX","rel":"","context":"In &quot;camps&quot;","block_context":{"text":"camps","link":"https:\/\/www.achimbrueckner.de\/dxradio\/php\/wordpress\/?cat=5"},"img":{"alt_text":"","src":"","width":0,"height":0},"classes":[]},{"id":42886,"url":"https:\/\/www.achimbrueckner.de\/dxradio\/php\/wordpress\/?p=42886","url_meta":{"origin":43143,"position":5},"title":"Schwarzwaldradio baut sein Abendprogramm um","author":"Administrator","date":"May 26, 2025","format":false,"excerpt":"https:\/\/www.radioszene.de\/203059\/schwarzwaldradio-abendprogramm.html","rel":"","context":"In &quot;Deutsch&quot;","block_context":{"text":"Deutsch","link":"https:\/\/www.achimbrueckner.de\/dxradio\/php\/wordpress\/?cat=1"},"img":{"alt_text":"","src":"","width":0,"height":0},"classes":[]}],"_links":{"self":[{"href":"https:\/\/www.achimbrueckner.de\/dxradio\/php\/wordpress\/index.php?rest_route=\/wp\/v2\/posts\/43143","targetHints":{"allow":["GET"]}}],"collection":[{"href":"https:\/\/www.achimbrueckner.de\/dxradio\/php\/wordpress\/index.php?rest_route=\/wp\/v2\/posts"}],"about":[{"href":"https:\/\/www.achimbrueckner.de\/dxradio\/php\/wordpress\/index.php?rest_route=\/wp\/v2\/types\/post"}],"author":[{"embeddable":true,"href":"https:\/\/www.achimbrueckner.de\/dxradio\/php\/wordpress\/index.php?rest_route=\/wp\/v2\/users\/1"}],"replies":[{"embeddable":true,"href":"https:\/\/www.achimbrueckner.de\/dxradio\/php\/wordpress\/index.php?rest_route=%2Fwp%2Fv2%2Fcomments&post=43143"}],"version-history":[{"count":0,"href":"https:\/\/www.achimbrueckner.de\/dxradio\/php\/wordpress\/index.php?rest_route=\/wp\/v2\/posts\/43143\/revisions"}],"wp:attachment":[{"href":"https:\/\/www.achimbrueckner.de\/dxradio\/php\/wordpress\/index.php?rest_route=%2Fwp%2Fv2%2Fmedia&parent=43143"}],"wp:term":[{"taxonomy":"category","embeddable":true,"href":"https:\/\/www.achimbrueckner.de\/dxradio\/php\/wordpress\/index.php?rest_route=%2Fwp%2Fv2%2Fcategories&post=43143"},{"taxonomy":"post_tag","embeddable":true,"href":"https:\/\/www.achimbrueckner.de\/dxradio\/php\/wordpress\/index.php?rest_route=%2Fwp%2Fv2%2Ftags&post=43143"}],"curies":[{"name":"wp","href":"https:\/\/api.w.org\/{rel}","templated":true}]}}