{"id":43146,"date":"2025-06-27T20:56:12","date_gmt":"2025-06-27T20:56:12","guid":{"rendered":"https:\/\/www.achimbrueckner.de\/dxradio\/php\/wordpress\/?p=43146"},"modified":"2025-06-27T20:56:12","modified_gmt":"2025-06-27T20:56:12","slug":"reformstaatsvertrag-ard-weite-radiostrategie-abgesegnet-2","status":"publish","type":"post","link":"https:\/\/www.achimbrueckner.de\/dxradio\/php\/wordpress\/?p=43146","title":{"rendered":"Reformstaatsvertrag: ARD-weite Radiostrategie abgesegnet"},"content":{"rendered":"<p><a href=\"https:\/\/www.radioszene.de\/203809\/reformstaatsvertrag-abgesegnet.html\" target=\"_blank\">https:\/\/www.radioszene.de\/203809\/reformstaatsvertrag-abgesegnet.html<\/a><\/p>\n","protected":false},"excerpt":{"rendered":"<p>https:\/\/www.radioszene.de\/203809\/reformstaatsvertrag-abgesegnet.html<\/p>\n","protected":false},"author":1,"featured_media":0,"comment_status":"closed","ping_status":"open","sticky":false,"template":"","format":"standard","meta":{"_jetpack_memberships_contains_paid_content":false,"footnotes":"","jetpack_publicize_message":"","jetpack_publicize_feature_enabled":true,"jetpack_social_post_already_shared":true,"jetpack_social_options":{"image_generator_settings":{"template":"highway","default_image_id":0,"font":"","enabled":false},"version":2}},"categories":[1],"tags":[],"class_list":["post-43146","post","type-post","status-publish","format-standard","hentry","category-deutsch"],"jetpack_publicize_connections":[],"jetpack_featured_media_url":"","jetpack_sharing_enabled":true,"jetpack_shortlink":"https:\/\/wp.me\/p5CDmr-bdU","jetpack-related-posts":[{"id":43133,"url":"https:\/\/www.achimbrueckner.de\/dxradio\/php\/wordpress\/?p=43133","url_meta":{"origin":43146,"position":0},"title":"Reformstaatsvertrag: ARD-weite Radiostrategie abgesegnet","author":"Administrator","date":"June 26, 2025","format":false,"excerpt":"https:\/\/www.radioszene.de\/203809\/reformstaatsvertrag-abgesegnet.html","rel":"","context":"In &quot;Deutsch&quot;","block_context":{"text":"Deutsch","link":"https:\/\/www.achimbrueckner.de\/dxradio\/php\/wordpress\/?cat=1"},"img":{"alt_text":"","src":"","width":0,"height":0},"classes":[]},{"id":44415,"url":"https:\/\/www.achimbrueckner.de\/dxradio\/php\/wordpress\/?p=44415","url_meta":{"origin":43146,"position":1},"title":"Gro\u00dfer Radioumbruch: So setzt die ARD den Reformstaatsvertrag um","author":"Administrator","date":"November 28, 2025","format":false,"excerpt":"https:\/\/www.radioszene.de\/208311\/ard-reformstaatsvertrag.html","rel":"","context":"In &quot;Deutsch&quot;","block_context":{"text":"Deutsch","link":"https:\/\/www.achimbrueckner.de\/dxradio\/php\/wordpress\/?cat=1"},"img":{"alt_text":"","src":"","width":0,"height":0},"classes":[]},{"id":44341,"url":"https:\/\/www.achimbrueckner.de\/dxradio\/php\/wordpress\/?p=44341","url_meta":{"origin":43146,"position":2},"title":"ARD\/ZDF-Reformstaatsvertrag ratifiziert","author":"Administrator","date":"November 20, 2025","format":false,"excerpt":"https:\/\/www.radioblog.eu\/2025\/11\/19\/ard-zdf-reformstaatsvertrag-ratifiziert\/","rel":"","context":"In &quot;Deutsch&quot;","block_context":{"text":"Deutsch","link":"https:\/\/www.achimbrueckner.de\/dxradio\/php\/wordpress\/?cat=1"},"img":{"alt_text":"","src":"","width":0,"height":0},"classes":[]},{"id":44161,"url":"https:\/\/www.achimbrueckner.de\/dxradio\/php\/wordpress\/?p=44161","url_meta":{"origin":43146,"position":3},"title":"ARD\/ZDF-Reformstaatsvertrag: Warum so recht niemand damit zufrieden ist","author":"Administrator","date":"October 30, 2025","format":false,"excerpt":"https:\/\/www.digitalfernsehen.de\/news\/inhalte\/fernsehen\/ard-zdf-reformstaatsvertrag-warum-so-recht-niemand-damit-zufrieden-ist-1162690\/","rel":"","context":"In &quot;Deutsch&quot;","block_context":{"text":"Deutsch","link":"https:\/\/www.achimbrueckner.de\/dxradio\/php\/wordpress\/?cat=1"},"img":{"alt_text":"","src":"","width":0,"height":0},"classes":[]},{"id":41858,"url":"https:\/\/www.achimbrueckner.de\/dxradio\/php\/wordpress\/?p=41858","url_meta":{"origin":43146,"position":4},"title":"L\u00e4nder planen Regeln f\u00fcr ARD und ZDF Textangebote im Netz sollen eingeschr\u00e4nkt werden","author":"Administrator","date":"October 24, 2024","format":false,"excerpt":"https:\/\/www.tagesschau.de\/inland\/gesellschaft\/reformstaatsvertrag-presseaehnlichkeit-online-100.html","rel":"","context":"In &quot;Deutsch&quot;","block_context":{"text":"Deutsch","link":"https:\/\/www.achimbrueckner.de\/dxradio\/php\/wordpress\/?cat=1"},"img":{"alt_text":"","src":"","width":0,"height":0},"classes":[]},{"id":40989,"url":"https:\/\/www.achimbrueckner.de\/dxradio\/php\/wordpress\/?p=40989","url_meta":{"origin":43146,"position":5},"title":"Gegen h\u00f6here Rundfunkbeitr\u00e4ge \u2013 Bayern will Reformstaatsvertrag","author":"Administrator","date":"February 28, 2024","format":false,"excerpt":"https:\/\/www.br.de\/nachrichten\/bayern\/gegen-hoehere-rundfunkbeitraege-bayern-will-reformstaatsvertrag,U5VPKbI","rel":"","context":"In &quot;Deutsch&quot;","block_context":{"text":"Deutsch","link":"https:\/\/www.achimbrueckner.de\/dxradio\/php\/wordpress\/?cat=1"},"img":{"alt_text":"","src":"","width":0,"height":0},"classes":[]}],"_links":{"self":[{"href":"https:\/\/www.achimbrueckner.de\/dxradio\/php\/wordpress\/index.php?rest_route=\/wp\/v2\/posts\/43146","targetHints":{"allow":["GET"]}}],"collection":[{"href":"https:\/\/www.achimbrueckner.de\/dxradio\/php\/wordpress\/index.php?rest_route=\/wp\/v2\/posts"}],"about":[{"href":"https:\/\/www.achimbrueckner.de\/dxradio\/php\/wordpress\/index.php?rest_route=\/wp\/v2\/types\/post"}],"author":[{"embeddable":true,"href":"https:\/\/www.achimbrueckner.de\/dxradio\/php\/wordpress\/index.php?rest_route=\/wp\/v2\/users\/1"}],"replies":[{"embeddable":true,"href":"https:\/\/www.achimbrueckner.de\/dxradio\/php\/wordpress\/index.php?rest_route=%2Fwp%2Fv2%2Fcomments&post=43146"}],"version-history":[{"count":0,"href":"https:\/\/www.achimbrueckner.de\/dxradio\/php\/wordpress\/index.php?rest_route=\/wp\/v2\/posts\/43146\/revisions"}],"wp:attachment":[{"href":"https:\/\/www.achimbrueckner.de\/dxradio\/php\/wordpress\/index.php?rest_route=%2Fwp%2Fv2%2Fmedia&parent=43146"}],"wp:term":[{"taxonomy":"category","embeddable":true,"href":"https:\/\/www.achimbrueckner.de\/dxradio\/php\/wordpress\/index.php?rest_route=%2Fwp%2Fv2%2Fcategories&post=43146"},{"taxonomy":"post_tag","embeddable":true,"href":"https:\/\/www.achimbrueckner.de\/dxradio\/php\/wordpress\/index.php?rest_route=%2Fwp%2Fv2%2Ftags&post=43146"}],"curies":[{"name":"wp","href":"https:\/\/api.w.org\/{rel}","templated":true}]}}