{"id":43194,"date":"2025-07-03T14:57:15","date_gmt":"2025-07-03T14:57:15","guid":{"rendered":"https:\/\/www.achimbrueckner.de\/dxradio\/php\/wordpress\/?p=43194"},"modified":"2025-07-04T14:57:41","modified_gmt":"2025-07-04T14:57:41","slug":"niederlande-kink-verliert-rechtsstreit-um-ukw-frequenzen","status":"publish","type":"post","link":"https:\/\/www.achimbrueckner.de\/dxradio\/php\/wordpress\/?p=43194","title":{"rendered":"Niederlande: KINK verliert Rechtsstreit um UKW-Frequenzen"},"content":{"rendered":"<p><a href=\"https:\/\/www.radioblog.eu\/2025\/07\/03\/niederlande-kink-verliert-rechtsstreit-um-ukw-frequenzen\/\" target=\"_blank\">https:\/\/www.radioblog.eu\/2025\/07\/03\/niederlande-kink-verliert-rechtsstreit-um-ukw-frequenzen\/<\/a><\/p>\n","protected":false},"excerpt":{"rendered":"<p>https:\/\/www.radioblog.eu\/2025\/07\/03\/niederlande-kink-verliert-rechtsstreit-um-ukw-frequenzen\/<\/p>\n","protected":false},"author":1,"featured_media":0,"comment_status":"closed","ping_status":"open","sticky":false,"template":"","format":"standard","meta":{"_jetpack_memberships_contains_paid_content":false,"footnotes":"","jetpack_publicize_message":"","jetpack_publicize_feature_enabled":true,"jetpack_social_post_already_shared":true,"jetpack_social_options":{"image_generator_settings":{"template":"highway","default_image_id":0,"font":"","enabled":false},"version":2}},"categories":[1],"tags":[],"class_list":["post-43194","post","type-post","status-publish","format-standard","hentry","category-deutsch"],"jetpack_publicize_connections":[],"jetpack_featured_media_url":"","jetpack_sharing_enabled":true,"jetpack_shortlink":"https:\/\/wp.me\/p5CDmr-beG","jetpack-related-posts":[{"id":42661,"url":"https:\/\/www.achimbrueckner.de\/dxradio\/php\/wordpress\/?p=42661","url_meta":{"origin":43194,"position":0},"title":"Niederlande: Versteigerung von DAB+- und UKW-Frequenzen","author":"Administrator","date":"April 23, 2025","format":false,"excerpt":"https:\/\/www.radioblog.eu\/2025\/04\/23\/niederlande-versteigerung-von-dab-und-ukw-frequenzen\/","rel":"","context":"In &quot;Deutsch&quot;","block_context":{"text":"Deutsch","link":"https:\/\/www.achimbrueckner.de\/dxradio\/php\/wordpress\/?cat=1"},"img":{"alt_text":"","src":"","width":0,"height":0},"classes":[]},{"id":43634,"url":"https:\/\/www.achimbrueckner.de\/dxradio\/php\/wordpress\/?p=43634","url_meta":{"origin":43194,"position":1},"title":"Niederlande: KINK best\u00e4tigt UKW-Abschaltung","author":"Administrator","date":"August 23, 2025","format":false,"excerpt":"https:\/\/www.radioblog.eu\/2025\/08\/23\/niederlande-kink-bestaetigt-ukw-abschaltung\/","rel":"","context":"In &quot;Deutsch&quot;","block_context":{"text":"Deutsch","link":"https:\/\/www.achimbrueckner.de\/dxradio\/php\/wordpress\/?cat=1"},"img":{"alt_text":"","src":"","width":0,"height":0},"classes":[]},{"id":1637,"url":"https:\/\/www.achimbrueckner.de\/dxradio\/php\/wordpress\/?p=1637","url_meta":{"origin":43194,"position":2},"title":"KINK FM mu\u00df bleiben!","author":"Administrator","date":"July 3, 2011","format":false,"excerpt":"KINK FM mu\u00df bleiben! http:\/\/www.openpetition.de\/petition\/online\/kink-fm-muss-bleiben Die auch in Deutschland bekannte niederl\u00e4ndische Alternative Music Station KINK FM soll ab 1. Oktober schweigen. Soll will es scheinbar der Eigner Veronica mit seiner Medienorganisation V-Ventures. Bem\u00fchungen um die angeblich f\u00fcr wirtschaftlichen Betrieb n\u00f6tigen UKW-Frequenzen wurden nie ernsthaft verfolgt. Nun soll der Geldhahn sogar\u2026","rel":"","context":"In &quot;Deutsch&quot;","block_context":{"text":"Deutsch","link":"https:\/\/www.achimbrueckner.de\/dxradio\/php\/wordpress\/?cat=1"},"img":{"alt_text":"","src":"","width":0,"height":0},"classes":[]},{"id":40793,"url":"https:\/\/www.achimbrueckner.de\/dxradio\/php\/wordpress\/?p=40793","url_meta":{"origin":43194,"position":3},"title":"Niederlande: Kink startet erstmals auf UKW","author":"Administrator","date":"January 12, 2024","format":false,"excerpt":"https:\/\/www.satellifax.de\/mlesen.php?id=a666ec6a31df65e9fe7488bff9ae4f46","rel":"","context":"In &quot;Deutsch&quot;","block_context":{"text":"Deutsch","link":"https:\/\/www.achimbrueckner.de\/dxradio\/php\/wordpress\/?cat=1"},"img":{"alt_text":"","src":"","width":0,"height":0},"classes":[]},{"id":40407,"url":"https:\/\/www.achimbrueckner.de\/dxradio\/php\/wordpress\/?p=40407","url_meta":{"origin":43194,"position":4},"title":"Niederlande: Kink k\u00f6nnte bald auch auf UKW starten","author":"Administrator","date":"October 25, 2023","format":false,"excerpt":"https:\/\/www.satellifax.de\/mlesen.php?id=baa23f78e4de929a28c7cd64b9f61db3","rel":"","context":"In &quot;Deutsch&quot;","block_context":{"text":"Deutsch","link":"https:\/\/www.achimbrueckner.de\/dxradio\/php\/wordpress\/?cat=1"},"img":{"alt_text":"","src":"","width":0,"height":0},"classes":[]},{"id":43676,"url":"https:\/\/www.achimbrueckner.de\/dxradio\/php\/wordpress\/?p=43676","url_meta":{"origin":43194,"position":5},"title":"Niederlande: Qmusic Limburg auf neuen Frequenzen","author":"Administrator","date":"August 29, 2025","format":false,"excerpt":"https:\/\/www.radioblog.eu\/2025\/08\/29\/niederlande-qmusic-limburg-auf-neuen-frequenzen\/","rel":"","context":"In &quot;Deutsch&quot;","block_context":{"text":"Deutsch","link":"https:\/\/www.achimbrueckner.de\/dxradio\/php\/wordpress\/?cat=1"},"img":{"alt_text":"","src":"","width":0,"height":0},"classes":[]}],"_links":{"self":[{"href":"https:\/\/www.achimbrueckner.de\/dxradio\/php\/wordpress\/index.php?rest_route=\/wp\/v2\/posts\/43194","targetHints":{"allow":["GET"]}}],"collection":[{"href":"https:\/\/www.achimbrueckner.de\/dxradio\/php\/wordpress\/index.php?rest_route=\/wp\/v2\/posts"}],"about":[{"href":"https:\/\/www.achimbrueckner.de\/dxradio\/php\/wordpress\/index.php?rest_route=\/wp\/v2\/types\/post"}],"author":[{"embeddable":true,"href":"https:\/\/www.achimbrueckner.de\/dxradio\/php\/wordpress\/index.php?rest_route=\/wp\/v2\/users\/1"}],"replies":[{"embeddable":true,"href":"https:\/\/www.achimbrueckner.de\/dxradio\/php\/wordpress\/index.php?rest_route=%2Fwp%2Fv2%2Fcomments&post=43194"}],"version-history":[{"count":0,"href":"https:\/\/www.achimbrueckner.de\/dxradio\/php\/wordpress\/index.php?rest_route=\/wp\/v2\/posts\/43194\/revisions"}],"wp:attachment":[{"href":"https:\/\/www.achimbrueckner.de\/dxradio\/php\/wordpress\/index.php?rest_route=%2Fwp%2Fv2%2Fmedia&parent=43194"}],"wp:term":[{"taxonomy":"category","embeddable":true,"href":"https:\/\/www.achimbrueckner.de\/dxradio\/php\/wordpress\/index.php?rest_route=%2Fwp%2Fv2%2Fcategories&post=43194"},{"taxonomy":"post_tag","embeddable":true,"href":"https:\/\/www.achimbrueckner.de\/dxradio\/php\/wordpress\/index.php?rest_route=%2Fwp%2Fv2%2Ftags&post=43194"}],"curies":[{"name":"wp","href":"https:\/\/api.w.org\/{rel}","templated":true}]}}