{"id":43199,"date":"2025-07-03T15:00:30","date_gmt":"2025-07-03T15:00:30","guid":{"rendered":"https:\/\/www.achimbrueckner.de\/dxradio\/php\/wordpress\/?p=43199"},"modified":"2025-07-04T15:00:54","modified_gmt":"2025-07-04T15:00:54","slug":"schweiz-ausstieg-aus-dem-ukw-ausstieg","status":"publish","type":"post","link":"https:\/\/www.achimbrueckner.de\/dxradio\/php\/wordpress\/?p=43199","title":{"rendered":"Schweiz: Ausstieg aus dem UKW-Ausstieg?"},"content":{"rendered":"<p><a href=\"https:\/\/www.radioblog.eu\/2025\/07\/02\/schweiz-ausstieg-aus-dem-ukw-ausstieg\/\" target=\"_blank\">https:\/\/www.radioblog.eu\/2025\/07\/02\/schweiz-ausstieg-aus-dem-ukw-ausstieg\/<\/a><\/p>\n","protected":false},"excerpt":{"rendered":"<p>https:\/\/www.radioblog.eu\/2025\/07\/02\/schweiz-ausstieg-aus-dem-ukw-ausstieg\/<\/p>\n","protected":false},"author":1,"featured_media":0,"comment_status":"closed","ping_status":"open","sticky":false,"template":"","format":"standard","meta":{"_jetpack_memberships_contains_paid_content":false,"footnotes":"","jetpack_publicize_message":"","jetpack_publicize_feature_enabled":true,"jetpack_social_post_already_shared":true,"jetpack_social_options":{"image_generator_settings":{"template":"highway","default_image_id":0,"font":"","enabled":false},"version":2}},"categories":[1],"tags":[],"class_list":["post-43199","post","type-post","status-publish","format-standard","hentry","category-deutsch"],"jetpack_publicize_connections":[],"jetpack_featured_media_url":"","jetpack_sharing_enabled":true,"jetpack_shortlink":"https:\/\/wp.me\/p5CDmr-beL","jetpack-related-posts":[{"id":19311,"url":"https:\/\/www.achimbrueckner.de\/dxradio\/php\/wordpress\/?p=19311","url_meta":{"origin":43199,"position":0},"title":"Deutschlandradio beginnt mit dem Ausstieg aus dem UKW-Zeitalter","author":"Administrator","date":"September 26, 2018","format":false,"excerpt":"https:\/\/www.heise.de\/newsticker\/meldung\/Deutschlandradio-beginnt-mit-dem-Ausstieg-aus-dem-UKW-Zeitalter-4175906.html","rel":"","context":"In &quot;Deutsch&quot;","block_context":{"text":"Deutsch","link":"https:\/\/www.achimbrueckner.de\/dxradio\/php\/wordpress\/?cat=1"},"img":{"alt_text":"","src":"","width":0,"height":0},"classes":[]},{"id":29359,"url":"https:\/\/www.achimbrueckner.de\/dxradio\/php\/wordpress\/?p=29359","url_meta":{"origin":43199,"position":1},"title":"Gro\u00dfbritannien stoppt Ausstieg aus dem UKW-Radio","author":"Administrator","date":"July 7, 2020","format":false,"excerpt":"https:\/\/www.teltarif.de\/grossbritannien-ukw-ausstieg-gestoppt-dab-plus-digitalradio\/news\/81196.html","rel":"","context":"In &quot;Deutsch&quot;","block_context":{"text":"Deutsch","link":"https:\/\/www.achimbrueckner.de\/dxradio\/php\/wordpress\/?cat=1"},"img":{"alt_text":"","src":"","width":0,"height":0},"classes":[]},{"id":15983,"url":"https:\/\/www.achimbrueckner.de\/dxradio\/php\/wordpress\/?p=15983","url_meta":{"origin":43199,"position":2},"title":"Ausstieg aus dem UKW-Gesch\u00e4ft: Media Broadcast findet K\u00e4ufer f\u00fcr 700 Radio-Antennen","author":"Administrator","date":"December 21, 2017","format":false,"excerpt":"http:\/\/meedia.de\/2017\/12\/21\/ausstieg-aus-dem-ukw-geschaeft-media-broadcast-findet-kaeufer-fuer-700-radio-antennen\/","rel":"","context":"In &quot;Deutsch&quot;","block_context":{"text":"Deutsch","link":"https:\/\/www.achimbrueckner.de\/dxradio\/php\/wordpress\/?cat=1"},"img":{"alt_text":"","src":"","width":0,"height":0},"classes":[]},{"id":29846,"url":"https:\/\/www.achimbrueckner.de\/dxradio\/php\/wordpress\/?p=29846","url_meta":{"origin":43199,"position":3},"title":"Schweiz: UKW-Ausstieg f\u00fcr 2022\/2023 geplant","author":"Administrator","date":"August 28, 2020","format":false,"excerpt":"https:\/\/www.radioszene.de\/146908\/schweiz-ukw-ausstieg-dab.html","rel":"","context":"In &quot;Deutsch&quot;","block_context":{"text":"Deutsch","link":"https:\/\/www.achimbrueckner.de\/dxradio\/php\/wordpress\/?cat=1"},"img":{"alt_text":"","src":"","width":0,"height":0},"classes":[]},{"id":31377,"url":"https:\/\/www.achimbrueckner.de\/dxradio\/php\/wordpress\/?p=31377","url_meta":{"origin":43199,"position":4},"title":"Schweiz: UKW-Abschaltung bis sp\u00e4testens Januar 2023","author":"Administrator","date":"December 26, 2020","format":false,"excerpt":"https:\/\/www.teltarif.de\/schweiz-ukw-ausstieg-radio\/news\/82997.html","rel":"","context":"In &quot;Deutsch&quot;","block_context":{"text":"Deutsch","link":"https:\/\/www.achimbrueckner.de\/dxradio\/php\/wordpress\/?cat=1"},"img":{"alt_text":"","src":"","width":0,"height":0},"classes":[]},{"id":44050,"url":"https:\/\/www.achimbrueckner.de\/dxradio\/php\/wordpress\/?p=44050","url_meta":{"origin":43199,"position":5},"title":"UKW in der Schweiz: Gro\u00dfe Neuausschreibung statt Ausstieg","author":"Administrator","date":"October 18, 2025","format":false,"excerpt":"https:\/\/www.teltarif.de\/ukw-schweiz-digitalradio-radio-privatfunk\/news\/100151.html","rel":"","context":"In &quot;Deutsch&quot;","block_context":{"text":"Deutsch","link":"https:\/\/www.achimbrueckner.de\/dxradio\/php\/wordpress\/?cat=1"},"img":{"alt_text":"","src":"","width":0,"height":0},"classes":[]}],"_links":{"self":[{"href":"https:\/\/www.achimbrueckner.de\/dxradio\/php\/wordpress\/index.php?rest_route=\/wp\/v2\/posts\/43199","targetHints":{"allow":["GET"]}}],"collection":[{"href":"https:\/\/www.achimbrueckner.de\/dxradio\/php\/wordpress\/index.php?rest_route=\/wp\/v2\/posts"}],"about":[{"href":"https:\/\/www.achimbrueckner.de\/dxradio\/php\/wordpress\/index.php?rest_route=\/wp\/v2\/types\/post"}],"author":[{"embeddable":true,"href":"https:\/\/www.achimbrueckner.de\/dxradio\/php\/wordpress\/index.php?rest_route=\/wp\/v2\/users\/1"}],"replies":[{"embeddable":true,"href":"https:\/\/www.achimbrueckner.de\/dxradio\/php\/wordpress\/index.php?rest_route=%2Fwp%2Fv2%2Fcomments&post=43199"}],"version-history":[{"count":0,"href":"https:\/\/www.achimbrueckner.de\/dxradio\/php\/wordpress\/index.php?rest_route=\/wp\/v2\/posts\/43199\/revisions"}],"wp:attachment":[{"href":"https:\/\/www.achimbrueckner.de\/dxradio\/php\/wordpress\/index.php?rest_route=%2Fwp%2Fv2%2Fmedia&parent=43199"}],"wp:term":[{"taxonomy":"category","embeddable":true,"href":"https:\/\/www.achimbrueckner.de\/dxradio\/php\/wordpress\/index.php?rest_route=%2Fwp%2Fv2%2Fcategories&post=43199"},{"taxonomy":"post_tag","embeddable":true,"href":"https:\/\/www.achimbrueckner.de\/dxradio\/php\/wordpress\/index.php?rest_route=%2Fwp%2Fv2%2Ftags&post=43199"}],"curies":[{"name":"wp","href":"https:\/\/api.w.org\/{rel}","templated":true}]}}