{"id":43225,"date":"2025-07-05T13:41:06","date_gmt":"2025-07-05T13:41:06","guid":{"rendered":"https:\/\/www.achimbrueckner.de\/dxradio\/php\/wordpress\/?p=43225"},"modified":"2025-07-05T13:41:06","modified_gmt":"2025-07-05T13:41:06","slug":"dortmunder-amateurfunk-treffen-dat-e-v-2025-abgesagt","status":"publish","type":"post","link":"https:\/\/www.achimbrueckner.de\/dxradio\/php\/wordpress\/?p=43225","title":{"rendered":"Dortmunder Amateurfunk Treffen DAT e.V. 2025 abgesagt"},"content":{"rendered":"<p>Dortmunder Amateurfunk Treffen DAT e.V.<\/p>\n<p>Liebe Funkfreunde,<br \/>\nnach eingehender \u00dcberpr\u00fcfung und sorgf\u00e4ltiger Abw\u00e4gung m\u00fcssen wir leider mitteilen, dass der Dortmunder Amateurfunkmarkt  im Jahr 2025 nicht stattfinden wird.<br \/>\nDie Entscheidung wurde aufgrund wirtschaftlicher Erw\u00e4gungen getroffen, da die Durchf\u00fchrung der Veranstaltung unter den aktuellen Bedingungen nicht tragf\u00e4hig ist.<br \/>\nWir sind jedoch bereits auf der Suche nach einem geeigneten Veranstaltungsort f\u00fcr das Jahr 2026 und werden euch rechtzeitig \u00fcber die Details informieren.<br \/>\nVielen Dank f\u00fcr euer Verst\u00e4ndnis und die jahrelange Unterst\u00fctzung.<br \/>\nEuer Orga-Team vom DAT e.V.<\/p>\n<p>Info via A-DX Facebook<\/p>\n","protected":false},"excerpt":{"rendered":"<p>Dortmunder Amateurfunk Treffen DAT e.V. Liebe Funkfreunde, nach eingehender \u00dcberpr\u00fcfung und sorgf\u00e4ltiger Abw\u00e4gung m\u00fcssen wir leider mitteilen, dass der Dortmunder Amateurfunkmarkt im Jahr 2025 nicht stattfinden wird. Die Entscheidung wurde aufgrund wirtschaftlicher Erw\u00e4gungen getroffen, da die Durchf\u00fchrung der Veranstaltung unter den aktuellen Bedingungen nicht tragf\u00e4hig ist. Wir sind jedoch bereits auf der Suche nach einem &hellip; <a href=\"https:\/\/www.achimbrueckner.de\/dxradio\/php\/wordpress\/?p=43225\" class=\"more-link\">Continue reading <span class=\"screen-reader-text\">Dortmunder Amateurfunk Treffen DAT e.V. 2025 abgesagt<\/span><\/a><\/p>\n","protected":false},"author":1,"featured_media":0,"comment_status":"closed","ping_status":"open","sticky":false,"template":"","format":"standard","meta":{"_jetpack_memberships_contains_paid_content":false,"footnotes":"","jetpack_publicize_message":"","jetpack_publicize_feature_enabled":true,"jetpack_social_post_already_shared":true,"jetpack_social_options":{"image_generator_settings":{"template":"highway","default_image_id":0,"font":"","enabled":false},"version":2}},"categories":[1],"tags":[],"class_list":["post-43225","post","type-post","status-publish","format-standard","hentry","category-deutsch"],"jetpack_publicize_connections":[],"jetpack_featured_media_url":"","jetpack_sharing_enabled":true,"jetpack_shortlink":"https:\/\/wp.me\/p5CDmr-bfb","jetpack-related-posts":[{"id":33442,"url":"https:\/\/www.achimbrueckner.de\/dxradio\/php\/wordpress\/?p=33442","url_meta":{"origin":43225,"position":0},"title":"Dortmunder Amateurfunkmarktes (DAT e.V.) abgesagt","author":"Administrator","date":"August 26, 2021","format":false,"excerpt":"http:\/\/dat-do.loose-kamen.de\/ .... !! Amateurfunkmarkt 2021 abgesagt !! Nach reiflicher \u00dcberlegung und Durchsprache aller Unw\u00e4gbarkeiten haben wir uns schweren Herzens zu dieser Entscheidung entschlossen. Die M\u00f6glichkeit den Markt in gewohnter Weise durchf\u00fchren zu k\u00f6nnen ist nicht sicher gegeben. Um k\u00fcnftige Veranstaltungen nicht zu gef\u00e4hrten wollen wir das hohe Risiko eines Misserfolges\u2026","rel":"","context":"In &quot;Deutsch&quot;","block_context":{"text":"Deutsch","link":"https:\/\/www.achimbrueckner.de\/dxradio\/php\/wordpress\/?cat=1"},"img":{"alt_text":"","src":"","width":0,"height":0},"classes":[]},{"id":3762,"url":"https:\/\/www.achimbrueckner.de\/dxradio\/php\/wordpress\/?p=3762","url_meta":{"origin":43225,"position":1},"title":"Treffen der Radiofreunde NRW auf dem Dortmunder Amateurfunkflohmarkt","author":"Administrator","date":"November 15, 2014","format":false,"excerpt":"Hallo zusammen, am 06.Dezember 2014 (also ein Tag vor unserem Stammtisch) treffen sich die Radiofreunde NRW informell auf dem Amateurfunkflohmarkt in Dortmund. Treffpunkt ist der Stand der Interessengemeinschaft Bergbau und Amateurfunk. Der ist im \u00dcbergang der beiden Hallen neben den Tischen f\u00fcr die Besucher. Wir treffen uns dort um 11\u2026","rel":"","context":"In &quot;camps&quot;","block_context":{"text":"camps","link":"https:\/\/www.achimbrueckner.de\/dxradio\/php\/wordpress\/?cat=5"},"img":{"alt_text":"","src":"","width":0,"height":0},"classes":[]},{"id":7826,"url":"https:\/\/www.achimbrueckner.de\/dxradio\/php\/wordpress\/?p=7826","url_meta":{"origin":43225,"position":2},"title":"HAM Radio 2017 (!) verschoben","author":"Administrator","date":"March 15, 2016","format":false,"excerpt":"Messe Friedrichshafen und DARC fixieren den Messetermin f\u00fcr 2017 \u2013 Funkamateure treffen sich vom 14. bis 16. Juli 2017 am Bodensee Neue Terminierung: Messe Ham Radio findet im Jahr 2017 im Juli in Friedrichshafen statt Friedrichshafen \u2013 Die Ham Radio zieht es in den Sommer. Die Veranstalter der Messe Friedrichshafen\u2026","rel":"","context":"In &quot;camps&quot;","block_context":{"text":"camps","link":"https:\/\/www.achimbrueckner.de\/dxradio\/php\/wordpress\/?cat=5"},"img":{"alt_text":"","src":"","width":0,"height":0},"classes":[]},{"id":1611,"url":"https:\/\/www.achimbrueckner.de\/dxradio\/php\/wordpress\/?p=1611","url_meta":{"origin":43225,"position":3},"title":"Herbstcamp der KWFR e.V. in Solingen","author":"Administrator","date":"June 20, 2011","format":false,"excerpt":"Hallo liebe YL und OM, vom 21. bis zum 25. September findet wieder das Herbstcamp der KWFR e.V. im Naturfreundehaus Holzerbachtal in Solingen, Ortsteil Solingen-Wald statt. http:\/\/kwfr.de\/ http:\/\/www.naturfreundehaus-holzerbachtal.de\/ Dort treffen sich bis zu 10 DXer zum H\u00f6ren, Fachsimpeln und gem\u00fctlichen Beisammensein. F\u00fcr Verpflegung (Vollpension) ist gesorgt, ebenso f\u00fcr die DX-\u00fcblichen\u2026","rel":"","context":"In &quot;camps&quot;","block_context":{"text":"camps","link":"https:\/\/www.achimbrueckner.de\/dxradio\/php\/wordpress\/?cat=5"},"img":{"alt_text":"","src":"","width":0,"height":0},"classes":[]},{"id":11296,"url":"https:\/\/www.achimbrueckner.de\/dxradio\/php\/wordpress\/?p=11296","url_meta":{"origin":43225,"position":4},"title":"50 Jahre ADDX","author":"Administrator","date":"December 8, 2016","format":false,"excerpt":"Hallo in die Runde, wie vielen Hobbyfreunden bestimmt bekannt ist, wird die ADDX e.V. im Jahr 2017 ihr 50. Gr\u00fcndungsjubil\u00e4um feiern. Das ist f\u00fcr uns von Vorstand und Redaktion \"Radio-Kurier mit weltweit h\u00f6ren\" Grund genug, auch akustisch einen R\u00fcckblick auf die Anfangstage und die Vereinsentwicklung zu pr\u00e4sentieren und \u00fcber unsere\u2026","rel":"","context":"In &quot;Deutsch&quot;","block_context":{"text":"Deutsch","link":"https:\/\/www.achimbrueckner.de\/dxradio\/php\/wordpress\/?cat=1"},"img":{"alt_text":"","src":"","width":0,"height":0},"classes":[]},{"id":1135,"url":"https:\/\/www.achimbrueckner.de\/dxradio\/php\/wordpress\/?p=1135","url_meta":{"origin":43225,"position":5},"title":"DARC Tag der offenen T\u00fcr","author":"Administrator","date":"September 9, 2010","format":false,"excerpt":"18. September: Kommen Sie zum Tag der offenen T\u00fcr nach Baunatal! ---------------------------------------------------------------- Am Samstag, dem 18. September, ab 10 Uhr sind alle Mitglieder und Freunde des DARC e.V. eingeladen, das Amateurfunkzentrum in Baunatal zu besuchen. Gemeinsam mit Ihnen feiern wir das 60-j\u00e4hrige Bestehen des Bundesverbandes. Der Tag bietet Gelegenheit, die\u2026","rel":"","context":"In &quot;camps&quot;","block_context":{"text":"camps","link":"https:\/\/www.achimbrueckner.de\/dxradio\/php\/wordpress\/?cat=5"},"img":{"alt_text":"","src":"","width":0,"height":0},"classes":[]}],"_links":{"self":[{"href":"https:\/\/www.achimbrueckner.de\/dxradio\/php\/wordpress\/index.php?rest_route=\/wp\/v2\/posts\/43225","targetHints":{"allow":["GET"]}}],"collection":[{"href":"https:\/\/www.achimbrueckner.de\/dxradio\/php\/wordpress\/index.php?rest_route=\/wp\/v2\/posts"}],"about":[{"href":"https:\/\/www.achimbrueckner.de\/dxradio\/php\/wordpress\/index.php?rest_route=\/wp\/v2\/types\/post"}],"author":[{"embeddable":true,"href":"https:\/\/www.achimbrueckner.de\/dxradio\/php\/wordpress\/index.php?rest_route=\/wp\/v2\/users\/1"}],"replies":[{"embeddable":true,"href":"https:\/\/www.achimbrueckner.de\/dxradio\/php\/wordpress\/index.php?rest_route=%2Fwp%2Fv2%2Fcomments&post=43225"}],"version-history":[{"count":0,"href":"https:\/\/www.achimbrueckner.de\/dxradio\/php\/wordpress\/index.php?rest_route=\/wp\/v2\/posts\/43225\/revisions"}],"wp:attachment":[{"href":"https:\/\/www.achimbrueckner.de\/dxradio\/php\/wordpress\/index.php?rest_route=%2Fwp%2Fv2%2Fmedia&parent=43225"}],"wp:term":[{"taxonomy":"category","embeddable":true,"href":"https:\/\/www.achimbrueckner.de\/dxradio\/php\/wordpress\/index.php?rest_route=%2Fwp%2Fv2%2Fcategories&post=43225"},{"taxonomy":"post_tag","embeddable":true,"href":"https:\/\/www.achimbrueckner.de\/dxradio\/php\/wordpress\/index.php?rest_route=%2Fwp%2Fv2%2Ftags&post=43225"}],"curies":[{"name":"wp","href":"https:\/\/api.w.org\/{rel}","templated":true}]}}