{"id":43240,"date":"2025-07-07T14:27:18","date_gmt":"2025-07-07T14:27:18","guid":{"rendered":"https:\/\/www.achimbrueckner.de\/dxradio\/php\/wordpress\/?p=43240"},"modified":"2025-07-07T14:27:18","modified_gmt":"2025-07-07T14:27:18","slug":"the-velvet-sundown-bestatigt-offiziell-dass-sie-ki-sind-und-eine-provokation","status":"publish","type":"post","link":"https:\/\/www.achimbrueckner.de\/dxradio\/php\/wordpress\/?p=43240","title":{"rendered":"The Velvet Sundown best\u00e4tigt offiziell, dass sie KI sind \u2013 und eine \u201eProvokation\u201c"},"content":{"rendered":"<p><a href=\"https:\/\/www.rollingstone.de\/the-velvet-sundown-bestaetigt-offiziell-dass-sie-ki-sind-und-eine-provokation-3030415\/\" target=\"_blank\">https:\/\/www.rollingstone.de\/the-velvet-sundown-bestaetigt-offiziell-dass-sie-ki-sind-und-eine-provokation-3030415\/<\/a><\/p>\n","protected":false},"excerpt":{"rendered":"<p>https:\/\/www.rollingstone.de\/the-velvet-sundown-bestaetigt-offiziell-dass-sie-ki-sind-und-eine-provokation-3030415\/<\/p>\n","protected":false},"author":1,"featured_media":0,"comment_status":"closed","ping_status":"open","sticky":false,"template":"","format":"standard","meta":{"_jetpack_memberships_contains_paid_content":false,"footnotes":"","jetpack_publicize_message":"","jetpack_publicize_feature_enabled":true,"jetpack_social_post_already_shared":true,"jetpack_social_options":{"image_generator_settings":{"template":"highway","default_image_id":0,"font":"","enabled":false},"version":2}},"categories":[1],"tags":[],"class_list":["post-43240","post","type-post","status-publish","format-standard","hentry","category-deutsch"],"jetpack_publicize_connections":[],"jetpack_featured_media_url":"","jetpack_sharing_enabled":true,"jetpack_shortlink":"https:\/\/wp.me\/p5CDmr-bfq","jetpack-related-posts":[{"id":1485,"url":"https:\/\/www.achimbrueckner.de\/dxradio\/php\/wordpress\/?p=1485","url_meta":{"origin":43240,"position":0},"title":"Radio Free Europe Konferenz in M\u00fcnchen","author":"Administrator","date":"April 18, 2011","format":false,"excerpt":"Stimmen der Freiheit - westliche Provokation? 60 Jahre Radio Free Europe in M\u00fcnchen und Prag http:\/\/munich.czechcentres.cz\/programm\/detail\/rfe-konferenz\/ Info via A-DX","rel":"","context":"In &quot;camps&quot;","block_context":{"text":"camps","link":"https:\/\/www.achimbrueckner.de\/dxradio\/php\/wordpress\/?cat=5"},"img":{"alt_text":"","src":"","width":0,"height":0},"classes":[]},{"id":957,"url":"https:\/\/www.achimbrueckner.de\/dxradio\/php\/wordpress\/?p=957","url_meta":{"origin":43240,"position":1},"title":"Radio Bremen 936 Khz","author":"Administrator","date":"March 13, 2010","format":false,"excerpt":"Radio Bremen plant aus wirtschaftlichen Gr\u00fcnden (es geht um Kostensenkung) die Mittelwelle abzuschalten. Unser Programm ist ja neben UKW, Kabel und Satellit auch mittlerweile via Internet weltweit zu empfangen, so dass vermutlich die Mittelwelle nur noch von wenigen H\u00f6rerinnen und H\u00f6rern genutzt wird. Wir hoffen, dass Sie nicht ausschlie\u00dflich auf\u2026","rel":"","context":"In &quot;Deutsch&quot;","block_context":{"text":"Deutsch","link":"https:\/\/www.achimbrueckner.de\/dxradio\/php\/wordpress\/?cat=1"},"img":{"alt_text":"","src":"","width":0,"height":0},"classes":[]},{"id":23115,"url":"https:\/\/www.achimbrueckner.de\/dxradio\/php\/wordpress\/?p=23115","url_meta":{"origin":43240,"position":2},"title":"Offiziell: Mehr Geld f\u00fcr Privat-TV und Privat-Radio","author":"Administrator","date":"May 15, 2019","format":false,"excerpt":"https:\/\/www.sn.at\/panorama\/medien\/offiziell-mehr-geld-fuer-privat-tv-und-privat-radio-70280626","rel":"","context":"In &quot;Deutsch&quot;","block_context":{"text":"Deutsch","link":"https:\/\/www.achimbrueckner.de\/dxradio\/php\/wordpress\/?cat=1"},"img":{"alt_text":"","src":"","width":0,"height":0},"classes":[]},{"id":36924,"url":"https:\/\/www.achimbrueckner.de\/dxradio\/php\/wordpress\/?p=36924","url_meta":{"origin":43240,"position":3},"title":"Sommerkamp-Gedenk-Aktivit\u00e4t 10. \/ 11.9.2022","author":"Administrator","date":"July 11, 2022","format":false,"excerpt":"Sommerkamp-Gedenk-Aktivit\u00e4t Liebe Radiofreunde, erinnern Sie sich noch an den ber\u00fchmten \"Kaffeew\u00e4rmer\", Sommerkamp TS 788 DX? Die Sommerkamp-Freunde, eine Gruppe auf Facebook, m\u00f6chten den Unternehmer, der hinter der gro\u00dfen Marke Sommerkamp Radio steht, ehren. Herr Wolfgang Sommerkamp, geboren am 11. September in Dortmund, Deutschland. HAM-Radio-Ruf DJ2YJ , EA8YS sowie andere verwendete\u2026","rel":"","context":"In &quot;Deutsch&quot;","block_context":{"text":"Deutsch","link":"https:\/\/www.achimbrueckner.de\/dxradio\/php\/wordpress\/?cat=1"},"img":{"alt_text":"","src":"","width":0,"height":0},"classes":[]},{"id":829,"url":"https:\/\/www.achimbrueckner.de\/dxradio\/php\/wordpress\/?p=829","url_meta":{"origin":43240,"position":4},"title":"NDB-DX f\u00fcr Dummies","author":"Administrator","date":"January 7, 2010","format":false,"excerpt":"nein, kein neues Buch aus der \"... f\u00fcr Dummies\"-Reihe. Hartmut Wolff hat sich die M\u00fche gemacht, und f\u00fcr einen Normalsterblichen die notwendigen Einstellungen von SpectrumLab f\u00fcrs NDB-DX beschrieben. SpectrumLab von Wolfgang B\u00fcscher ist wohl *das* Tool zur Analyse von Soundfiles schlechthin, und unterst\u00fctzt von Tr\u00e4gerguckern, NDB-DXern hin zu Fledermaus-Forschern restlos\u2026","rel":"","context":"In &quot;Deutsch&quot;","block_context":{"text":"Deutsch","link":"https:\/\/www.achimbrueckner.de\/dxradio\/php\/wordpress\/?cat=1"},"img":{"alt_text":"","src":"","width":0,"height":0},"classes":[]},{"id":870,"url":"https:\/\/www.achimbrueckner.de\/dxradio\/php\/wordpress\/?p=870","url_meta":{"origin":43240,"position":5},"title":"adxb-DL Fu\u00dfball-WM 2010 Kontest","author":"Administrator","date":"January 23, 2010","format":false,"excerpt":"Die Assoziation junger DXer e.V. (adxb-DL) richtet aus Anlass der Fu\u00dfball-Weltmeisterschaft 2010 in S\u00fcdafrika vom 11. Juni bis 11. Juli 2010 einen Kontest aus. Jeder Kurzwellenh\u00f6rer ist eingeladen, daran teilzunehmen. Eine Mitgliedschaft in einem Kurzwellenh\u00f6rerverein ist nicht erforderlich. Zu h\u00f6ren ist jeweils eine Rundfunkstation aus den 32 an der WM\u2026","rel":"","context":"In &quot;contests&quot;","block_context":{"text":"contests","link":"https:\/\/www.achimbrueckner.de\/dxradio\/php\/wordpress\/?cat=6"},"img":{"alt_text":"","src":"","width":0,"height":0},"classes":[]}],"_links":{"self":[{"href":"https:\/\/www.achimbrueckner.de\/dxradio\/php\/wordpress\/index.php?rest_route=\/wp\/v2\/posts\/43240","targetHints":{"allow":["GET"]}}],"collection":[{"href":"https:\/\/www.achimbrueckner.de\/dxradio\/php\/wordpress\/index.php?rest_route=\/wp\/v2\/posts"}],"about":[{"href":"https:\/\/www.achimbrueckner.de\/dxradio\/php\/wordpress\/index.php?rest_route=\/wp\/v2\/types\/post"}],"author":[{"embeddable":true,"href":"https:\/\/www.achimbrueckner.de\/dxradio\/php\/wordpress\/index.php?rest_route=\/wp\/v2\/users\/1"}],"replies":[{"embeddable":true,"href":"https:\/\/www.achimbrueckner.de\/dxradio\/php\/wordpress\/index.php?rest_route=%2Fwp%2Fv2%2Fcomments&post=43240"}],"version-history":[{"count":0,"href":"https:\/\/www.achimbrueckner.de\/dxradio\/php\/wordpress\/index.php?rest_route=\/wp\/v2\/posts\/43240\/revisions"}],"wp:attachment":[{"href":"https:\/\/www.achimbrueckner.de\/dxradio\/php\/wordpress\/index.php?rest_route=%2Fwp%2Fv2%2Fmedia&parent=43240"}],"wp:term":[{"taxonomy":"category","embeddable":true,"href":"https:\/\/www.achimbrueckner.de\/dxradio\/php\/wordpress\/index.php?rest_route=%2Fwp%2Fv2%2Fcategories&post=43240"},{"taxonomy":"post_tag","embeddable":true,"href":"https:\/\/www.achimbrueckner.de\/dxradio\/php\/wordpress\/index.php?rest_route=%2Fwp%2Fv2%2Ftags&post=43240"}],"curies":[{"name":"wp","href":"https:\/\/api.w.org\/{rel}","templated":true}]}}