{"id":43247,"date":"2025-07-08T14:12:31","date_gmt":"2025-07-08T14:12:31","guid":{"rendered":"https:\/\/www.achimbrueckner.de\/dxradio\/php\/wordpress\/?p=43247"},"modified":"2025-07-08T14:12:31","modified_gmt":"2025-07-08T14:12:31","slug":"bericht-noxx-soll-durch-programm-fur-altere-horer-ersetzt-werden","status":"publish","type":"post","link":"https:\/\/www.achimbrueckner.de\/dxradio\/php\/wordpress\/?p=43247","title":{"rendered":"Bericht: NOXX soll durch Programm f\u00fcr \u00e4ltere H\u00f6rer ersetzt werden"},"content":{"rendered":"<p><a href=\"https:\/\/www.radioblog.eu\/2025\/07\/07\/bericht-noxx-soll-durch-programm-fuer-aeltere-hoerer-ersetzt-werden\/\" target=\"_blank\">https:\/\/www.radioblog.eu\/2025\/07\/07\/bericht-noxx-soll-durch-programm-fuer-aeltere-hoerer-ersetzt-werden\/<\/a><\/p>\n","protected":false},"excerpt":{"rendered":"<p>https:\/\/www.radioblog.eu\/2025\/07\/07\/bericht-noxx-soll-durch-programm-fuer-aeltere-hoerer-ersetzt-werden\/<\/p>\n","protected":false},"author":1,"featured_media":0,"comment_status":"closed","ping_status":"open","sticky":false,"template":"","format":"standard","meta":{"_jetpack_memberships_contains_paid_content":false,"footnotes":"","jetpack_publicize_message":"","jetpack_publicize_feature_enabled":true,"jetpack_social_post_already_shared":true,"jetpack_social_options":{"image_generator_settings":{"template":"highway","default_image_id":0,"font":"","enabled":false},"version":2}},"categories":[1],"tags":[],"class_list":["post-43247","post","type-post","status-publish","format-standard","hentry","category-deutsch"],"jetpack_publicize_connections":[],"jetpack_featured_media_url":"","jetpack_sharing_enabled":true,"jetpack_shortlink":"https:\/\/wp.me\/p5CDmr-bfx","jetpack-related-posts":[{"id":43741,"url":"https:\/\/www.achimbrueckner.de\/dxradio\/php\/wordpress\/?p=43741","url_meta":{"origin":43247,"position":0},"title":"Radio Mixtape l\u00f6st Noxx ab: Neues Programm ab Oktober in NRW","author":"Administrator","date":"September 7, 2025","format":false,"excerpt":"https:\/\/www.radioblog.eu\/2025\/09\/06\/radio-mixtape-loest-noxx-ab-neues-programm-ab-oktober-in-nrw\/","rel":"","context":"In &quot;Deutsch&quot;","block_context":{"text":"Deutsch","link":"https:\/\/www.achimbrueckner.de\/dxradio\/php\/wordpress\/?cat=1"},"img":{"alt_text":"","src":"","width":0,"height":0},"classes":[]},{"id":43239,"url":"https:\/\/www.achimbrueckner.de\/dxradio\/php\/wordpress\/?p=43239","url_meta":{"origin":43247,"position":1},"title":"Bericht: radio NRW will Digitalwelle NOXX einstellen","author":"Administrator","date":"July 7, 2025","format":false,"excerpt":"https:\/\/www.satellifax.de\/mlesen.php?id=ebfc496e3d9dd028dd57a804dcd5e9d2","rel":"","context":"In &quot;Deutsch&quot;","block_context":{"text":"Deutsch","link":"https:\/\/www.achimbrueckner.de\/dxradio\/php\/wordpress\/?cat=1"},"img":{"alt_text":"","src":"","width":0,"height":0},"classes":[]},{"id":34593,"url":"https:\/\/www.achimbrueckner.de\/dxradio\/php\/wordpress\/?p=34593","url_meta":{"origin":43247,"position":2},"title":"NOXX: \u201eUnsere Musik wirkt durch Kompaktheit, Abfolge und Abwechslung\u201c","author":"Administrator","date":"February 9, 2022","format":false,"excerpt":"https:\/\/www.radioszene.de\/161061\/noxx-unsere-musik-wirkt-durch-kompaktheit-abfolge-und-abwechslung.html","rel":"","context":"In &quot;Deutsch&quot;","block_context":{"text":"Deutsch","link":"https:\/\/www.achimbrueckner.de\/dxradio\/php\/wordpress\/?cat=1"},"img":{"alt_text":"","src":"","width":0,"height":0},"classes":[]},{"id":33784,"url":"https:\/\/www.achimbrueckner.de\/dxradio\/php\/wordpress\/?p=33784","url_meta":{"origin":43247,"position":3},"title":"Musik gegen den Mainstream: radio NRW stellt Pl\u00e4ne f\u00fcr DAB+-Programm &#8220;Noxx&#8221; vor","author":"Administrator","date":"October 14, 2021","format":false,"excerpt":"https:\/\/www.satellifax.de\/mlesen.php?id=94d4c2073593f21cb058fd2045767b9b","rel":"","context":"In &quot;Deutsch&quot;","block_context":{"text":"Deutsch","link":"https:\/\/www.achimbrueckner.de\/dxradio\/php\/wordpress\/?cat=1"},"img":{"alt_text":"","src":"","width":0,"height":0},"classes":[]},{"id":33889,"url":"https:\/\/www.achimbrueckner.de\/dxradio\/php\/wordpress\/?p=33889","url_meta":{"origin":43247,"position":4},"title":"NOXX: radio NRW startet deutschlandweit einzigartiges Musikprogramm auf DAB+","author":"Administrator","date":"October 27, 2021","format":false,"excerpt":"https:\/\/www.radioszene.de\/158454\/noxx-nrw-dab.html","rel":"","context":"In &quot;Deutsch&quot;","block_context":{"text":"Deutsch","link":"https:\/\/www.achimbrueckner.de\/dxradio\/php\/wordpress\/?cat=1"},"img":{"alt_text":"","src":"","width":0,"height":0},"classes":[]},{"id":16169,"url":"https:\/\/www.achimbrueckner.de\/dxradio\/php\/wordpress\/?p=16169","url_meta":{"origin":43247,"position":5},"title":"NOXX \u2013 das neue Nachtprogramm der NRW-Lokalradios","author":"Administrator","date":"January 14, 2018","format":false,"excerpt":"http:\/\/www.radioszene.de\/116957\/noxx-nrw-lokalradios.html","rel":"","context":"In &quot;Deutsch&quot;","block_context":{"text":"Deutsch","link":"https:\/\/www.achimbrueckner.de\/dxradio\/php\/wordpress\/?cat=1"},"img":{"alt_text":"","src":"","width":0,"height":0},"classes":[]}],"_links":{"self":[{"href":"https:\/\/www.achimbrueckner.de\/dxradio\/php\/wordpress\/index.php?rest_route=\/wp\/v2\/posts\/43247","targetHints":{"allow":["GET"]}}],"collection":[{"href":"https:\/\/www.achimbrueckner.de\/dxradio\/php\/wordpress\/index.php?rest_route=\/wp\/v2\/posts"}],"about":[{"href":"https:\/\/www.achimbrueckner.de\/dxradio\/php\/wordpress\/index.php?rest_route=\/wp\/v2\/types\/post"}],"author":[{"embeddable":true,"href":"https:\/\/www.achimbrueckner.de\/dxradio\/php\/wordpress\/index.php?rest_route=\/wp\/v2\/users\/1"}],"replies":[{"embeddable":true,"href":"https:\/\/www.achimbrueckner.de\/dxradio\/php\/wordpress\/index.php?rest_route=%2Fwp%2Fv2%2Fcomments&post=43247"}],"version-history":[{"count":0,"href":"https:\/\/www.achimbrueckner.de\/dxradio\/php\/wordpress\/index.php?rest_route=\/wp\/v2\/posts\/43247\/revisions"}],"wp:attachment":[{"href":"https:\/\/www.achimbrueckner.de\/dxradio\/php\/wordpress\/index.php?rest_route=%2Fwp%2Fv2%2Fmedia&parent=43247"}],"wp:term":[{"taxonomy":"category","embeddable":true,"href":"https:\/\/www.achimbrueckner.de\/dxradio\/php\/wordpress\/index.php?rest_route=%2Fwp%2Fv2%2Fcategories&post=43247"},{"taxonomy":"post_tag","embeddable":true,"href":"https:\/\/www.achimbrueckner.de\/dxradio\/php\/wordpress\/index.php?rest_route=%2Fwp%2Fv2%2Ftags&post=43247"}],"curies":[{"name":"wp","href":"https:\/\/api.w.org\/{rel}","templated":true}]}}