{"id":43271,"date":"2025-07-10T12:20:39","date_gmt":"2025-07-10T12:20:39","guid":{"rendered":"https:\/\/www.achimbrueckner.de\/dxradio\/php\/wordpress\/?p=43271"},"modified":"2025-07-10T12:20:39","modified_gmt":"2025-07-10T12:20:39","slug":"donald-trumps-tv-streaming-plattform-truth-auch-bei-uns-gestartet","status":"publish","type":"post","link":"https:\/\/www.achimbrueckner.de\/dxradio\/php\/wordpress\/?p=43271","title":{"rendered":"Donald Trumps TV-Streaming-Plattform Truth+ auch bei uns gestartet"},"content":{"rendered":"<p><a href=\"https:\/\/www.digitalfernsehen.de\/news\/empfang\/streaming-empfang\/donald-trumps-tv-streaming-plattform-truth-auch-bei-uns-gestartet-1150665\/\" target=\"_blank\">https:\/\/www.digitalfernsehen.de\/news\/empfang\/streaming-empfang\/donald-trumps-tv-streaming-plattform-truth-auch-bei-uns-gestartet-1150665\/<\/a><\/p>\n","protected":false},"excerpt":{"rendered":"<p>https:\/\/www.digitalfernsehen.de\/news\/empfang\/streaming-empfang\/donald-trumps-tv-streaming-plattform-truth-auch-bei-uns-gestartet-1150665\/<\/p>\n","protected":false},"author":1,"featured_media":0,"comment_status":"closed","ping_status":"open","sticky":false,"template":"","format":"standard","meta":{"_jetpack_memberships_contains_paid_content":false,"footnotes":"","jetpack_publicize_message":"","jetpack_publicize_feature_enabled":true,"jetpack_social_post_already_shared":true,"jetpack_social_options":{"image_generator_settings":{"template":"highway","default_image_id":0,"font":"","enabled":false},"version":2}},"categories":[1],"tags":[],"class_list":["post-43271","post","type-post","status-publish","format-standard","hentry","category-deutsch"],"jetpack_publicize_connections":[],"jetpack_featured_media_url":"","jetpack_sharing_enabled":true,"jetpack_shortlink":"https:\/\/wp.me\/p5CDmr-bfV","jetpack-related-posts":[{"id":28042,"url":"https:\/\/www.achimbrueckner.de\/dxradio\/php\/wordpress\/?p=28042","url_meta":{"origin":43271,"position":0},"title":"Neuer Streamingdienst Quibi gestartet","author":"Administrator","date":"April 8, 2020","format":false,"excerpt":"https:\/\/www.digitalfernsehen.de\/news\/empfang\/streaming-empfang\/neuer-streamingdienst-quibi-startet-555072\/","rel":"","context":"In &quot;Deutsch&quot;","block_context":{"text":"Deutsch","link":"https:\/\/www.achimbrueckner.de\/dxradio\/php\/wordpress\/?cat=1"},"img":{"alt_text":"","src":"","width":0,"height":0},"classes":[]},{"id":29594,"url":"https:\/\/www.achimbrueckner.de\/dxradio\/php\/wordpress\/?p=29594","url_meta":{"origin":43271,"position":1},"title":"&#8220;Gegengewicht zu Netflix&#8221; Neue europ\u00e4ische Streaming-Plattform Sooner ist gestartet","author":"Administrator","date":"July 29, 2020","format":false,"excerpt":"https:\/\/www.dwdl.de\/nachrichten\/78710\/neue_europaeische_streamingplattform_sooner_ist_gestartet\/","rel":"","context":"In &quot;Deutsch&quot;","block_context":{"text":"Deutsch","link":"https:\/\/www.achimbrueckner.de\/dxradio\/php\/wordpress\/?cat=1"},"img":{"alt_text":"","src":"","width":0,"height":0},"classes":[]},{"id":27772,"url":"https:\/\/www.achimbrueckner.de\/dxradio\/php\/wordpress\/?p=27772","url_meta":{"origin":43271,"position":2},"title":"UEFA.tv jetzt auch auf Apple TV, Android TV und Amazon Fire TV","author":"Administrator","date":"March 27, 2020","format":false,"excerpt":"https:\/\/www.digitalfernsehen.de\/news\/empfang\/streaming-empfang\/uefa-tv-jetzt-auch-auf-apple-tv-android-tv-und-amazon-fire-tv-554511\/","rel":"","context":"In &quot;Deutsch&quot;","block_context":{"text":"Deutsch","link":"https:\/\/www.achimbrueckner.de\/dxradio\/php\/wordpress\/?cat=1"},"img":{"alt_text":"","src":"","width":0,"height":0},"classes":[]},{"id":37677,"url":"https:\/\/www.achimbrueckner.de\/dxradio\/php\/wordpress\/?p=37677","url_meta":{"origin":43271,"position":3},"title":"Trumps Plattform bei Google &#8220;Truth Social&#8221; nun doch im App Store","author":"Administrator","date":"October 13, 2022","format":false,"excerpt":"https:\/\/www.tagesschau.de\/ausland\/amerika\/trump-google-truth-101.html","rel":"","context":"In &quot;Deutsch&quot;","block_context":{"text":"Deutsch","link":"https:\/\/www.achimbrueckner.de\/dxradio\/php\/wordpress\/?cat=1"},"img":{"alt_text":"","src":"","width":0,"height":0},"classes":[]},{"id":22613,"url":"https:\/\/www.achimbrueckner.de\/dxradio\/php\/wordpress\/?p=22613","url_meta":{"origin":43271,"position":4},"title":"Warum nicht auch bei uns: Country Hits Radio in Gro\u00dfbritannien gestartet","author":"Administrator","date":"April 8, 2019","format":false,"excerpt":"https:\/\/www.smartphonefan.de\/2019\/04\/07\/warum-nicht-auch-bei-uns-country-hits-radio-in-grossbritannien-gestartet\/","rel":"","context":"In &quot;Deutsch&quot;","block_context":{"text":"Deutsch","link":"https:\/\/www.achimbrueckner.de\/dxradio\/php\/wordpress\/?cat=1"},"img":{"alt_text":"","src":"","width":0,"height":0},"classes":[]},{"id":1863,"url":"https:\/\/www.achimbrueckner.de\/dxradio\/php\/wordpress\/?p=1863","url_meta":{"origin":43271,"position":5},"title":"\u00e2\u20ac\u017eRadiofreunde NRW\u00e2\u20ac\u0153 &#8211; eine neue Interessengemeinschaft im Westen.","author":"Administrator","date":"October 28, 2011","format":false,"excerpt":"\u00e2\u20ac\u017eRadiofreunde NRW\u00e2\u20ac\u0153 - eine neue Interessengemeinschaft im Westen. Wer sind wir? Die RADIOFREUNDE NRW sind eine lose Gruppe von Kurzwellenh\u00f6rern, DXern und Rundfunkinteressierten. Unser Fokus liegt auf dem Empfang auf Lang-, Mittel- und Kurzwelle. Auch f\u00fcr andere Empfangsbereiche und Kommunikationswege sind wir offen und laden Interessierte ein, sich mit uns\u2026","rel":"","context":"In &quot;Deutsch&quot;","block_context":{"text":"Deutsch","link":"https:\/\/www.achimbrueckner.de\/dxradio\/php\/wordpress\/?cat=1"},"img":{"alt_text":"","src":"","width":0,"height":0},"classes":[]}],"_links":{"self":[{"href":"https:\/\/www.achimbrueckner.de\/dxradio\/php\/wordpress\/index.php?rest_route=\/wp\/v2\/posts\/43271","targetHints":{"allow":["GET"]}}],"collection":[{"href":"https:\/\/www.achimbrueckner.de\/dxradio\/php\/wordpress\/index.php?rest_route=\/wp\/v2\/posts"}],"about":[{"href":"https:\/\/www.achimbrueckner.de\/dxradio\/php\/wordpress\/index.php?rest_route=\/wp\/v2\/types\/post"}],"author":[{"embeddable":true,"href":"https:\/\/www.achimbrueckner.de\/dxradio\/php\/wordpress\/index.php?rest_route=\/wp\/v2\/users\/1"}],"replies":[{"embeddable":true,"href":"https:\/\/www.achimbrueckner.de\/dxradio\/php\/wordpress\/index.php?rest_route=%2Fwp%2Fv2%2Fcomments&post=43271"}],"version-history":[{"count":0,"href":"https:\/\/www.achimbrueckner.de\/dxradio\/php\/wordpress\/index.php?rest_route=\/wp\/v2\/posts\/43271\/revisions"}],"wp:attachment":[{"href":"https:\/\/www.achimbrueckner.de\/dxradio\/php\/wordpress\/index.php?rest_route=%2Fwp%2Fv2%2Fmedia&parent=43271"}],"wp:term":[{"taxonomy":"category","embeddable":true,"href":"https:\/\/www.achimbrueckner.de\/dxradio\/php\/wordpress\/index.php?rest_route=%2Fwp%2Fv2%2Fcategories&post=43271"},{"taxonomy":"post_tag","embeddable":true,"href":"https:\/\/www.achimbrueckner.de\/dxradio\/php\/wordpress\/index.php?rest_route=%2Fwp%2Fv2%2Ftags&post=43271"}],"curies":[{"name":"wp","href":"https:\/\/api.w.org\/{rel}","templated":true}]}}