{"id":43275,"date":"2025-07-11T10:58:27","date_gmt":"2025-07-11T10:58:27","guid":{"rendered":"https:\/\/www.achimbrueckner.de\/dxradio\/php\/wordpress\/?p=43275"},"modified":"2025-07-11T10:58:27","modified_gmt":"2025-07-11T10:58:27","slug":"medienanstalt-nrw-schreibt-regionale-dab-sendeplatze-fur-munster-aus","status":"publish","type":"post","link":"https:\/\/www.achimbrueckner.de\/dxradio\/php\/wordpress\/?p=43275","title":{"rendered":"Medienanstalt NRW schreibt regionale DAB+ Sendepl\u00e4tze f\u00fcr M\u00fcnster aus"},"content":{"rendered":"<p><a href=\"https:\/\/www.radioblog.eu\/2025\/07\/10\/medienanstalt-nrw-schreibt-regionale-dab-sendeplaetze-fuer-muenster-aus\/\" target=\"_blank\">https:\/\/www.radioblog.eu\/2025\/07\/10\/medienanstalt-nrw-schreibt-regionale-dab-sendeplaetze-fuer-muenster-aus\/<\/a><\/p>\n","protected":false},"excerpt":{"rendered":"<p>https:\/\/www.radioblog.eu\/2025\/07\/10\/medienanstalt-nrw-schreibt-regionale-dab-sendeplaetze-fuer-muenster-aus\/<\/p>\n","protected":false},"author":1,"featured_media":0,"comment_status":"closed","ping_status":"open","sticky":false,"template":"","format":"standard","meta":{"_jetpack_memberships_contains_paid_content":false,"footnotes":"","jetpack_publicize_message":"","jetpack_publicize_feature_enabled":true,"jetpack_social_post_already_shared":true,"jetpack_social_options":{"image_generator_settings":{"template":"highway","default_image_id":0,"font":"","enabled":false},"version":2}},"categories":[1],"tags":[],"class_list":["post-43275","post","type-post","status-publish","format-standard","hentry","category-deutsch"],"jetpack_publicize_connections":[],"jetpack_featured_media_url":"","jetpack_sharing_enabled":true,"jetpack_shortlink":"https:\/\/wp.me\/p5CDmr-bfZ","jetpack-related-posts":[{"id":33732,"url":"https:\/\/www.achimbrueckner.de\/dxradio\/php\/wordpress\/?p=33732","url_meta":{"origin":43275,"position":0},"title":"DAB+-Versuch in Rheinland-Pfalz: Medienanstalt schreibt regionale Multiplexe aus","author":"Administrator","date":"October 8, 2021","format":false,"excerpt":"https:\/\/www.radiowoche.de\/dab-versuch-in-rheinland-pfalz-medienanstalt-schreibt-regionale-multiplexe-aus\/","rel":"","context":"In &quot;Deutsch&quot;","block_context":{"text":"Deutsch","link":"https:\/\/www.achimbrueckner.de\/dxradio\/php\/wordpress\/?cat=1"},"img":{"alt_text":"","src":"","width":0,"height":0},"classes":[]},{"id":43860,"url":"https:\/\/www.achimbrueckner.de\/dxradio\/php\/wordpress\/?p=43860","url_meta":{"origin":43275,"position":1},"title":"Medienanstalt Mecklenburg-Vorpommern schreibt landesweite UKW-Senderkette aus","author":"Administrator","date":"September 23, 2025","format":false,"excerpt":"https:\/\/www.radioblog.eu\/2025\/09\/23\/medienanstalt-mecklenburg-vorpommern-schreibt-landesweite-ukw-senderkette-aus\/","rel":"","context":"In &quot;Deutsch&quot;","block_context":{"text":"Deutsch","link":"https:\/\/www.achimbrueckner.de\/dxradio\/php\/wordpress\/?cat=1"},"img":{"alt_text":"","src":"","width":0,"height":0},"classes":[]},{"id":22908,"url":"https:\/\/www.achimbrueckner.de\/dxradio\/php\/wordpress\/?p=22908","url_meta":{"origin":43275,"position":2},"title":"Th\u00fcringer Medienanstalt schreibt UKW-Frequenzen der B\u00fcrgerradios neu aus","author":"Administrator","date":"April 27, 2019","format":false,"excerpt":"http:\/\/www.radiowoche.de\/thueringer-medienanstalt-schreibt-ukw-frequenzen-der-buergerradios-neu-aus\/","rel":"","context":"In &quot;Deutsch&quot;","block_context":{"text":"Deutsch","link":"https:\/\/www.achimbrueckner.de\/dxradio\/php\/wordpress\/?cat=1"},"img":{"alt_text":"","src":"","width":0,"height":0},"classes":[]},{"id":43901,"url":"https:\/\/www.achimbrueckner.de\/dxradio\/php\/wordpress\/?p=43901","url_meta":{"origin":43275,"position":3},"title":"80s80s zieht sich von UKW zur\u00fcck \u2013 Medienanstalt schreibt Frequenzen neu aus","author":"Administrator","date":"September 26, 2025","format":false,"excerpt":"https:\/\/www.radiowoche.de\/80s80s-zieht-sich-von-ukw-zurueck-medienanstalt-schreibt-frequenzen-neu-aus\/","rel":"","context":"In &quot;Deutsch&quot;","block_context":{"text":"Deutsch","link":"https:\/\/www.achimbrueckner.de\/dxradio\/php\/wordpress\/?cat=1"},"img":{"alt_text":"","src":"","width":0,"height":0},"classes":[]},{"id":33717,"url":"https:\/\/www.achimbrueckner.de\/dxradio\/php\/wordpress\/?p=33717","url_meta":{"origin":43275,"position":4},"title":"S\u00e4chsische Landesmedienanstalt schreibt landesweite, regionale und lokale DAB+-\u00dcbertragungskapazit\u00e4ten in Sachsen aus","author":"Administrator","date":"October 6, 2021","format":false,"excerpt":"https:\/\/www.slm-online.de\/presse-und-infothek\/presse\/meldung\/saechsische-landesmedienanstalt-schreibt-landesweite-regionale-und-lokale-dab-uebertragungskapazitaeten-in-sachsen-aus\/","rel":"","context":"In &quot;Deutsch&quot;","block_context":{"text":"Deutsch","link":"https:\/\/www.achimbrueckner.de\/dxradio\/php\/wordpress\/?cat=1"},"img":{"alt_text":"","src":"","width":0,"height":0},"classes":[]},{"id":19317,"url":"https:\/\/www.achimbrueckner.de\/dxradio\/php\/wordpress\/?p=19317","url_meta":{"origin":43275,"position":5},"title":"Medienanstalt NRW startet Bedarfsabfrage f\u00fcr DAB+","author":"Administrator","date":"September 26, 2018","format":false,"excerpt":"https:\/\/www.radioszene.de\/126151\/lfm-startet-bedarfsabfrage-fuer-dab-in-nrw.html","rel":"","context":"In &quot;Deutsch&quot;","block_context":{"text":"Deutsch","link":"https:\/\/www.achimbrueckner.de\/dxradio\/php\/wordpress\/?cat=1"},"img":{"alt_text":"","src":"","width":0,"height":0},"classes":[]}],"_links":{"self":[{"href":"https:\/\/www.achimbrueckner.de\/dxradio\/php\/wordpress\/index.php?rest_route=\/wp\/v2\/posts\/43275","targetHints":{"allow":["GET"]}}],"collection":[{"href":"https:\/\/www.achimbrueckner.de\/dxradio\/php\/wordpress\/index.php?rest_route=\/wp\/v2\/posts"}],"about":[{"href":"https:\/\/www.achimbrueckner.de\/dxradio\/php\/wordpress\/index.php?rest_route=\/wp\/v2\/types\/post"}],"author":[{"embeddable":true,"href":"https:\/\/www.achimbrueckner.de\/dxradio\/php\/wordpress\/index.php?rest_route=\/wp\/v2\/users\/1"}],"replies":[{"embeddable":true,"href":"https:\/\/www.achimbrueckner.de\/dxradio\/php\/wordpress\/index.php?rest_route=%2Fwp%2Fv2%2Fcomments&post=43275"}],"version-history":[{"count":0,"href":"https:\/\/www.achimbrueckner.de\/dxradio\/php\/wordpress\/index.php?rest_route=\/wp\/v2\/posts\/43275\/revisions"}],"wp:attachment":[{"href":"https:\/\/www.achimbrueckner.de\/dxradio\/php\/wordpress\/index.php?rest_route=%2Fwp%2Fv2%2Fmedia&parent=43275"}],"wp:term":[{"taxonomy":"category","embeddable":true,"href":"https:\/\/www.achimbrueckner.de\/dxradio\/php\/wordpress\/index.php?rest_route=%2Fwp%2Fv2%2Fcategories&post=43275"},{"taxonomy":"post_tag","embeddable":true,"href":"https:\/\/www.achimbrueckner.de\/dxradio\/php\/wordpress\/index.php?rest_route=%2Fwp%2Fv2%2Ftags&post=43275"}],"curies":[{"name":"wp","href":"https:\/\/api.w.org\/{rel}","templated":true}]}}