{"id":43310,"date":"2025-07-16T16:55:32","date_gmt":"2025-07-16T16:55:32","guid":{"rendered":"https:\/\/www.achimbrueckner.de\/dxradio\/php\/wordpress\/?p=43310"},"modified":"2025-07-16T16:55:32","modified_gmt":"2025-07-16T16:55:32","slug":"zusatzliche-senderstandorte-fur-niedersachsische-dab-multiplexe","status":"publish","type":"post","link":"https:\/\/www.achimbrueckner.de\/dxradio\/php\/wordpress\/?p=43310","title":{"rendered":"Zus\u00e4tzliche Senderstandorte f\u00fcr nieders\u00e4chsische DAB+ Multiplexe"},"content":{"rendered":"<p><a href=\"https:\/\/www.radioblog.eu\/2025\/07\/16\/zusaetzliche-senderstandorte-fuer-niedersaechsische-dab-multiplexe\/\" target=\"_blank\">https:\/\/www.radioblog.eu\/2025\/07\/16\/zusaetzliche-senderstandorte-fuer-niedersaechsische-dab-multiplexe\/<\/a><\/p>\n","protected":false},"excerpt":{"rendered":"<p>https:\/\/www.radioblog.eu\/2025\/07\/16\/zusaetzliche-senderstandorte-fuer-niedersaechsische-dab-multiplexe\/<\/p>\n","protected":false},"author":1,"featured_media":0,"comment_status":"closed","ping_status":"open","sticky":false,"template":"","format":"standard","meta":{"_jetpack_memberships_contains_paid_content":false,"footnotes":"","jetpack_publicize_message":"","jetpack_publicize_feature_enabled":true,"jetpack_social_post_already_shared":true,"jetpack_social_options":{"image_generator_settings":{"template":"highway","default_image_id":0,"font":"","enabled":false},"version":2}},"categories":[1],"tags":[],"class_list":["post-43310","post","type-post","status-publish","format-standard","hentry","category-deutsch"],"jetpack_publicize_connections":[],"jetpack_featured_media_url":"","jetpack_sharing_enabled":true,"jetpack_shortlink":"https:\/\/wp.me\/p5CDmr-bgy","jetpack-related-posts":[{"id":9117,"url":"https:\/\/www.achimbrueckner.de\/dxradio\/php\/wordpress\/?p=9117","url_meta":{"origin":43310,"position":0},"title":"Digitalradio DAB+: Neun neue Senderstandorte bis Ende August","author":"Administrator","date":"August 11, 2016","format":false,"excerpt":"http:\/\/www.radioszene.de\/93987\/digitalradio-dab-neun-neue-senderstandorte-bis-ende-august.html","rel":"","context":"In &quot;Deutsch&quot;","block_context":{"text":"Deutsch","link":"https:\/\/www.achimbrueckner.de\/dxradio\/php\/wordpress\/?cat=1"},"img":{"alt_text":"","src":"","width":0,"height":0},"classes":[]},{"id":30106,"url":"https:\/\/www.achimbrueckner.de\/dxradio\/php\/wordpress\/?p=30106","url_meta":{"origin":43310,"position":1},"title":"Media Broadcast gibt Senderstandorte f\u00fcr den 2. DAB+ Bundesmux bekannt","author":"Administrator","date":"September 17, 2020","format":false,"excerpt":"https:\/\/www.radiowoche.de\/media-broadcast-gibt-senderstandorte-fuer-den-2-dab-bundesmux-bekannt\/","rel":"","context":"In &quot;Deutsch&quot;","block_context":{"text":"Deutsch","link":"https:\/\/www.achimbrueckner.de\/dxradio\/php\/wordpress\/?cat=1"},"img":{"alt_text":"","src":"","width":0,"height":0},"classes":[]},{"id":40600,"url":"https:\/\/www.achimbrueckner.de\/dxradio\/php\/wordpress\/?p=40600","url_meta":{"origin":43310,"position":2},"title":"hr: Acht neue DAB+ Senderstandorte","author":"Administrator","date":"December 7, 2023","format":false,"excerpt":"https:\/\/www.radioblog.eu\/2023\/12\/07\/hr-acht-neue-dab-senderstandorte\/","rel":"","context":"In &quot;Deutsch&quot;","block_context":{"text":"Deutsch","link":"https:\/\/www.achimbrueckner.de\/dxradio\/php\/wordpress\/?cat=1"},"img":{"alt_text":"","src":"","width":0,"height":0},"classes":[]},{"id":30831,"url":"https:\/\/www.achimbrueckner.de\/dxradio\/php\/wordpress\/?p=30831","url_meta":{"origin":43310,"position":3},"title":"Media Broadcast nimmt weitere Senderstandorte der zweiten bundesweiten DAB+ Plattform in Betrieb","author":"Administrator","date":"November 18, 2020","format":false,"excerpt":"https:\/\/www.media-broadcast.com\/media-broadcast-nimmt-weitere-senderstandorte-der-zweiten-bundesweiten-dab-plattform-in-betrieb\/","rel":"","context":"In &quot;Deutsch&quot;","block_context":{"text":"Deutsch","link":"https:\/\/www.achimbrueckner.de\/dxradio\/php\/wordpress\/?cat=1"},"img":{"alt_text":"","src":"","width":0,"height":0},"classes":[]},{"id":43300,"url":"https:\/\/www.achimbrueckner.de\/dxradio\/php\/wordpress\/?p=43300","url_meta":{"origin":43310,"position":4},"title":"Schweiz: Digris plant weitere DAB+ Senderstandorte","author":"Administrator","date":"July 15, 2025","format":false,"excerpt":"https:\/\/www.radioblog.eu\/2025\/07\/15\/schweiz-digris-plant-weitere-dab-senderstandorte\/","rel":"","context":"In &quot;Deutsch&quot;","block_context":{"text":"Deutsch","link":"https:\/\/www.achimbrueckner.de\/dxradio\/php\/wordpress\/?cat=1"},"img":{"alt_text":"","src":"","width":0,"height":0},"classes":[]},{"id":42946,"url":"https:\/\/www.achimbrueckner.de\/dxradio\/php\/wordpress\/?p=42946","url_meta":{"origin":43310,"position":5},"title":"Erster DAB+ \u201eBundesmux\u201c bekommt zw\u00f6lf neue Senderstandorte","author":"Administrator","date":"June 4, 2025","format":false,"excerpt":"https:\/\/www.radioblog.eu\/2025\/06\/04\/erster-dab-bundesmux-bekommt-zwoelf-neue-senderstandorte\/","rel":"","context":"In &quot;Deutsch&quot;","block_context":{"text":"Deutsch","link":"https:\/\/www.achimbrueckner.de\/dxradio\/php\/wordpress\/?cat=1"},"img":{"alt_text":"","src":"","width":0,"height":0},"classes":[]}],"_links":{"self":[{"href":"https:\/\/www.achimbrueckner.de\/dxradio\/php\/wordpress\/index.php?rest_route=\/wp\/v2\/posts\/43310","targetHints":{"allow":["GET"]}}],"collection":[{"href":"https:\/\/www.achimbrueckner.de\/dxradio\/php\/wordpress\/index.php?rest_route=\/wp\/v2\/posts"}],"about":[{"href":"https:\/\/www.achimbrueckner.de\/dxradio\/php\/wordpress\/index.php?rest_route=\/wp\/v2\/types\/post"}],"author":[{"embeddable":true,"href":"https:\/\/www.achimbrueckner.de\/dxradio\/php\/wordpress\/index.php?rest_route=\/wp\/v2\/users\/1"}],"replies":[{"embeddable":true,"href":"https:\/\/www.achimbrueckner.de\/dxradio\/php\/wordpress\/index.php?rest_route=%2Fwp%2Fv2%2Fcomments&post=43310"}],"version-history":[{"count":0,"href":"https:\/\/www.achimbrueckner.de\/dxradio\/php\/wordpress\/index.php?rest_route=\/wp\/v2\/posts\/43310\/revisions"}],"wp:attachment":[{"href":"https:\/\/www.achimbrueckner.de\/dxradio\/php\/wordpress\/index.php?rest_route=%2Fwp%2Fv2%2Fmedia&parent=43310"}],"wp:term":[{"taxonomy":"category","embeddable":true,"href":"https:\/\/www.achimbrueckner.de\/dxradio\/php\/wordpress\/index.php?rest_route=%2Fwp%2Fv2%2Fcategories&post=43310"},{"taxonomy":"post_tag","embeddable":true,"href":"https:\/\/www.achimbrueckner.de\/dxradio\/php\/wordpress\/index.php?rest_route=%2Fwp%2Fv2%2Ftags&post=43310"}],"curies":[{"name":"wp","href":"https:\/\/api.w.org\/{rel}","templated":true}]}}