{"id":43322,"date":"2025-07-17T16:05:53","date_gmt":"2025-07-17T16:05:53","guid":{"rendered":"https:\/\/www.achimbrueckner.de\/dxradio\/php\/wordpress\/?p=43322"},"modified":"2025-07-17T16:05:53","modified_gmt":"2025-07-17T16:05:53","slug":"markus-soder-als-co-moderator-bei-arabella-munchen","status":"publish","type":"post","link":"https:\/\/www.achimbrueckner.de\/dxradio\/php\/wordpress\/?p=43322","title":{"rendered":"Markus S\u00f6der als Co-Moderator bei Arabella M\u00fcnchen"},"content":{"rendered":"<p><a href=\"https:\/\/www.radioszene.de\/204533\/markus-soeder-arabella-muenchen.html\" target=\"_blank\">https:\/\/www.radioszene.de\/204533\/markus-soeder-arabella-muenchen.html<\/a><\/p>\n","protected":false},"excerpt":{"rendered":"<p>https:\/\/www.radioszene.de\/204533\/markus-soeder-arabella-muenchen.html<\/p>\n","protected":false},"author":1,"featured_media":0,"comment_status":"closed","ping_status":"open","sticky":false,"template":"","format":"standard","meta":{"_jetpack_memberships_contains_paid_content":false,"footnotes":"","jetpack_publicize_message":"","jetpack_publicize_feature_enabled":true,"jetpack_social_post_already_shared":true,"jetpack_social_options":{"image_generator_settings":{"template":"highway","default_image_id":0,"font":"","enabled":false},"version":2}},"categories":[1],"tags":[],"class_list":["post-43322","post","type-post","status-publish","format-standard","hentry","category-deutsch"],"jetpack_publicize_connections":[],"jetpack_featured_media_url":"","jetpack_sharing_enabled":true,"jetpack_shortlink":"https:\/\/wp.me\/p5CDmr-bgK","jetpack-related-posts":[{"id":21910,"url":"https:\/\/www.achimbrueckner.de\/dxradio\/php\/wordpress\/?p=21910","url_meta":{"origin":43322,"position":0},"title":"CSU-Chef S\u00f6der kritisiert ARD und ZDF &#8220;Ich finde es schwer verst\u00e4ndlich, daf\u00fcr Rundfunkbeitr\u00e4ge zu verwenden&#8221;","author":"Administrator","date":"March 1, 2019","format":false,"excerpt":"http:\/\/www.spiegel.de\/plus\/markus-soeder-ueber-das-ard-framing-manual-und-wie-man-junge-zuschauer-zurueckgewinnt-a-00000000-0002-0001-0000-000162664703","rel":"","context":"In &quot;Deutsch&quot;","block_context":{"text":"Deutsch","link":"https:\/\/www.achimbrueckner.de\/dxradio\/php\/wordpress\/?cat=1"},"img":{"alt_text":"","src":"","width":0,"height":0},"classes":[]},{"id":38922,"url":"https:\/\/www.achimbrueckner.de\/dxradio\/php\/wordpress\/?p=38922","url_meta":{"origin":43322,"position":1},"title":"Relaunch bei Arabella \u00d6sterreich: \u201e80er, 90er und ganz viel WOW\u201c","author":"Administrator","date":"February 28, 2023","format":false,"excerpt":"https:\/\/www.radioszene.de\/171799\/radio-arabella-oesterreich-80er-90er-wow-relaunch.html","rel":"","context":"In &quot;Deutsch&quot;","block_context":{"text":"Deutsch","link":"https:\/\/www.achimbrueckner.de\/dxradio\/php\/wordpress\/?cat=1"},"img":{"alt_text":"","src":"","width":0,"height":0},"classes":[]},{"id":44291,"url":"https:\/\/www.achimbrueckner.de\/dxradio\/php\/wordpress\/?p=44291","url_meta":{"origin":43322,"position":2},"title":"Hackerangriff auf Radio Arabella M\u00fcnchen und Bayern","author":"Administrator","date":"November 14, 2025","format":false,"excerpt":"https:\/\/www.radioszene.de\/207895\/hackerangriff-radio-arabella.html","rel":"","context":"In &quot;Deutsch&quot;","block_context":{"text":"Deutsch","link":"https:\/\/www.achimbrueckner.de\/dxradio\/php\/wordpress\/?cat=1"},"img":{"alt_text":"","src":"","width":0,"height":0},"classes":[]},{"id":44297,"url":"https:\/\/www.achimbrueckner.de\/dxradio\/php\/wordpress\/?p=44297","url_meta":{"origin":43322,"position":3},"title":"Hackerangriff auf Arabella M\u00fcnchen und Arabella Bayern","author":"Administrator","date":"November 15, 2025","format":false,"excerpt":"https:\/\/www.radioblog.eu\/2025\/11\/14\/hackerangriff-auf-arabella-muenchen-und-arabella-bayern\/","rel":"","context":"In &quot;Deutsch&quot;","block_context":{"text":"Deutsch","link":"https:\/\/www.achimbrueckner.de\/dxradio\/php\/wordpress\/?cat=1"},"img":{"alt_text":"","src":"","width":0,"height":0},"classes":[]},{"id":26251,"url":"https:\/\/www.achimbrueckner.de\/dxradio\/php\/wordpress\/?p=26251","url_meta":{"origin":43322,"position":4},"title":"Radio Arabella M\u00fcnchen 11\/2019","author":"Administrator","date":"December 20, 2019","format":false,"excerpt":"https:\/\/www.fmkompakt.de\/index.php\/radio-arabella-muenchen-11-2019","rel":"","context":"In &quot;Deutsch&quot;","block_context":{"text":"Deutsch","link":"https:\/\/www.achimbrueckner.de\/dxradio\/php\/wordpress\/?cat=1"},"img":{"alt_text":"","src":"","width":0,"height":0},"classes":[]},{"id":43893,"url":"https:\/\/www.achimbrueckner.de\/dxradio\/php\/wordpress\/?p=43893","url_meta":{"origin":43322,"position":5},"title":"Christian Trinkl wird neuer Programmchef bei Radio Arabella","author":"Administrator","date":"September 25, 2025","format":false,"excerpt":"https:\/\/www.radioszene.de\/206515\/christian-trinkl-arabella.html","rel":"","context":"In &quot;Deutsch&quot;","block_context":{"text":"Deutsch","link":"https:\/\/www.achimbrueckner.de\/dxradio\/php\/wordpress\/?cat=1"},"img":{"alt_text":"","src":"","width":0,"height":0},"classes":[]}],"_links":{"self":[{"href":"https:\/\/www.achimbrueckner.de\/dxradio\/php\/wordpress\/index.php?rest_route=\/wp\/v2\/posts\/43322","targetHints":{"allow":["GET"]}}],"collection":[{"href":"https:\/\/www.achimbrueckner.de\/dxradio\/php\/wordpress\/index.php?rest_route=\/wp\/v2\/posts"}],"about":[{"href":"https:\/\/www.achimbrueckner.de\/dxradio\/php\/wordpress\/index.php?rest_route=\/wp\/v2\/types\/post"}],"author":[{"embeddable":true,"href":"https:\/\/www.achimbrueckner.de\/dxradio\/php\/wordpress\/index.php?rest_route=\/wp\/v2\/users\/1"}],"replies":[{"embeddable":true,"href":"https:\/\/www.achimbrueckner.de\/dxradio\/php\/wordpress\/index.php?rest_route=%2Fwp%2Fv2%2Fcomments&post=43322"}],"version-history":[{"count":0,"href":"https:\/\/www.achimbrueckner.de\/dxradio\/php\/wordpress\/index.php?rest_route=\/wp\/v2\/posts\/43322\/revisions"}],"wp:attachment":[{"href":"https:\/\/www.achimbrueckner.de\/dxradio\/php\/wordpress\/index.php?rest_route=%2Fwp%2Fv2%2Fmedia&parent=43322"}],"wp:term":[{"taxonomy":"category","embeddable":true,"href":"https:\/\/www.achimbrueckner.de\/dxradio\/php\/wordpress\/index.php?rest_route=%2Fwp%2Fv2%2Fcategories&post=43322"},{"taxonomy":"post_tag","embeddable":true,"href":"https:\/\/www.achimbrueckner.de\/dxradio\/php\/wordpress\/index.php?rest_route=%2Fwp%2Fv2%2Ftags&post=43322"}],"curies":[{"name":"wp","href":"https:\/\/api.w.org\/{rel}","templated":true}]}}