{"id":43325,"date":"2025-07-18T12:47:46","date_gmt":"2025-07-18T12:47:46","guid":{"rendered":"https:\/\/www.achimbrueckner.de\/dxradio\/php\/wordpress\/?p=43325"},"modified":"2025-07-18T12:47:46","modified_gmt":"2025-07-18T12:47:46","slug":"italien-das-ist-der-sender-riva-del-garda-auf-dem-monte-brione","status":"publish","type":"post","link":"https:\/\/www.achimbrueckner.de\/dxradio\/php\/wordpress\/?p=43325","title":{"rendered":"Italien: Das ist der Sender Riva del Garda auf dem Monte Brione"},"content":{"rendered":"<p><a href=\"https:\/\/www.radioblog.eu\/2025\/07\/18\/italien-das-ist-der-sender-riva-del-garda-auf-dem-monte-brione\/\" target=\"_blank\">https:\/\/www.radioblog.eu\/2025\/07\/18\/italien-das-ist-der-sender-riva-del-garda-auf-dem-monte-brione\/<\/a><\/p>\n","protected":false},"excerpt":{"rendered":"<p>https:\/\/www.radioblog.eu\/2025\/07\/18\/italien-das-ist-der-sender-riva-del-garda-auf-dem-monte-brione\/<\/p>\n","protected":false},"author":1,"featured_media":0,"comment_status":"closed","ping_status":"open","sticky":false,"template":"","format":"standard","meta":{"_jetpack_memberships_contains_paid_content":false,"footnotes":"","jetpack_publicize_message":"","jetpack_publicize_feature_enabled":true,"jetpack_social_post_already_shared":true,"jetpack_social_options":{"image_generator_settings":{"template":"highway","default_image_id":0,"font":"","enabled":false},"version":2}},"categories":[1],"tags":[],"class_list":["post-43325","post","type-post","status-publish","format-standard","hentry","category-deutsch"],"jetpack_publicize_connections":[],"jetpack_featured_media_url":"","jetpack_sharing_enabled":true,"jetpack_shortlink":"https:\/\/wp.me\/p5CDmr-bgN","jetpack-related-posts":[{"id":42988,"url":"https:\/\/www.achimbrueckner.de\/dxradio\/php\/wordpress\/?p=42988","url_meta":{"origin":43325,"position":0},"title":"Italien: Go DAB nimmt Sender auf dem Luschariberg in Betrieb","author":"Administrator","date":"June 7, 2025","format":false,"excerpt":"https:\/\/www.radioblog.eu\/2025\/06\/07\/italien-go-dab-nimmt-sender-auf-dem-luschariberg-in-betrieb\/","rel":"","context":"In &quot;Deutsch&quot;","block_context":{"text":"Deutsch","link":"https:\/\/www.achimbrueckner.de\/dxradio\/php\/wordpress\/?cat=1"},"img":{"alt_text":"","src":"","width":0,"height":0},"classes":[]},{"id":472,"url":"https:\/\/www.achimbrueckner.de\/dxradio\/php\/wordpress\/?p=472","url_meta":{"origin":43325,"position":1},"title":"4. Mittelwellen-Sommer-Contest","author":"Administrator","date":"July 5, 2009","format":false,"excerpt":"4. Mittelwellen-Sommer-Contest Zeitraum Das wellenforum veranstaltet in der Zeit vom 15. Juli bis 31. Juli 2009 seinen 4. Mittelwellen-Sommer-Contest. BC Stationen Gewertet wird jeder MW-Log. Jede Station ist mindestens 10 Minuten zu h\u00f6ren. Der Nachweis ist durch kurze Programmdetails (Schlagzeile Nachrichten oder Musiktitel) zu erbringen (bitte keine Phrasen wie \u00e2\u20ac\u017eNews\u00e2\u20ac\u0153\u2026","rel":"","context":"In &quot;contests&quot;","block_context":{"text":"contests","link":"https:\/\/www.achimbrueckner.de\/dxradio\/php\/wordpress\/?cat=6"},"img":{"alt_text":"","src":"","width":0,"height":0},"classes":[]},{"id":33672,"url":"https:\/\/www.achimbrueckner.de\/dxradio\/php\/wordpress\/?p=33672","url_meta":{"origin":43325,"position":2},"title":"Katja Berg: Grenzenlose Unterhaltung: Radio Luxemburg","author":"Administrator","date":"September 29, 2021","format":false,"excerpt":"Buch-Tipp: Auf und Ab der Radiolegende Radio Luxemburg war der gro\u00dfe kommerzielle \u00fcberregionale Sender der 50er- bis 80er-Jahre. In Deutschland wurde er im Saarland und in Nordrhein-Westfalen wegen der N\u00e4he zum Nachbarland und dem damit einhergehenden guten Empfang besonders viel geh\u00f6rt und wird dort heute noch oft nostalgisch verkl\u00e4rt. Das\u2026","rel":"","context":"In &quot;Deutsch&quot;","block_context":{"text":"Deutsch","link":"https:\/\/www.achimbrueckner.de\/dxradio\/php\/wordpress\/?cat=1"},"img":{"alt_text":"","src":"","width":0,"height":0},"classes":[]},{"id":12354,"url":"https:\/\/www.achimbrueckner.de\/dxradio\/php\/wordpress\/?p=12354","url_meta":{"origin":43325,"position":3},"title":"100. Sendung Radio DARC","author":"Administrator","date":"March 2, 2017","format":false,"excerpt":"Liebe YLs und OMs, am kommenden Sonntag,den 05. M\u00e4rz 2017 ist es soweit, die 100. Sendung von RADIO DARC geht \u00fcber die Antennen. Urspr\u00fcnglich als eine Serie von Sondersendungen anl\u00e4sslich des 65. Gr\u00fcndungsjubil\u00e4ums des Deutschen Amateur Radio Clubs e,V, gedacht, haben sich unsere w\u00f6chentlichen DX-Magazine zu einer festen Gr\u00f6\u00dfe entwickelt.\u2026","rel":"","context":"In &quot;Deutsch&quot;","block_context":{"text":"Deutsch","link":"https:\/\/www.achimbrueckner.de\/dxradio\/php\/wordpress\/?cat=1"},"img":{"alt_text":"","src":"","width":0,"height":0},"classes":[]},{"id":39563,"url":"https:\/\/www.achimbrueckner.de\/dxradio\/php\/wordpress\/?p=39563","url_meta":{"origin":43325,"position":4},"title":"Sagard: Das ist der zweite DAB+-Sender des NDR auf R\u00fcgen","author":"Administrator","date":"May 29, 2023","format":false,"excerpt":"https:\/\/www.radioblog.eu\/2023\/05\/29\/sagard-das-ist-der-zweite-dab-sender-des-ndr-auf-ruegen\/","rel":"","context":"In &quot;Deutsch&quot;","block_context":{"text":"Deutsch","link":"https:\/\/www.achimbrueckner.de\/dxradio\/php\/wordpress\/?cat=1"},"img":{"alt_text":"","src":"","width":0,"height":0},"classes":[]},{"id":39199,"url":"https:\/\/www.achimbrueckner.de\/dxradio\/php\/wordpress\/?p=39199","url_meta":{"origin":43325,"position":5},"title":"Sender M\u00fchlacker Kalender 2023 im Nachdruck &#8220;Wie`s einmal war &#8211; Wahrzeichen Sender M\u00fchlacker&#8221;","author":"Administrator","date":"April 1, 2023","format":false,"excerpt":"Sender M\u00fchlacker Kalender 2023 im Nachdruck \"Wie`s einmal war - Wahrzeichen Sender M\u00fchlacker\" Liebe Radiofreunde, vor einer Woche waren wir, von FMK, beim Sender M\u00fchlacker. Der F\u00f6rderverein rund um Hans-Bernd Weiner und J\u00fcrgen Fegert signalisierten uns gegen\u00fcber, dass man den beliebten Sender-Kalender extra f\u00fcr die FMK-Leser nachdrucken l\u00e4sst, sobald gen\u00fcgend\u2026","rel":"","context":"In &quot;Deutsch&quot;","block_context":{"text":"Deutsch","link":"https:\/\/www.achimbrueckner.de\/dxradio\/php\/wordpress\/?cat=1"},"img":{"alt_text":"","src":"","width":0,"height":0},"classes":[]}],"_links":{"self":[{"href":"https:\/\/www.achimbrueckner.de\/dxradio\/php\/wordpress\/index.php?rest_route=\/wp\/v2\/posts\/43325","targetHints":{"allow":["GET"]}}],"collection":[{"href":"https:\/\/www.achimbrueckner.de\/dxradio\/php\/wordpress\/index.php?rest_route=\/wp\/v2\/posts"}],"about":[{"href":"https:\/\/www.achimbrueckner.de\/dxradio\/php\/wordpress\/index.php?rest_route=\/wp\/v2\/types\/post"}],"author":[{"embeddable":true,"href":"https:\/\/www.achimbrueckner.de\/dxradio\/php\/wordpress\/index.php?rest_route=\/wp\/v2\/users\/1"}],"replies":[{"embeddable":true,"href":"https:\/\/www.achimbrueckner.de\/dxradio\/php\/wordpress\/index.php?rest_route=%2Fwp%2Fv2%2Fcomments&post=43325"}],"version-history":[{"count":0,"href":"https:\/\/www.achimbrueckner.de\/dxradio\/php\/wordpress\/index.php?rest_route=\/wp\/v2\/posts\/43325\/revisions"}],"wp:attachment":[{"href":"https:\/\/www.achimbrueckner.de\/dxradio\/php\/wordpress\/index.php?rest_route=%2Fwp%2Fv2%2Fmedia&parent=43325"}],"wp:term":[{"taxonomy":"category","embeddable":true,"href":"https:\/\/www.achimbrueckner.de\/dxradio\/php\/wordpress\/index.php?rest_route=%2Fwp%2Fv2%2Fcategories&post=43325"},{"taxonomy":"post_tag","embeddable":true,"href":"https:\/\/www.achimbrueckner.de\/dxradio\/php\/wordpress\/index.php?rest_route=%2Fwp%2Fv2%2Ftags&post=43325"}],"curies":[{"name":"wp","href":"https:\/\/api.w.org\/{rel}","templated":true}]}}