{"id":43335,"date":"2025-07-19T22:14:54","date_gmt":"2025-07-19T22:14:54","guid":{"rendered":"https:\/\/www.achimbrueckner.de\/dxradio\/php\/wordpress\/?p=43335"},"modified":"2025-07-19T22:14:54","modified_gmt":"2025-07-19T22:14:54","slug":"spotify-feiert-den-globalen-erfolg-von-musik-aus-deutschland","status":"publish","type":"post","link":"https:\/\/www.achimbrueckner.de\/dxradio\/php\/wordpress\/?p=43335","title":{"rendered":"Spotify feiert den globalen Erfolg von Musik aus Deutschland\u2028"},"content":{"rendered":"<p><a href=\"https:\/\/www.radioszene.de\/204693\/spotify-musik-aus-deutschland.html\" target=\"_blank\">https:\/\/www.radioszene.de\/204693\/spotify-musik-aus-deutschland.html<\/a><\/p>\n","protected":false},"excerpt":{"rendered":"<p>https:\/\/www.radioszene.de\/204693\/spotify-musik-aus-deutschland.html<\/p>\n","protected":false},"author":1,"featured_media":0,"comment_status":"closed","ping_status":"open","sticky":false,"template":"","format":"standard","meta":{"_jetpack_memberships_contains_paid_content":false,"footnotes":"","jetpack_publicize_message":"","jetpack_publicize_feature_enabled":true,"jetpack_social_post_already_shared":true,"jetpack_social_options":{"image_generator_settings":{"template":"highway","default_image_id":0,"font":"","enabled":false},"version":2}},"categories":[1],"tags":[],"class_list":["post-43335","post","type-post","status-publish","format-standard","hentry","category-deutsch"],"jetpack_publicize_connections":[],"jetpack_featured_media_url":"","jetpack_sharing_enabled":true,"jetpack_shortlink":"https:\/\/wp.me\/p5CDmr-bgX","jetpack-related-posts":[{"id":25352,"url":"https:\/\/www.achimbrueckner.de\/dxradio\/php\/wordpress\/?p=25352","url_meta":{"origin":43335,"position":0},"title":"Spotifys Daily Drive im Test","author":"Administrator","date":"October 16, 2019","format":false,"excerpt":"Spotifys Daily Drive ist eine automatisch generierte Playlist aus Nachrichten und bevorzugter Musik und ist k\u00fcrzlich in Deutschland gestartet. Das l\u00e4uft schon ganz gut, es gibt abwechslungsreiche Musik aus den bevorzugten Genres und aktuelle Nachrichten. Eine gelungene Innovation, wobei man sich mehr selbstgew\u00e4hlte Einstellungen w\u00fcnschen w\u00fcrde. Es hapert an lokalen\u2026","rel":"","context":"In &quot;Deutsch&quot;","block_context":{"text":"Deutsch","link":"https:\/\/www.achimbrueckner.de\/dxradio\/php\/wordpress\/?cat=1"},"img":{"alt_text":"","src":"","width":0,"height":0},"classes":[]},{"id":30949,"url":"https:\/\/www.achimbrueckner.de\/dxradio\/php\/wordpress\/?p=30949","url_meta":{"origin":43335,"position":1},"title":"Spotify Jahresr\u00fcckblick \u2013 Diese Musik und Podcasts wurden 2020 am meisten gestreamt","author":"Administrator","date":"December 4, 2020","format":false,"excerpt":"https:\/\/www.radioszene.de\/150189\/spotify-jahresrueckblick-musik-podcasts-2020.html","rel":"","context":"In &quot;Deutsch&quot;","block_context":{"text":"Deutsch","link":"https:\/\/www.achimbrueckner.de\/dxradio\/php\/wordpress\/?cat=1"},"img":{"alt_text":"","src":"","width":0,"height":0},"classes":[]},{"id":34505,"url":"https:\/\/www.achimbrueckner.de\/dxradio\/php\/wordpress\/?p=34505","url_meta":{"origin":43335,"position":2},"title":"Nach Protest von Neil Young: Spotify entfernt seine Musik","author":"Administrator","date":"January 27, 2022","format":false,"excerpt":"https:\/\/www.heise.de\/news\/Nach-Protest-von-Neil-Young-Spotify-entfernt-seine-Musik-6340185.html","rel":"","context":"In &quot;Deutsch&quot;","block_context":{"text":"Deutsch","link":"https:\/\/www.achimbrueckner.de\/dxradio\/php\/wordpress\/?cat=1"},"img":{"alt_text":"","src":"","width":0,"height":0},"classes":[]},{"id":28815,"url":"https:\/\/www.achimbrueckner.de\/dxradio\/php\/wordpress\/?p=28815","url_meta":{"origin":43335,"position":3},"title":"Radio FM4 feiert Musik aus \u00d6sterreich","author":"Administrator","date":"May 26, 2020","format":false,"excerpt":"https:\/\/www.horizont.at\/medien\/news\/kampagne-radio-fm4-feiert-musik-aus-oesterreich-81233","rel":"","context":"In &quot;Deutsch&quot;","block_context":{"text":"Deutsch","link":"https:\/\/www.achimbrueckner.de\/dxradio\/php\/wordpress\/?cat=1"},"img":{"alt_text":"","src":"","width":0,"height":0},"classes":[]},{"id":23124,"url":"https:\/\/www.achimbrueckner.de\/dxradio\/php\/wordpress\/?p=23124","url_meta":{"origin":43335,"position":4},"title":"Soundtrack zur Volksverhetzung: Neonazis verbreiten Hass-Musik auf Spotify und Deezer","author":"Administrator","date":"May 16, 2019","format":false,"excerpt":"https:\/\/www.watson.de\/deutschland\/politik\/464348813-spotify-und-deezer-neonazis-verbreiten-ihre-musik-ueber-streaming-dienste","rel":"","context":"In &quot;Deutsch&quot;","block_context":{"text":"Deutsch","link":"https:\/\/www.achimbrueckner.de\/dxradio\/php\/wordpress\/?cat=1"},"img":{"alt_text":"","src":"","width":0,"height":0},"classes":[]},{"id":30484,"url":"https:\/\/www.achimbrueckner.de\/dxradio\/php\/wordpress\/?p=30484","url_meta":{"origin":43335,"position":5},"title":"Spotify erlaubt Musik in Podcasts","author":"Administrator","date":"October 18, 2020","format":false,"excerpt":"https:\/\/www.radioszene.de\/148621\/spotify-macht-podcaster-zum-radio-dj.html","rel":"","context":"In &quot;Deutsch&quot;","block_context":{"text":"Deutsch","link":"https:\/\/www.achimbrueckner.de\/dxradio\/php\/wordpress\/?cat=1"},"img":{"alt_text":"","src":"","width":0,"height":0},"classes":[]}],"_links":{"self":[{"href":"https:\/\/www.achimbrueckner.de\/dxradio\/php\/wordpress\/index.php?rest_route=\/wp\/v2\/posts\/43335","targetHints":{"allow":["GET"]}}],"collection":[{"href":"https:\/\/www.achimbrueckner.de\/dxradio\/php\/wordpress\/index.php?rest_route=\/wp\/v2\/posts"}],"about":[{"href":"https:\/\/www.achimbrueckner.de\/dxradio\/php\/wordpress\/index.php?rest_route=\/wp\/v2\/types\/post"}],"author":[{"embeddable":true,"href":"https:\/\/www.achimbrueckner.de\/dxradio\/php\/wordpress\/index.php?rest_route=\/wp\/v2\/users\/1"}],"replies":[{"embeddable":true,"href":"https:\/\/www.achimbrueckner.de\/dxradio\/php\/wordpress\/index.php?rest_route=%2Fwp%2Fv2%2Fcomments&post=43335"}],"version-history":[{"count":0,"href":"https:\/\/www.achimbrueckner.de\/dxradio\/php\/wordpress\/index.php?rest_route=\/wp\/v2\/posts\/43335\/revisions"}],"wp:attachment":[{"href":"https:\/\/www.achimbrueckner.de\/dxradio\/php\/wordpress\/index.php?rest_route=%2Fwp%2Fv2%2Fmedia&parent=43335"}],"wp:term":[{"taxonomy":"category","embeddable":true,"href":"https:\/\/www.achimbrueckner.de\/dxradio\/php\/wordpress\/index.php?rest_route=%2Fwp%2Fv2%2Fcategories&post=43335"},{"taxonomy":"post_tag","embeddable":true,"href":"https:\/\/www.achimbrueckner.de\/dxradio\/php\/wordpress\/index.php?rest_route=%2Fwp%2Fv2%2Ftags&post=43335"}],"curies":[{"name":"wp","href":"https:\/\/api.w.org\/{rel}","templated":true}]}}