{"id":43368,"date":"2025-07-23T11:02:59","date_gmt":"2025-07-23T11:02:59","guid":{"rendered":"https:\/\/www.achimbrueckner.de\/dxradio\/php\/wordpress\/?p=43368"},"modified":"2025-07-23T11:02:59","modified_gmt":"2025-07-23T11:02:59","slug":"grosbritannien-so-ist-bbc-sounds-weiterhin-im-ausland-nutzbar","status":"publish","type":"post","link":"https:\/\/www.achimbrueckner.de\/dxradio\/php\/wordpress\/?p=43368","title":{"rendered":"Gro\u00dfbritannien: So ist BBC Sounds weiterhin im Ausland nutzbar"},"content":{"rendered":"<p><a href=\"https:\/\/www.radioblog.eu\/2025\/07\/22\/grossbritannien-so-ist-bbc-sounds-weiterhin-im-ausland-nutzbar\/\" target=\"_blank\">https:\/\/www.radioblog.eu\/2025\/07\/22\/grossbritannien-so-ist-bbc-sounds-weiterhin-im-ausland-nutzbar\/<\/a><\/p>\n","protected":false},"excerpt":{"rendered":"<p>https:\/\/www.radioblog.eu\/2025\/07\/22\/grossbritannien-so-ist-bbc-sounds-weiterhin-im-ausland-nutzbar\/<\/p>\n","protected":false},"author":1,"featured_media":0,"comment_status":"closed","ping_status":"open","sticky":false,"template":"","format":"standard","meta":{"_jetpack_memberships_contains_paid_content":false,"footnotes":"","jetpack_publicize_message":"","jetpack_publicize_feature_enabled":true,"jetpack_social_post_already_shared":true,"jetpack_social_options":{"image_generator_settings":{"template":"highway","default_image_id":0,"font":"","enabled":false},"version":2}},"categories":[1],"tags":[],"class_list":["post-43368","post","type-post","status-publish","format-standard","hentry","category-deutsch"],"jetpack_publicize_connections":[],"jetpack_featured_media_url":"","jetpack_sharing_enabled":true,"jetpack_shortlink":"https:\/\/wp.me\/p5CDmr-bhu","jetpack-related-posts":[{"id":43190,"url":"https:\/\/www.achimbrueckner.de\/dxradio\/php\/wordpress\/?p=43190","url_meta":{"origin":43368,"position":0},"title":"Gro\u00dfbritannien: BBC Sounds ab Ende Juli nicht mehr f\u00fcr H\u00f6rer im Ausland","author":"Administrator","date":"July 4, 2025","format":false,"excerpt":"https:\/\/www.radioblog.eu\/2025\/07\/04\/grossbritannien-bbc-sounds-ab-ende-juli-nicht-mehr-fuer-hoerer-im-ausland\/","rel":"","context":"In &quot;Deutsch&quot;","block_context":{"text":"Deutsch","link":"https:\/\/www.achimbrueckner.de\/dxradio\/php\/wordpress\/?cat=1"},"img":{"alt_text":"","src":"","width":0,"height":0},"classes":[]},{"id":42643,"url":"https:\/\/www.achimbrueckner.de\/dxradio\/php\/wordpress\/?p=42643","url_meta":{"origin":43368,"position":1},"title":"Gro\u00dfbritannien: Geoblocking f\u00fcr BBC Sounds kommt sp\u00e4ter","author":"Administrator","date":"April 22, 2025","format":false,"excerpt":"https:\/\/www.radioblog.eu\/2025\/04\/22\/grossbritannien-geoblocking-fuer-bbc-sounds-kommt-spaeter\/","rel":"","context":"In &quot;Deutsch&quot;","block_context":{"text":"Deutsch","link":"https:\/\/www.achimbrueckner.de\/dxradio\/php\/wordpress\/?cat=1"},"img":{"alt_text":"","src":"","width":0,"height":0},"classes":[]},{"id":36393,"url":"https:\/\/www.achimbrueckner.de\/dxradio\/php\/wordpress\/?p=36393","url_meta":{"origin":43368,"position":2},"title":"H\u00f6rtipp : BBC Radio 4","author":"Administrator","date":"May 23, 2022","format":false,"excerpt":"Hallo, BBC Radio 4 (198 kHz LW) bringt am Freitag, den 27. Mai um 2200 MESZ eine Sendung aus dem Jahr 2012, die der Geburt des Radios in Grossbritannien gewidmet ist. Das Programm kann auch online geh\u00f6rt werden: https:\/\/www.bbc.co.uk\/sounds\/play\/b01nnw8t Info via A-DX","rel":"","context":"In &quot;Deutsch&quot;","block_context":{"text":"Deutsch","link":"https:\/\/www.achimbrueckner.de\/dxradio\/php\/wordpress\/?cat=1"},"img":{"alt_text":"","src":"","width":0,"height":0},"classes":[]},{"id":42686,"url":"https:\/\/www.achimbrueckner.de\/dxradio\/php\/wordpress\/?p=42686","url_meta":{"origin":43368,"position":3},"title":"Gro\u00dfbritannien: BBC startet Testsendungen im DAB+ Standard","author":"Administrator","date":"April 28, 2025","format":false,"excerpt":"https:\/\/www.radioblog.eu\/2025\/04\/28\/grossbritannien-bbc-startet-testsendungen-im-dab-standard\/","rel":"","context":"In &quot;Deutsch&quot;","block_context":{"text":"Deutsch","link":"https:\/\/www.achimbrueckner.de\/dxradio\/php\/wordpress\/?cat=1"},"img":{"alt_text":"","src":"","width":0,"height":0},"classes":[]},{"id":42817,"url":"https:\/\/www.achimbrueckner.de\/dxradio\/php\/wordpress\/?p=42817","url_meta":{"origin":43368,"position":4},"title":"Gro\u00dfbritannien: BBC startet Sport-Extrakan\u00e4le im Internet","author":"Administrator","date":"May 18, 2025","format":false,"excerpt":"https:\/\/www.radioblog.eu\/2025\/05\/17\/grossbritannien-bbc-startet-sport-extrakanaele-im-internet\/","rel":"","context":"In &quot;Deutsch&quot;","block_context":{"text":"Deutsch","link":"https:\/\/www.achimbrueckner.de\/dxradio\/php\/wordpress\/?cat=1"},"img":{"alt_text":"","src":"","width":0,"height":0},"classes":[]},{"id":42367,"url":"https:\/\/www.achimbrueckner.de\/dxradio\/php\/wordpress\/?p=42367","url_meta":{"origin":43368,"position":5},"title":"Gro\u00dfbritannien: BBC \u00fcbertr\u00e4gt Formel 1 im Radio und Audio-Stream","author":"Administrator","date":"March 15, 2025","format":false,"excerpt":"https:\/\/www.radioblog.eu\/2025\/03\/14\/grossbritannien-bbc-uebertraegt-formel-1-im-radio-und-audio-stream\/","rel":"","context":"In &quot;Deutsch&quot;","block_context":{"text":"Deutsch","link":"https:\/\/www.achimbrueckner.de\/dxradio\/php\/wordpress\/?cat=1"},"img":{"alt_text":"","src":"","width":0,"height":0},"classes":[]}],"_links":{"self":[{"href":"https:\/\/www.achimbrueckner.de\/dxradio\/php\/wordpress\/index.php?rest_route=\/wp\/v2\/posts\/43368","targetHints":{"allow":["GET"]}}],"collection":[{"href":"https:\/\/www.achimbrueckner.de\/dxradio\/php\/wordpress\/index.php?rest_route=\/wp\/v2\/posts"}],"about":[{"href":"https:\/\/www.achimbrueckner.de\/dxradio\/php\/wordpress\/index.php?rest_route=\/wp\/v2\/types\/post"}],"author":[{"embeddable":true,"href":"https:\/\/www.achimbrueckner.de\/dxradio\/php\/wordpress\/index.php?rest_route=\/wp\/v2\/users\/1"}],"replies":[{"embeddable":true,"href":"https:\/\/www.achimbrueckner.de\/dxradio\/php\/wordpress\/index.php?rest_route=%2Fwp%2Fv2%2Fcomments&post=43368"}],"version-history":[{"count":0,"href":"https:\/\/www.achimbrueckner.de\/dxradio\/php\/wordpress\/index.php?rest_route=\/wp\/v2\/posts\/43368\/revisions"}],"wp:attachment":[{"href":"https:\/\/www.achimbrueckner.de\/dxradio\/php\/wordpress\/index.php?rest_route=%2Fwp%2Fv2%2Fmedia&parent=43368"}],"wp:term":[{"taxonomy":"category","embeddable":true,"href":"https:\/\/www.achimbrueckner.de\/dxradio\/php\/wordpress\/index.php?rest_route=%2Fwp%2Fv2%2Fcategories&post=43368"},{"taxonomy":"post_tag","embeddable":true,"href":"https:\/\/www.achimbrueckner.de\/dxradio\/php\/wordpress\/index.php?rest_route=%2Fwp%2Fv2%2Ftags&post=43368"}],"curies":[{"name":"wp","href":"https:\/\/api.w.org\/{rel}","templated":true}]}}