{"id":43370,"date":"2025-07-23T11:04:21","date_gmt":"2025-07-23T11:04:21","guid":{"rendered":"https:\/\/www.achimbrueckner.de\/dxradio\/php\/wordpress\/?p=43370"},"modified":"2025-07-23T11:04:21","modified_gmt":"2025-07-23T11:04:21","slug":"norbert-topfer-bekannter-neubrandenburger-radiomacher-gestorben","status":"publish","type":"post","link":"https:\/\/www.achimbrueckner.de\/dxradio\/php\/wordpress\/?p=43370","title":{"rendered":"Norbert T\u00f6pfer: Bekannter Neubrandenburger Radiomacher gestorben"},"content":{"rendered":"<p><a href=\"https:\/\/www.radioszene.de\/204761\/norbert-toepfer.html\" target=\"_blank\">https:\/\/www.radioszene.de\/204761\/norbert-toepfer.html<\/a><\/p>\n","protected":false},"excerpt":{"rendered":"<p>https:\/\/www.radioszene.de\/204761\/norbert-toepfer.html<\/p>\n","protected":false},"author":1,"featured_media":0,"comment_status":"closed","ping_status":"open","sticky":false,"template":"","format":"standard","meta":{"_jetpack_memberships_contains_paid_content":false,"footnotes":"","jetpack_publicize_message":"","jetpack_publicize_feature_enabled":true,"jetpack_social_post_already_shared":true,"jetpack_social_options":{"image_generator_settings":{"template":"highway","default_image_id":0,"font":"","enabled":false},"version":2}},"categories":[1],"tags":[],"class_list":["post-43370","post","type-post","status-publish","format-standard","hentry","category-deutsch"],"jetpack_publicize_connections":[],"jetpack_featured_media_url":"","jetpack_sharing_enabled":true,"jetpack_shortlink":"https:\/\/wp.me\/p5CDmr-bhw","jetpack-related-posts":[{"id":33250,"url":"https:\/\/www.achimbrueckner.de\/dxradio\/php\/wordpress\/?p=33250","url_meta":{"origin":43370,"position":0},"title":"Radiomacher Wolf Harranth ist gestorben","author":"Administrator","date":"August 5, 2021","format":false,"excerpt":"https:\/\/www.radioszene.de\/156557\/wolf-harranth.html","rel":"","context":"In &quot;Deutsch&quot;","block_context":{"text":"Deutsch","link":"https:\/\/www.achimbrueckner.de\/dxradio\/php\/wordpress\/?cat=1"},"img":{"alt_text":"","src":"","width":0,"height":0},"classes":[]},{"id":23189,"url":"https:\/\/www.achimbrueckner.de\/dxradio\/php\/wordpress\/?p=23189","url_meta":{"origin":43370,"position":1},"title":"\u201eDie Ver\u00e4nderung der Radiowelt hat gerade erst begonnen\u201c","author":"Administrator","date":"May 22, 2019","format":false,"excerpt":"https:\/\/www.radioszene.de\/133249\/norbert-grundei-interview.html","rel":"","context":"In &quot;Deutsch&quot;","block_context":{"text":"Deutsch","link":"https:\/\/www.achimbrueckner.de\/dxradio\/php\/wordpress\/?cat=1"},"img":{"alt_text":"","src":"","width":0,"height":0},"classes":[]},{"id":12780,"url":"https:\/\/www.achimbrueckner.de\/dxradio\/php\/wordpress\/?p=12780","url_meta":{"origin":43370,"position":2},"title":"N-JOY: Starke Personality, einzigartiger Content, aktuelle Musik","author":"Administrator","date":"April 10, 2017","format":false,"excerpt":"http:\/\/www.radioszene.de\/103528\/njoy-norbert-grundei-interview.html","rel":"","context":"In &quot;Deutsch&quot;","block_context":{"text":"Deutsch","link":"https:\/\/www.achimbrueckner.de\/dxradio\/php\/wordpress\/?cat=1"},"img":{"alt_text":"","src":"","width":0,"height":0},"classes":[]},{"id":38791,"url":"https:\/\/www.achimbrueckner.de\/dxradio\/php\/wordpress\/?p=38791","url_meta":{"origin":43370,"position":3},"title":"ZDF-Intendant Norbert Himmler schiebt ARD in Rundfunk-Debatte die Verantwortung zu.","author":"Administrator","date":"February 8, 2023","format":false,"excerpt":"https:\/\/www.turi2.de\/aktuell\/zdf-intendant-norbert-himmler-schiebt-ard-in-rundfunk-debatte-die-verantwortung-zu\/","rel":"","context":"In &quot;Deutsch&quot;","block_context":{"text":"Deutsch","link":"https:\/\/www.achimbrueckner.de\/dxradio\/php\/wordpress\/?cat=1"},"img":{"alt_text":"","src":"","width":0,"height":0},"classes":[]},{"id":16741,"url":"https:\/\/www.achimbrueckner.de\/dxradio\/php\/wordpress\/?p=16741","url_meta":{"origin":43370,"position":4},"title":"Norbert R\u00f6der ist k\u00f6rperbehindert und arbeitet in Stockheim in der Elektroaltger\u00e4te-Entsorgungswerkstatt der Behindertenhilfe","author":"Administrator","date":"March 4, 2018","format":false,"excerpt":"http:\/\/www.kreis-anzeiger.de\/lokales\/wetteraukreis\/glauburg\/norbert-roeder-ist-koerperbehindert-und-arbeitet-in-stockheim-in-der-elektroaltgeraete-entsorgungswerkstatt-der-behindertenhilfe_18563035.htm","rel":"","context":"In &quot;Deutsch&quot;","block_context":{"text":"Deutsch","link":"https:\/\/www.achimbrueckner.de\/dxradio\/php\/wordpress\/?cat=1"},"img":{"alt_text":"","src":"","width":0,"height":0},"classes":[]},{"id":32986,"url":"https:\/\/www.achimbrueckner.de\/dxradio\/php\/wordpress\/?p=32986","url_meta":{"origin":43370,"position":5},"title":"Intendanten-Wahl Norbert Himmler wird neuer Chef des ZDF","author":"Administrator","date":"July 2, 2021","format":false,"excerpt":"https:\/\/www.tagesschau.de\/inland\/zdf-intendantenwahl-101.html","rel":"","context":"In &quot;Deutsch&quot;","block_context":{"text":"Deutsch","link":"https:\/\/www.achimbrueckner.de\/dxradio\/php\/wordpress\/?cat=1"},"img":{"alt_text":"","src":"","width":0,"height":0},"classes":[]}],"_links":{"self":[{"href":"https:\/\/www.achimbrueckner.de\/dxradio\/php\/wordpress\/index.php?rest_route=\/wp\/v2\/posts\/43370","targetHints":{"allow":["GET"]}}],"collection":[{"href":"https:\/\/www.achimbrueckner.de\/dxradio\/php\/wordpress\/index.php?rest_route=\/wp\/v2\/posts"}],"about":[{"href":"https:\/\/www.achimbrueckner.de\/dxradio\/php\/wordpress\/index.php?rest_route=\/wp\/v2\/types\/post"}],"author":[{"embeddable":true,"href":"https:\/\/www.achimbrueckner.de\/dxradio\/php\/wordpress\/index.php?rest_route=\/wp\/v2\/users\/1"}],"replies":[{"embeddable":true,"href":"https:\/\/www.achimbrueckner.de\/dxradio\/php\/wordpress\/index.php?rest_route=%2Fwp%2Fv2%2Fcomments&post=43370"}],"version-history":[{"count":0,"href":"https:\/\/www.achimbrueckner.de\/dxradio\/php\/wordpress\/index.php?rest_route=\/wp\/v2\/posts\/43370\/revisions"}],"wp:attachment":[{"href":"https:\/\/www.achimbrueckner.de\/dxradio\/php\/wordpress\/index.php?rest_route=%2Fwp%2Fv2%2Fmedia&parent=43370"}],"wp:term":[{"taxonomy":"category","embeddable":true,"href":"https:\/\/www.achimbrueckner.de\/dxradio\/php\/wordpress\/index.php?rest_route=%2Fwp%2Fv2%2Fcategories&post=43370"},{"taxonomy":"post_tag","embeddable":true,"href":"https:\/\/www.achimbrueckner.de\/dxradio\/php\/wordpress\/index.php?rest_route=%2Fwp%2Fv2%2Ftags&post=43370"}],"curies":[{"name":"wp","href":"https:\/\/api.w.org\/{rel}","templated":true}]}}