{"id":43389,"date":"2025-07-25T12:39:27","date_gmt":"2025-07-25T12:39:27","guid":{"rendered":"https:\/\/www.achimbrueckner.de\/dxradio\/php\/wordpress\/?p=43389"},"modified":"2025-07-25T12:39:27","modified_gmt":"2025-07-25T12:39:27","slug":"osterreich-sechs-von-zehn-radiominuten-entfallen-auf-die-orf-programme","status":"publish","type":"post","link":"https:\/\/www.achimbrueckner.de\/dxradio\/php\/wordpress\/?p=43389","title":{"rendered":"\u00d6sterreich: Sechs von zehn Radiominuten entfallen auf die ORF-Programme"},"content":{"rendered":"<p><a href=\"https:\/\/www.radioblog.eu\/2025\/07\/25\/oesterreich-sechs-von-zehn-radiominuten-entfallen-auf-die-orf-programme\/\" target=\"_blank\">https:\/\/www.radioblog.eu\/2025\/07\/25\/oesterreich-sechs-von-zehn-radiominuten-entfallen-auf-die-orf-programme\/<\/a><\/p>\n","protected":false},"excerpt":{"rendered":"<p>https:\/\/www.radioblog.eu\/2025\/07\/25\/oesterreich-sechs-von-zehn-radiominuten-entfallen-auf-die-orf-programme\/<\/p>\n","protected":false},"author":1,"featured_media":0,"comment_status":"closed","ping_status":"open","sticky":false,"template":"","format":"standard","meta":{"_jetpack_memberships_contains_paid_content":false,"footnotes":"","jetpack_publicize_message":"","jetpack_publicize_feature_enabled":true,"jetpack_social_post_already_shared":true,"jetpack_social_options":{"image_generator_settings":{"template":"highway","default_image_id":0,"font":"","enabled":false},"version":2}},"categories":[1],"tags":[],"class_list":["post-43389","post","type-post","status-publish","format-standard","hentry","category-deutsch"],"jetpack_publicize_connections":[],"jetpack_featured_media_url":"","jetpack_sharing_enabled":true,"jetpack_shortlink":"https:\/\/wp.me\/p5CDmr-bhP","jetpack-related-posts":[{"id":34782,"url":"https:\/\/www.achimbrueckner.de\/dxradio\/php\/wordpress\/?p=34782","url_meta":{"origin":43389,"position":0},"title":"ORF &#8211; Radio \u00d61 International Journale auf Kurzwelle","author":"Administrator","date":"March 1, 2022","format":false,"excerpt":"ORF - Radio \u00d61 International: Ab 1.M\u00e4rz 2022 ganz aktuell werden die ORS die ORF Nachrichten-Journale \u00fcber den Kurzwellensender Moosbrunn \u00fcbertragen, dazu folgendes Sendeschema: 6155 kHz 0600-0720 UTC t\u00e4glich das Morgenjournal 13730 kHz 1100-1200 UTC Mo-Sa das Mittagsjournal (Sonntag gibt es dieses Journal nicht) 5940 kHz 1700-1725 UTC Mo-Do, am\u2026","rel":"","context":"In &quot;Deutsch&quot;","block_context":{"text":"Deutsch","link":"https:\/\/www.achimbrueckner.de\/dxradio\/php\/wordpress\/?cat=1"},"img":{"alt_text":"","src":"","width":0,"height":0},"classes":[]},{"id":41509,"url":"https:\/\/www.achimbrueckner.de\/dxradio\/php\/wordpress\/?p=41509","url_meta":{"origin":43389,"position":1},"title":"ORF-Programme ab September beim Radioplayer.at","author":"Administrator","date":"July 25, 2024","format":false,"excerpt":"https:\/\/www.radioblog.eu\/2024\/07\/24\/orf-programme-ab-september-beim-radioplayer-at\/","rel":"","context":"In &quot;Deutsch&quot;","block_context":{"text":"Deutsch","link":"https:\/\/www.achimbrueckner.de\/dxradio\/php\/wordpress\/?cat=1"},"img":{"alt_text":"","src":"","width":0,"height":0},"classes":[]},{"id":40544,"url":"https:\/\/www.achimbrueckner.de\/dxradio\/php\/wordpress\/?p=40544","url_meta":{"origin":43389,"position":2},"title":"\u00d6sterreich: kronehit startet DAB+-Programme \u2013 ORF unter Zugzwang?","author":"Administrator","date":"November 22, 2023","format":false,"excerpt":"https:\/\/www.radioblog.eu\/2023\/11\/22\/oesterreich-kronehit-startet-dab-programme-orf-unter-zugzwang\/","rel":"","context":"In &quot;Deutsch&quot;","block_context":{"text":"Deutsch","link":"https:\/\/www.achimbrueckner.de\/dxradio\/php\/wordpress\/?cat=1"},"img":{"alt_text":"","src":"","width":0,"height":0},"classes":[]},{"id":13269,"url":"https:\/\/www.achimbrueckner.de\/dxradio\/php\/wordpress\/?p=13269","url_meta":{"origin":43389,"position":3},"title":"Wrabetz fordert GIS-Geb\u00fchr f\u00fcr Streaming der ORF-Programme","author":"Administrator","date":"May 26, 2017","format":false,"excerpt":"http:\/\/derstandard.at\/2000058143182\/Wrabetz-fordert-GIS-Gebuehr-fuer-Streaming-der-ORF-Programme","rel":"","context":"In &quot;Deutsch&quot;","block_context":{"text":"Deutsch","link":"https:\/\/www.achimbrueckner.de\/dxradio\/php\/wordpress\/?cat=1"},"img":{"alt_text":"","src":"","width":0,"height":0},"classes":[]},{"id":34969,"url":"https:\/\/www.achimbrueckner.de\/dxradio\/php\/wordpress\/?p=34969","url_meta":{"origin":43389,"position":4},"title":"Nach ORF: Auch BBC setzt wieder auf die Kurzwelle","author":"Administrator","date":"March 7, 2022","format":false,"excerpt":"https:\/\/www.smartphonefan.de\/2022\/03\/06\/nach-orf-auch-bbc-setzt-wieder-auf-die-kurzwelle\/","rel":"","context":"In &quot;Deutsch&quot;","block_context":{"text":"Deutsch","link":"https:\/\/www.achimbrueckner.de\/dxradio\/php\/wordpress\/?cat=1"},"img":{"alt_text":"","src":"","width":0,"height":0},"classes":[]},{"id":35134,"url":"https:\/\/www.achimbrueckner.de\/dxradio\/php\/wordpress\/?p=35134","url_meta":{"origin":43389,"position":5},"title":"Wieder QSL-Karten von der ORF Kurzwelle!","author":"Administrator","date":"March 12, 2022","format":false,"excerpt":"Wieder QSL-Karten von der ORF Kurzwelle! Vor dem Hintergrund des Krieges in der Ukraine weitet der ORF sein Informationsangebot via Radio-Kurzwelle aus. Ab sofort bietet der ORF, zus\u00e4tzlich zum \u201e\u00d61 Morgenjournal\u201c (6155 kHz, 7.00 Uhr MEZ, Mo\u2013Sa), t\u00e4glich auch das \u201e\u00d61 Mittagsjournal\u201c (13730 kHz, 12.00 Uhr MEZ, Mo\u2013Sa,) und das\u2026","rel":"","context":"In &quot;Deutsch&quot;","block_context":{"text":"Deutsch","link":"https:\/\/www.achimbrueckner.de\/dxradio\/php\/wordpress\/?cat=1"},"img":{"alt_text":"","src":"","width":0,"height":0},"classes":[]}],"_links":{"self":[{"href":"https:\/\/www.achimbrueckner.de\/dxradio\/php\/wordpress\/index.php?rest_route=\/wp\/v2\/posts\/43389","targetHints":{"allow":["GET"]}}],"collection":[{"href":"https:\/\/www.achimbrueckner.de\/dxradio\/php\/wordpress\/index.php?rest_route=\/wp\/v2\/posts"}],"about":[{"href":"https:\/\/www.achimbrueckner.de\/dxradio\/php\/wordpress\/index.php?rest_route=\/wp\/v2\/types\/post"}],"author":[{"embeddable":true,"href":"https:\/\/www.achimbrueckner.de\/dxradio\/php\/wordpress\/index.php?rest_route=\/wp\/v2\/users\/1"}],"replies":[{"embeddable":true,"href":"https:\/\/www.achimbrueckner.de\/dxradio\/php\/wordpress\/index.php?rest_route=%2Fwp%2Fv2%2Fcomments&post=43389"}],"version-history":[{"count":0,"href":"https:\/\/www.achimbrueckner.de\/dxradio\/php\/wordpress\/index.php?rest_route=\/wp\/v2\/posts\/43389\/revisions"}],"wp:attachment":[{"href":"https:\/\/www.achimbrueckner.de\/dxradio\/php\/wordpress\/index.php?rest_route=%2Fwp%2Fv2%2Fmedia&parent=43389"}],"wp:term":[{"taxonomy":"category","embeddable":true,"href":"https:\/\/www.achimbrueckner.de\/dxradio\/php\/wordpress\/index.php?rest_route=%2Fwp%2Fv2%2Fcategories&post=43389"},{"taxonomy":"post_tag","embeddable":true,"href":"https:\/\/www.achimbrueckner.de\/dxradio\/php\/wordpress\/index.php?rest_route=%2Fwp%2Fv2%2Ftags&post=43389"}],"curies":[{"name":"wp","href":"https:\/\/api.w.org\/{rel}","templated":true}]}}