{"id":434,"date":"2009-02-06T22:39:01","date_gmt":"2009-02-06T22:39:01","guid":{"rendered":"https:\/\/www.achimbrueckner.de\/dxradio\/php\/wordpress\/?p=434"},"modified":"2009-02-06T22:39:01","modified_gmt":"2009-02-06T22:39:01","slug":"oldenburger-kurzwellenfreunde","status":"publish","type":"post","link":"https:\/\/www.achimbrueckner.de\/dxradio\/php\/wordpress\/?p=434","title":{"rendered":"Oldenburger Kurzwellenfreunde"},"content":{"rendered":"<p>\u00dcber die Oldenburger Kurzwellenfreunde wurde folgender <a href=\"http:\/\/www.nwzonline.de\/index_regionalausgaben_stadt_oldenburg_artikel.php?id=1918213&#038;\">Artikel<\/a> verfasst.<\/p>\n<p>Info via <a href=\"http:\/\/forum.mysnip.de\/read.php?8773,664699\">Radioforum ukwtv.de<\/a><\/p>\n","protected":false},"excerpt":{"rendered":"<p>\u00dcber die Oldenburger Kurzwellenfreunde wurde folgender Artikel verfasst. Info via Radioforum ukwtv.de<\/p>\n","protected":false},"author":1,"featured_media":0,"comment_status":"open","ping_status":"open","sticky":false,"template":"","format":"standard","meta":{"_jetpack_memberships_contains_paid_content":false,"footnotes":"","jetpack_publicize_message":"","jetpack_publicize_feature_enabled":true,"jetpack_social_post_already_shared":false,"jetpack_social_options":{"image_generator_settings":{"template":"highway","default_image_id":0,"font":"","enabled":false},"version":2}},"categories":[1],"tags":[27],"class_list":["post-434","post","type-post","status-publish","format-standard","hentry","category-deutsch","tag-ukw"],"jetpack_publicize_connections":[],"jetpack_featured_media_url":"","jetpack_sharing_enabled":true,"jetpack_shortlink":"https:\/\/wp.me\/p5CDmr-70","jetpack-related-posts":[{"id":1945,"url":"https:\/\/www.achimbrueckner.de\/dxradio\/php\/wordpress\/?p=1945","url_meta":{"origin":434,"position":0},"title":"DX-Camp 2012 der Oldenburger Kurzwellenfreunde","author":"Administrator","date":"November 19, 2011","format":false,"excerpt":"Hallo, mittlerweile steht der Termin f\u00fcr das n\u00e4chste Camp in Sandkrug fest, Termin steht auch im Kalender der Group: Auch dieses Jahr wird wieder das traditionelle DX\u00e2\u20ac\u0090Camp von uns in Sandkrug veranstaltet. Es wendet sich an alle, die sich f\u00fcr den Rundfunkfernempfang interessieren. Von Langwelle bis zur ultrakurzen Welle finden\u2026","rel":"","context":"In &quot;camps&quot;","block_context":{"text":"camps","link":"https:\/\/www.achimbrueckner.de\/dxradio\/php\/wordpress\/?cat=5"},"img":{"alt_text":"","src":"","width":0,"height":0},"classes":[]},{"id":1980,"url":"https:\/\/www.achimbrueckner.de\/dxradio\/php\/wordpress\/?p=1980","url_meta":{"origin":434,"position":1},"title":"5. OKF DX-Tag 21.01.2012","author":"Administrator","date":"November 25, 2011","format":false,"excerpt":"Hallo Hobbyfreunde, die Oldenburger Kurzwellenfreunde veranstalten am Sa. 21.01.2012 von 09:30 bis ?? Uhr den 5. OKF DX Tag in Oldenburg, Bootshaus des Post SV , Achterdiek. Wir treffen uns dort f\u00fcr einen Tag , um in noisearmer, empfangsg\u00fcnstiger Umgebung zu h\u00f6ren, reden, uns austauschen und einiges auszuprobieren. Diese Veranstaltung\u2026","rel":"","context":"In &quot;camps&quot;","block_context":{"text":"camps","link":"https:\/\/www.achimbrueckner.de\/dxradio\/php\/wordpress\/?cat=5"},"img":{"alt_text":"","src":"","width":0,"height":0},"classes":[]},{"id":339,"url":"https:\/\/www.achimbrueckner.de\/dxradio\/php\/wordpress\/?p=339","url_meta":{"origin":434,"position":2},"title":"Deutschlandradio 6005 Khz f\u00fcr immer ade","author":"Administrator","date":"September 4, 2007","format":false,"excerpt":"Die 6005 Khz von Deutschlandradio wird nicht wieder aufgebaut. Vor Monaten wurde durch einen Brand der Sender zerst\u00f6rt. Damit verschwindet eine geschichtstr\u00e4chtige 49m-Band Frequenz. Vor der Wende wurde \u00fcber dieses Frequenz RIAS Berlin verbreitet. Quelle: ukwtv.de Radioforum","rel":"","context":"In &quot;Deutsch&quot;","block_context":{"text":"Deutsch","link":"https:\/\/www.achimbrueckner.de\/dxradio\/php\/wordpress\/?cat=1"},"img":{"alt_text":"","src":"","width":0,"height":0},"classes":[]},{"id":332,"url":"https:\/\/www.achimbrueckner.de\/dxradio\/php\/wordpress\/?p=332","url_meta":{"origin":434,"position":3},"title":"Wittsmoorliste","author":"Administrator","date":"June 1, 2007","format":false,"excerpt":"Die Wittsmoorliste ist jetzt auch online erreichbar unter http:\/\/www.irt.de\/wittsmoor\/index.html. Sie liefert umfassendes Datenmaterial \u00fcber UKW- und TV-Sender in Deutschland. Info via Radioforum ukwtv.de","rel":"","context":"In &quot;links&quot;","block_context":{"text":"links","link":"https:\/\/www.achimbrueckner.de\/dxradio\/php\/wordpress\/?cat=7"},"img":{"alt_text":"","src":"","width":0,"height":0},"classes":[]},{"id":1302,"url":"https:\/\/www.achimbrueckner.de\/dxradio\/php\/wordpress\/?p=1302","url_meta":{"origin":434,"position":4},"title":"4. DX-Tag Oldenburger KW-Freunde","author":"Administrator","date":"January 12, 2011","format":false,"excerpt":"Die Oldenburger KW-Freunde veranstalten am 22.01.11, von 9:30Uhr MEZ bis ..., den 4.DX-Tag im Vereinsheim des Post SV direkt an der Hunte. Das Motto diesmal nicht wie die letzten Male \"Stephans Pappradio\" oder \"UKW-DX mit Perseus\", sondern es wird ein \"Analog-DX-Tag\". Keine Digitalanzeige erlaubt. Anmeldungen per email: Karl-J.Conrads(at)t-online.de. Wir freuen\u2026","rel":"","context":"In &quot;camps&quot;","block_context":{"text":"camps","link":"https:\/\/www.achimbrueckner.de\/dxradio\/php\/wordpress\/?cat=5"},"img":{"alt_text":"","src":"","width":0,"height":0},"classes":[]},{"id":436,"url":"https:\/\/www.achimbrueckner.de\/dxradio\/php\/wordpress\/?p=436","url_meta":{"origin":434,"position":5},"title":"Fernsehen unter dem Hakenkreuz","author":"Administrator","date":"February 26, 2009","format":false,"excerpt":"Programmhinweis: N24 am 28. Februar 13:05-14.00h History - Die Geschichte der Deutschen \"Fernsehen unter dem Hakenkreuz\" Info via Radioforum ukwtv.de","rel":"","context":"In &quot;Deutsch&quot;","block_context":{"text":"Deutsch","link":"https:\/\/www.achimbrueckner.de\/dxradio\/php\/wordpress\/?cat=1"},"img":{"alt_text":"","src":"","width":0,"height":0},"classes":[]}],"_links":{"self":[{"href":"https:\/\/www.achimbrueckner.de\/dxradio\/php\/wordpress\/index.php?rest_route=\/wp\/v2\/posts\/434","targetHints":{"allow":["GET"]}}],"collection":[{"href":"https:\/\/www.achimbrueckner.de\/dxradio\/php\/wordpress\/index.php?rest_route=\/wp\/v2\/posts"}],"about":[{"href":"https:\/\/www.achimbrueckner.de\/dxradio\/php\/wordpress\/index.php?rest_route=\/wp\/v2\/types\/post"}],"author":[{"embeddable":true,"href":"https:\/\/www.achimbrueckner.de\/dxradio\/php\/wordpress\/index.php?rest_route=\/wp\/v2\/users\/1"}],"replies":[{"embeddable":true,"href":"https:\/\/www.achimbrueckner.de\/dxradio\/php\/wordpress\/index.php?rest_route=%2Fwp%2Fv2%2Fcomments&post=434"}],"version-history":[{"count":0,"href":"https:\/\/www.achimbrueckner.de\/dxradio\/php\/wordpress\/index.php?rest_route=\/wp\/v2\/posts\/434\/revisions"}],"wp:attachment":[{"href":"https:\/\/www.achimbrueckner.de\/dxradio\/php\/wordpress\/index.php?rest_route=%2Fwp%2Fv2%2Fmedia&parent=434"}],"wp:term":[{"taxonomy":"category","embeddable":true,"href":"https:\/\/www.achimbrueckner.de\/dxradio\/php\/wordpress\/index.php?rest_route=%2Fwp%2Fv2%2Fcategories&post=434"},{"taxonomy":"post_tag","embeddable":true,"href":"https:\/\/www.achimbrueckner.de\/dxradio\/php\/wordpress\/index.php?rest_route=%2Fwp%2Fv2%2Ftags&post=434"}],"curies":[{"name":"wp","href":"https:\/\/api.w.org\/{rel}","templated":true}]}}