{"id":43447,"date":"2025-07-30T15:36:51","date_gmt":"2025-07-30T15:36:51","guid":{"rendered":"https:\/\/www.achimbrueckner.de\/dxradio\/php\/wordpress\/?p=43447"},"modified":"2025-07-30T15:36:51","modified_gmt":"2025-07-30T15:36:51","slug":"trump-und-die-medien-die-systematische-zerstorung-der-vierten-gewalt","status":"publish","type":"post","link":"https:\/\/www.achimbrueckner.de\/dxradio\/php\/wordpress\/?p=43447","title":{"rendered":"Trump und die Medien Die systematische Zerst\u00f6rung der vierten Gewalt"},"content":{"rendered":"<p><a href=\"https:\/\/www.spiegel.de\/kultur\/donald-trump-und-die-us-medien-die-systematische-zerstoerung-der-vierten-gewalt-a-f11741a7-84bc-4a50-86de-9067a0437afd\" target=\"_blank\">https:\/\/www.spiegel.de\/kultur\/donald-trump-und-die-us-medien-die-systematische-zerstoerung-der-vierten-gewalt-a-f11741a7-84bc-4a50-86de-9067a0437afd<\/a><\/p>\n","protected":false},"excerpt":{"rendered":"<p>https:\/\/www.spiegel.de\/kultur\/donald-trump-und-die-us-medien-die-systematische-zerstoerung-der-vierten-gewalt-a-f11741a7-84bc-4a50-86de-9067a0437afd<\/p>\n","protected":false},"author":1,"featured_media":0,"comment_status":"closed","ping_status":"open","sticky":false,"template":"","format":"standard","meta":{"_jetpack_memberships_contains_paid_content":false,"footnotes":"","jetpack_publicize_message":"","jetpack_publicize_feature_enabled":true,"jetpack_social_post_already_shared":true,"jetpack_social_options":{"image_generator_settings":{"template":"highway","default_image_id":0,"font":"","enabled":false},"version":2}},"categories":[1],"tags":[],"class_list":["post-43447","post","type-post","status-publish","format-standard","hentry","category-deutsch"],"jetpack_publicize_connections":[],"jetpack_featured_media_url":"","jetpack_sharing_enabled":true,"jetpack_shortlink":"https:\/\/wp.me\/p5CDmr-biL","jetpack-related-posts":[{"id":31159,"url":"https:\/\/www.achimbrueckner.de\/dxradio\/php\/wordpress\/?p=31159","url_meta":{"origin":43447,"position":0},"title":"Chef des Deutschlandradios: \u201eMedien sind nicht die vierte Gewalt\u201c","author":"Administrator","date":"December 15, 2020","format":false,"excerpt":"https:\/\/www.rnd.de\/medien\/medien-sind-nicht-die-vierte-gewalt-EJHLZJW5JFBOZLVWTRSS5VLJYU.html","rel":"","context":"In &quot;Deutsch&quot;","block_context":{"text":"Deutsch","link":"https:\/\/www.achimbrueckner.de\/dxradio\/php\/wordpress\/?cat=1"},"img":{"alt_text":"","src":"","width":0,"height":0},"classes":[]},{"id":11427,"url":"https:\/\/www.achimbrueckner.de\/dxradio\/php\/wordpress\/?p=11427","url_meta":{"origin":43447,"position":1},"title":"&#8220;Die sozialen Medien sind ziemlich asozial&#8221;","author":"Administrator","date":"December 17, 2016","format":false,"excerpt":"http:\/\/www.deutschlandfunk.de\/religion-und-gewalt-die-sozialen-medien-sind-ziemlich.694.de.html?dram%3Aarticle_id=374166","rel":"","context":"In &quot;Deutsch&quot;","block_context":{"text":"Deutsch","link":"https:\/\/www.achimbrueckner.de\/dxradio\/php\/wordpress\/?cat=1"},"img":{"alt_text":"","src":"","width":0,"height":0},"classes":[]},{"id":9059,"url":"https:\/\/www.achimbrueckner.de\/dxradio\/php\/wordpress\/?p=9059","url_meta":{"origin":43447,"position":2},"title":"Gewalt und Medien: Keine B\u00fchne f\u00fcr die T\u00e4ter","author":"Administrator","date":"August 6, 2016","format":false,"excerpt":"http:\/\/de.radiovaticana.va\/news\/2016\/08\/06\/gewalt_und_medien_keine_b%C3%BChne_f%C3%BCr_die_t%C3%A4ter\/1249652","rel":"","context":"In &quot;Deutsch&quot;","block_context":{"text":"Deutsch","link":"https:\/\/www.achimbrueckner.de\/dxradio\/php\/wordpress\/?cat=1"},"img":{"alt_text":"","src":"","width":0,"height":0},"classes":[]},{"id":3536,"url":"https:\/\/www.achimbrueckner.de\/dxradio\/php\/wordpress\/?p=3536","url_meta":{"origin":43447,"position":3},"title":"Syrien Mit flinker Radiotechnik gegen Gewalt","author":"Administrator","date":"September 16, 2014","format":false,"excerpt":"http:\/\/www.nzz.ch\/feuilleton\/medien\/mit-flinker-radiotechnik-gegen-gewalt-1.18384038","rel":"","context":"In &quot;Deutsch&quot;","block_context":{"text":"Deutsch","link":"https:\/\/www.achimbrueckner.de\/dxradio\/php\/wordpress\/?cat=1"},"img":{"alt_text":"","src":"","width":0,"height":0},"classes":[]},{"id":3509,"url":"https:\/\/www.achimbrueckner.de\/dxradio\/php\/wordpress\/?p=3509","url_meta":{"origin":43447,"position":4},"title":"Osterman Empf\u00e4ngerbuch Shortwave Receivers Past &#038; Present","author":"Administrator","date":"September 9, 2014","format":false,"excerpt":"Nun ist es bald soweit: Ab 16. September werden die ersten B\u00fccher der vierten Auflage weltweit ausgeliefert. Shortwave Receivers Past & Present Communications Receivers 1942-2013 http:\/\/www.universal-radio.com\/catalog\/books\/0004.html Info via A-DX","rel":"","context":"In &quot;Deutsch&quot;","block_context":{"text":"Deutsch","link":"https:\/\/www.achimbrueckner.de\/dxradio\/php\/wordpress\/?cat=1"},"img":{"alt_text":"","src":"","width":0,"height":0},"classes":[]},{"id":30329,"url":"https:\/\/www.achimbrueckner.de\/dxradio\/php\/wordpress\/?p=30329","url_meta":{"origin":43447,"position":5},"title":"lulu.fm feiert vierten Geburtstag und gibt diesen Herbst HUNDERT","author":"Administrator","date":"October 5, 2020","format":false,"excerpt":"https:\/\/www.radiowoche.de\/lulu-fm-feiert-vierten-geburtstag-und-gibt-diesen-herbst-hundert\/","rel":"","context":"In &quot;Deutsch&quot;","block_context":{"text":"Deutsch","link":"https:\/\/www.achimbrueckner.de\/dxradio\/php\/wordpress\/?cat=1"},"img":{"alt_text":"","src":"","width":0,"height":0},"classes":[]}],"_links":{"self":[{"href":"https:\/\/www.achimbrueckner.de\/dxradio\/php\/wordpress\/index.php?rest_route=\/wp\/v2\/posts\/43447","targetHints":{"allow":["GET"]}}],"collection":[{"href":"https:\/\/www.achimbrueckner.de\/dxradio\/php\/wordpress\/index.php?rest_route=\/wp\/v2\/posts"}],"about":[{"href":"https:\/\/www.achimbrueckner.de\/dxradio\/php\/wordpress\/index.php?rest_route=\/wp\/v2\/types\/post"}],"author":[{"embeddable":true,"href":"https:\/\/www.achimbrueckner.de\/dxradio\/php\/wordpress\/index.php?rest_route=\/wp\/v2\/users\/1"}],"replies":[{"embeddable":true,"href":"https:\/\/www.achimbrueckner.de\/dxradio\/php\/wordpress\/index.php?rest_route=%2Fwp%2Fv2%2Fcomments&post=43447"}],"version-history":[{"count":0,"href":"https:\/\/www.achimbrueckner.de\/dxradio\/php\/wordpress\/index.php?rest_route=\/wp\/v2\/posts\/43447\/revisions"}],"wp:attachment":[{"href":"https:\/\/www.achimbrueckner.de\/dxradio\/php\/wordpress\/index.php?rest_route=%2Fwp%2Fv2%2Fmedia&parent=43447"}],"wp:term":[{"taxonomy":"category","embeddable":true,"href":"https:\/\/www.achimbrueckner.de\/dxradio\/php\/wordpress\/index.php?rest_route=%2Fwp%2Fv2%2Fcategories&post=43447"},{"taxonomy":"post_tag","embeddable":true,"href":"https:\/\/www.achimbrueckner.de\/dxradio\/php\/wordpress\/index.php?rest_route=%2Fwp%2Fv2%2Ftags&post=43447"}],"curies":[{"name":"wp","href":"https:\/\/api.w.org\/{rel}","templated":true}]}}