{"id":43451,"date":"2025-07-31T14:52:28","date_gmt":"2025-07-31T14:52:28","guid":{"rendered":"https:\/\/www.achimbrueckner.de\/dxradio\/php\/wordpress\/?p=43451"},"modified":"2025-07-31T14:52:28","modified_gmt":"2025-07-31T14:52:28","slug":"nius-das-radio-jetzt-auch-in-niedersachsen-auf-dab","status":"publish","type":"post","link":"https:\/\/www.achimbrueckner.de\/dxradio\/php\/wordpress\/?p=43451","title":{"rendered":"NiUS \u2013 Das Radio jetzt auch in Niedersachsen auf DAB+"},"content":{"rendered":"<p><a href=\"https:\/\/www.radioblog.eu\/2025\/07\/31\/nius-das-radio-jetzt-auch-in-niedersachsen-auf-dab\/\" target=\"_blank\">https:\/\/www.radioblog.eu\/2025\/07\/31\/nius-das-radio-jetzt-auch-in-niedersachsen-auf-dab\/<\/a><\/p>\n","protected":false},"excerpt":{"rendered":"<p>https:\/\/www.radioblog.eu\/2025\/07\/31\/nius-das-radio-jetzt-auch-in-niedersachsen-auf-dab\/<\/p>\n","protected":false},"author":1,"featured_media":0,"comment_status":"closed","ping_status":"open","sticky":false,"template":"","format":"standard","meta":{"_jetpack_memberships_contains_paid_content":false,"footnotes":"","jetpack_publicize_message":"","jetpack_publicize_feature_enabled":true,"jetpack_social_post_already_shared":true,"jetpack_social_options":{"image_generator_settings":{"template":"highway","default_image_id":0,"font":"","enabled":false},"version":2}},"categories":[1],"tags":[],"class_list":["post-43451","post","type-post","status-publish","format-standard","hentry","category-deutsch"],"jetpack_publicize_connections":[],"jetpack_featured_media_url":"","jetpack_sharing_enabled":true,"jetpack_shortlink":"https:\/\/wp.me\/p5CDmr-biP","jetpack-related-posts":[{"id":45208,"url":"https:\/\/www.achimbrueckner.de\/dxradio\/php\/wordpress\/?p=45208","url_meta":{"origin":43451,"position":0},"title":"NIUS \u2013 Das Radio jetzt auch auf DAB+ in S\u00fcdhessen","author":"Administrator","date":"March 10, 2026","format":false,"excerpt":"https:\/\/www.radioblog.eu\/2026\/03\/09\/nius-das-radio-jetzt-auch-auf-dab-in-suedhessen\/","rel":"","context":"In &quot;Deutsch&quot;","block_context":{"text":"Deutsch","link":"https:\/\/www.achimbrueckner.de\/dxradio\/php\/wordpress\/?cat=1"},"img":{"alt_text":"","src":"","width":0,"height":0},"classes":[]},{"id":44694,"url":"https:\/\/www.achimbrueckner.de\/dxradio\/php\/wordpress\/?p=44694","url_meta":{"origin":43451,"position":1},"title":"NIUS Radio sendet jetzt auch in NRW auf DAB+","author":"Administrator","date":"January 1, 2026","format":false,"excerpt":"https:\/\/www.radioszene.de\/209119\/nius-radio-nrw-hessen.html","rel":"","context":"In &quot;Deutsch&quot;","block_context":{"text":"Deutsch","link":"https:\/\/www.achimbrueckner.de\/dxradio\/php\/wordpress\/?cat=1"},"img":{"alt_text":"","src":"","width":0,"height":0},"classes":[]},{"id":43320,"url":"https:\/\/www.achimbrueckner.de\/dxradio\/php\/wordpress\/?p=43320","url_meta":{"origin":43451,"position":2},"title":"NiUS \u2013 Das Radio auf DAB+ gestartet","author":"Administrator","date":"July 17, 2025","format":false,"excerpt":"https:\/\/www.radioblog.eu\/2025\/07\/17\/nius-das-radio-auf-dab-gestartet\/","rel":"","context":"In &quot;Deutsch&quot;","block_context":{"text":"Deutsch","link":"https:\/\/www.achimbrueckner.de\/dxradio\/php\/wordpress\/?cat=1"},"img":{"alt_text":"","src":"","width":0,"height":0},"classes":[]},{"id":45179,"url":"https:\/\/www.achimbrueckner.de\/dxradio\/php\/wordpress\/?p=45179","url_meta":{"origin":43451,"position":3},"title":"NIUS \u2013 Das Radio auf DAB+ in Hessen gestartet","author":"Administrator","date":"March 6, 2026","format":false,"excerpt":"https:\/\/www.radioblog.eu\/2026\/03\/06\/nius-das-radio-auf-dab-in-hessen-gestartet\/","rel":"","context":"In &quot;Deutsch&quot;","block_context":{"text":"Deutsch","link":"https:\/\/www.achimbrueckner.de\/dxradio\/php\/wordpress\/?cat=1"},"img":{"alt_text":"","src":"","width":0,"height":0},"classes":[]},{"id":44567,"url":"https:\/\/www.achimbrueckner.de\/dxradio\/php\/wordpress\/?p=44567","url_meta":{"origin":43451,"position":4},"title":"NIUS \u2013 Das Radio startet in Hessen auf DAB+","author":"Administrator","date":"December 17, 2025","format":false,"excerpt":"https:\/\/www.radioblog.eu\/2025\/12\/17\/nius-das-radio-startet-in-hessen-auf-dab\/","rel":"","context":"In &quot;Deutsch&quot;","block_context":{"text":"Deutsch","link":"https:\/\/www.achimbrueckner.de\/dxradio\/php\/wordpress\/?cat=1"},"img":{"alt_text":"","src":"","width":0,"height":0},"classes":[]},{"id":44576,"url":"https:\/\/www.achimbrueckner.de\/dxradio\/php\/wordpress\/?p=44576","url_meta":{"origin":43451,"position":5},"title":"NIUS RADIO k\u00fcnftig auch in Hessen \u00fcber DAB+ verf\u00fcgbar","author":"Administrator","date":"December 17, 2025","format":false,"excerpt":"https:\/\/www.radioszene.de\/208836\/nius-das-radio-hessen.html","rel":"","context":"In &quot;Deutsch&quot;","block_context":{"text":"Deutsch","link":"https:\/\/www.achimbrueckner.de\/dxradio\/php\/wordpress\/?cat=1"},"img":{"alt_text":"","src":"","width":0,"height":0},"classes":[]}],"_links":{"self":[{"href":"https:\/\/www.achimbrueckner.de\/dxradio\/php\/wordpress\/index.php?rest_route=\/wp\/v2\/posts\/43451","targetHints":{"allow":["GET"]}}],"collection":[{"href":"https:\/\/www.achimbrueckner.de\/dxradio\/php\/wordpress\/index.php?rest_route=\/wp\/v2\/posts"}],"about":[{"href":"https:\/\/www.achimbrueckner.de\/dxradio\/php\/wordpress\/index.php?rest_route=\/wp\/v2\/types\/post"}],"author":[{"embeddable":true,"href":"https:\/\/www.achimbrueckner.de\/dxradio\/php\/wordpress\/index.php?rest_route=\/wp\/v2\/users\/1"}],"replies":[{"embeddable":true,"href":"https:\/\/www.achimbrueckner.de\/dxradio\/php\/wordpress\/index.php?rest_route=%2Fwp%2Fv2%2Fcomments&post=43451"}],"version-history":[{"count":0,"href":"https:\/\/www.achimbrueckner.de\/dxradio\/php\/wordpress\/index.php?rest_route=\/wp\/v2\/posts\/43451\/revisions"}],"wp:attachment":[{"href":"https:\/\/www.achimbrueckner.de\/dxradio\/php\/wordpress\/index.php?rest_route=%2Fwp%2Fv2%2Fmedia&parent=43451"}],"wp:term":[{"taxonomy":"category","embeddable":true,"href":"https:\/\/www.achimbrueckner.de\/dxradio\/php\/wordpress\/index.php?rest_route=%2Fwp%2Fv2%2Fcategories&post=43451"},{"taxonomy":"post_tag","embeddable":true,"href":"https:\/\/www.achimbrueckner.de\/dxradio\/php\/wordpress\/index.php?rest_route=%2Fwp%2Fv2%2Ftags&post=43451"}],"curies":[{"name":"wp","href":"https:\/\/api.w.org\/{rel}","templated":true}]}}